{"id":5455,"date":"2020-05-13T13:43:11","date_gmt":"2020-05-13T16:43:11","guid":{"rendered":"https:\/\/www.cpaps.com.br\/blog\/?p=5455"},"modified":"2026-06-18T21:31:22","modified_gmt":"2026-06-19T00:31:22","slug":"sono-e-coronavirus","status":"publish","type":"post","link":"https:\/\/www.cpaps.com.br\/mundo-do-sono\/sono-e-coronavirus\/","title":{"rendered":"Sono e coronav\u00edrus: qual a rela\u00e7\u00e3o?"},"content":{"rendered":"<p>Voc\u00ea, provavelmente, j\u00e1 ouviu falar que a <a href=\"https:\/\/www.cpaps.com.br\/blog\/fases-do-sono\/\">fun\u00e7\u00e3o do<\/a><a href=\"https:\/\/www.cpaps.com.br\/blog\/fases-do-sono\/\"><strong> sono<\/strong><\/a> \u00e9 restaurar. Mas, sabia que o principal motivo pelo qual precisamos recuperar as energias \u00e9 porque, dessa forma, o corpo fica descansado e, consequentemente, nossa imunidade aumenta? Al\u00e9m disso, com o sistema imunol\u00f3gico enfraquecido as chances de contrair doen\u00e7as infecciosas, como o <strong>coronav\u00edrus<\/strong>, aumentam (e muito!). Entenda neste post de que forma um <a href=\"https:\/\/www.cpaps.com.br\/blog\/qualidade-sono-afeta-imunidade\/\"><strong>sono<\/strong><\/a><a href=\"https:\/\/www.cpaps.com.br\/blog\/qualidade-sono-afeta-imunidade\/\"> completo e reparador fortalece a imunidade<\/a> e evita e\/ou ajuda a combater a <strong>COVID-19<\/strong>.<\/p>\n<p style=\"text-align: center;\"><em>Veja tamb\u00e9m: <\/em><a href=\"https:\/\/www.cpaps.com.br\/blog\/danos-que-uma-noite-mal-dormida-podem-causar\/\"><em>Danos que uma noite mal dormida podem causar ao c\u00e9rebro<\/em><\/a><em>\u00a0<\/em><\/p>\n<h2><strong>Dormir pouco enfraquece a imunidade do corpo<\/strong><strong>\u00a0<\/strong><\/h2>\n<p>Com um dia a dia cada vez mais corrido e atarefado, as pessoas t\u00eam dormido pouco e apresentado quadros de baixa imunidade. De acordo com um estudo realizado por especialistas da National Sleep Foundation, adultos entre 18 e 64 anos devem dormir entre 7 e\u00a0 9 horas. O pouco <a href=\"https:\/\/www.cpaps.com.br\/blog\/quantas-horas-e-preciso-dormir\/\">tempo de <\/a><a href=\"https:\/\/www.cpaps.com.br\/blog\/quantas-horas-e-preciso-dormir\/\"><strong>sono<\/strong><\/a> contribui para a libera\u00e7\u00e3o de cortisol, um horm\u00f4nio relacionado ao estresse que, em excesso, diminui a rea\u00e7\u00e3o de defesa do organismo, ou seja, enfraquece o sistema imunol\u00f3gico.<\/p>\n<p>Uma outra pesquisa que tamb\u00e9m se relaciona ao <strong>sono<\/strong> e a imunidade baixa \u00e9 o estudo feito por profissionais da Universidade da Calif\u00f3rnia, nos Estados Unidos. A an\u00e1lise aponta um risco de ficar resfriado 4,5 vezes maior em indiv\u00edduos que dormem por menos de cinco horas por dia.<\/p><div id=\"cpaps-3061495517\" class=\"cpaps-desktop-single-post-content cpaps-entity-placement\" style=\"margin-left: auto;margin-right: auto;text-align: center;\"><a data-no-instant=\"1\" href=\"https:\/\/www.cpaps.com.br\/mascaras?utm_source=blog&#038;utm_medium=banner&#038;utm_campaign=mascaras\" rel=\"noopener\" class=\"a2t-link\" target=\"_blank\" aria-label=\"Banner_desktop___Meio_de_pagina001\"><img loading=\"lazy\" decoding=\"async\" src=\"https:\/\/www.cpaps.com.br\/mundo-do-sono\/wp-content\/uploads\/2025\/03\/Banner_desktop___Meio_de_pagina001.webp\" alt=\"\"  srcset=\"https:\/\/www.cpaps.com.br\/mundo-do-sono\/wp-content\/uploads\/2025\/03\/Banner_desktop___Meio_de_pagina001.webp 1920w, https:\/\/www.cpaps.com.br\/mundo-do-sono\/wp-content\/uploads\/2025\/03\/Banner_desktop___Meio_de_pagina001-768x111.webp 768w, https:\/\/www.cpaps.com.br\/mundo-do-sono\/wp-content\/uploads\/2025\/03\/Banner_desktop___Meio_de_pagina001-1024x148.webp 1024w, https:\/\/www.cpaps.com.br\/mundo-do-sono\/wp-content\/uploads\/2025\/03\/Banner_desktop___Meio_de_pagina001-1536x222.webp 1536w\" sizes=\"(max-width: 1920px) 100vw, 1920px\" width=\"1920\" height=\"277\"   \/><\/a><\/div>\n<h2><strong>Como fortalecer a imunidade para enfrentar o coronav\u00edrus?<\/strong><\/h2>\n<p>De acordo com o fisioterapeuta e especialista CPAPS, Eduardo Partata, priorizar a <a href=\"https:\/\/www.cpaps.com.br\/blog\/qualidade-do-sono-como-anda-a-sua-descubra-agora\/\">qualidade do <\/a><a href=\"https:\/\/www.cpaps.com.br\/blog\/qualidade-do-sono-como-anda-a-sua-descubra-agora\/\"><strong>sono<\/strong><\/a> \u00e9 fundamental para fortalecer a imunidade e combater o <strong>coronav\u00edrus<\/strong>. Existem, no entanto, outras medidas capazes de manter o bom desempenho do sistema imunol\u00f3gico.<\/p>\n<p>\u201cBeber bastante \u00e1gua ao longo do dia; praticar <a href=\"https:\/\/www.cpaps.com.br\/blog\/entenda-como-atividade-fisica-pode-reduzir-o-ronco\/\">exerc\u00edcios f\u00edsicos<\/a> moderados (vale ressaltar que se estiver infectado, as atividades devem ser suspensas) e alimentar-se corretamente (com frutas, verduras e legumes), s\u00e3o atitudes que ajudam a fortalecer ainda mais a imunidade, pois estimulam o bom funcionamento do corpo\u201d, finaliza.<\/p>\n<h2><strong>Conhe\u00e7a a CPAPS!<\/strong><strong>\u00a0<\/strong><\/h2>\n<p>Aqui no <a href=\"https:\/\/www.cpaps.com.br\/blog\">blog da CPAPS<\/a>, voc\u00ea encontra as melhores dicas para dormir bem e manter um sono reparador. Separamos outros conte\u00fados que podem te interessar. Confira abaixo:<\/p>\n<p><a href=\"https:\/\/www.cpaps.com.br\/blog\/saiba-como-o-uso-de-eletronicos-pode-prejudicar-o-seu-sono\/\">Como o uso de aparelhos eletr\u00f4nicos pode prejudicar seu sono?<\/a><\/p>\n<p><a href=\"https:\/\/www.cpaps.com.br\/blog\/fases-do-sono\/\">Fases do sono: conhe\u00e7a a import\u00e2ncia de cada uma delas<\/a><\/p>\n<p>&nbsp;<\/p>\n<p><strong>Fonte: Eduardo Partata \u2013 fisioterapeuta \u2013 CREFITO \u2013 3\/121685-F<\/strong><\/p>\n\n\n<div class=\"kk-star-ratings kksr-auto kksr-align-center kksr-valign-bottom\"\n    data-payload='{&quot;align&quot;:&quot;center&quot;,&quot;id&quot;:&quot;5455&quot;,&quot;slug&quot;:&quot;default&quot;,&quot;valign&quot;:&quot;bottom&quot;,&quot;ignore&quot;:&quot;&quot;,&quot;reference&quot;:&quot;auto&quot;,&quot;class&quot;:&quot;&quot;,&quot;count&quot;:&quot;0&quot;,&quot;legendonly&quot;:&quot;&quot;,&quot;readonly&quot;:&quot;&quot;,&quot;score&quot;:&quot;0&quot;,&quot;starsonly&quot;:&quot;&quot;,&quot;best&quot;:&quot;5&quot;,&quot;gap&quot;:&quot;5&quot;,&quot;greet&quot;:&quot;Avalie este post&quot;,&quot;legend&quot;:&quot;0\\\/5 - (0 voto)&quot;,&quot;size&quot;:&quot;24&quot;,&quot;title&quot;:&quot;Sono e coronav\u00edrus: qual a rela\u00e7\u00e3o?&quot;,&quot;width&quot;:&quot;0&quot;,&quot;_legend&quot;:&quot;{score}\\\/{best} - ({count} {votes})&quot;,&quot;font_factor&quot;:&quot;1.25&quot;}'>\n            \n<div class=\"kksr-stars\">\n    \n<div class=\"kksr-stars-inactive\">\n            <div class=\"kksr-star\" data-star=\"1\" style=\"padding-right: 5px\">\n            \n\n<div class=\"kksr-icon\" style=\"width: 24px; height: 24px;\"><\/div>\n        <\/div>\n            <div class=\"kksr-star\" data-star=\"2\" style=\"padding-right: 5px\">\n            \n\n<div class=\"kksr-icon\" style=\"width: 24px; height: 24px;\"><\/div>\n        <\/div>\n            <div class=\"kksr-star\" data-star=\"3\" style=\"padding-right: 5px\">\n            \n\n<div class=\"kksr-icon\" style=\"width: 24px; height: 24px;\"><\/div>\n        <\/div>\n            <div class=\"kksr-star\" data-star=\"4\" style=\"padding-right: 5px\">\n            \n\n<div class=\"kksr-icon\" style=\"width: 24px; height: 24px;\"><\/div>\n        <\/div>\n            <div class=\"kksr-star\" data-star=\"5\" style=\"padding-right: 5px\">\n            \n\n<div class=\"kksr-icon\" style=\"width: 24px; height: 24px;\"><\/div>\n        <\/div>\n    <\/div>\n    \n<div class=\"kksr-stars-active\" style=\"width: 0px;\">\n            <div class=\"kksr-star\" style=\"padding-right: 5px\">\n            \n\n<div class=\"kksr-icon\" style=\"width: 24px; height: 24px;\"><\/div>\n        <\/div>\n            <div class=\"kksr-star\" style=\"padding-right: 5px\">\n            \n\n<div class=\"kksr-icon\" style=\"width: 24px; height: 24px;\"><\/div>\n        <\/div>\n            <div class=\"kksr-star\" style=\"padding-right: 5px\">\n            \n\n<div class=\"kksr-icon\" style=\"width: 24px; height: 24px;\"><\/div>\n        <\/div>\n            <div class=\"kksr-star\" style=\"padding-right: 5px\">\n            \n\n<div class=\"kksr-icon\" style=\"width: 24px; height: 24px;\"><\/div>\n        <\/div>\n            <div class=\"kksr-star\" style=\"padding-right: 5px\">\n            \n\n<div class=\"kksr-icon\" style=\"width: 24px; height: 24px;\"><\/div>\n        <\/div>\n    <\/div>\n<\/div>\n                \n\n<div class=\"kksr-legend\" style=\"font-size: 19.2px;\">\n            <span class=\"kksr-muted\">Avalie este post<\/span>\n    <\/div>\n    <\/div>\n","protected":false},"excerpt":{"rendered":"<p>Voc\u00ea, provavelmente, j\u00e1 ouviu falar que a fun\u00e7\u00e3o do sono \u00e9 restaurar. Mas, sabia que o principal motivo pelo qual precisamos recuperar as energias \u00e9 porque, dessa forma, o corpo fica descansado e, consequentemente, nossa imunidade aumenta? Al\u00e9m disso, com o sistema imunol\u00f3gico enfraquecido as chances de contrair doen\u00e7as infecciosas, como o coronav\u00edrus, aumentam (e [&hellip;]<\/p>\n","protected":false},"author":70,"featured_media":5456,"comment_status":"open","ping_status":"closed","sticky":false,"template":"","format":"standard","meta":{"_acf_changed":false,"_gspb_post_css":"","footnotes":"","rank_math_title":"%title% Sono e coronav\u00edrus: qual a rela\u00e7\u00e3o?","rank_math_description":"Entenda neste post de que forma um sono completo e reparador fortalece a imunidade e evita e\/ou ajuda a combater o coronav\u00edrus.","rank_math_focus_keyword":"sono e coronav\u00edrus","rank_math_canonical_url":"","rank_math_robots":null,"rank_math_advanced_robots":"","rank_math_facebook_title":"","rank_math_facebook_description":"","rank_math_facebook_image":"","rank_math_facebook_image_id":"","rank_math_twitter_title":"","rank_math_twitter_description":"","rank_math_twitter_image":"","rank_math_twitter_card_type":"","rank_math_schema_Article":"","rank_math_schema_FAQPage":"","rank_math_schema_HowTo":"","rank_math_rich_snippet":"","rank_math_primary_category":"2","rank_math_seo_score":"","rank_math_internal_links_processed":"1"},"categories":[1630,1629],"tags":[835,840,14],"class_list":["post-5455","post","type-post","status-publish","format-standard","has-post-thumbnail","hentry","category-apneia-do-sono-disturbios-do-sono","category-disturbios-do-sono","tag-coronavirus","tag-covid-19","tag-sono"],"blocksy_meta":{"styles_descriptor":{"styles":{"desktop":"","tablet":"","mobile":""},"google_fonts":[],"version":7}},"acf":[],"_links":{"self":[{"href":"https:\/\/www.cpaps.com.br\/mundo-do-sono\/wp-json\/wp\/v2\/posts\/5455","targetHints":{"allow":["GET"]}}],"collection":[{"href":"https:\/\/www.cpaps.com.br\/mundo-do-sono\/wp-json\/wp\/v2\/posts"}],"about":[{"href":"https:\/\/www.cpaps.com.br\/mundo-do-sono\/wp-json\/wp\/v2\/types\/post"}],"author":[{"embeddable":true,"href":"https:\/\/www.cpaps.com.br\/mundo-do-sono\/wp-json\/wp\/v2\/users\/70"}],"replies":[{"embeddable":true,"href":"https:\/\/www.cpaps.com.br\/mundo-do-sono\/wp-json\/wp\/v2\/comments?post=5455"}],"version-history":[{"count":1,"href":"https:\/\/www.cpaps.com.br\/mundo-do-sono\/wp-json\/wp\/v2\/posts\/5455\/revisions"}],"predecessor-version":[{"id":19797,"href":"https:\/\/www.cpaps.com.br\/mundo-do-sono\/wp-json\/wp\/v2\/posts\/5455\/revisions\/19797"}],"wp:featuredmedia":[{"embeddable":true,"href":"https:\/\/www.cpaps.com.br\/mundo-do-sono\/wp-json\/wp\/v2\/media\/5456"}],"wp:attachment":[{"href":"https:\/\/www.cpaps.com.br\/mundo-do-sono\/wp-json\/wp\/v2\/media?parent=5455"}],"wp:term":[{"taxonomy":"category","embeddable":true,"href":"https:\/\/www.cpaps.com.br\/mundo-do-sono\/wp-json\/wp\/v2\/categories?post=5455"},{"taxonomy":"post_tag","embeddable":true,"href":"https:\/\/www.cpaps.com.br\/mundo-do-sono\/wp-json\/wp\/v2\/tags?post=5455"}],"curies":[{"name":"wp","href":"https:\/\/api.w.org\/{rel}","templated":true}]}}