{"id":3946,"date":"2022-05-13T08:00:59","date_gmt":"2022-05-13T11:00:59","guid":{"rendered":"https:\/\/www.cpaps.com.br\/blog\/?p=3946"},"modified":"2026-06-18T21:30:22","modified_gmt":"2026-06-19T00:30:22","slug":"apneia-do-sono-pode-contribuir-com-refluxo","status":"publish","type":"post","link":"https:\/\/www.cpaps.com.br\/mundo-do-sono\/apneia-do-sono-pode-contribuir-com-refluxo\/","title":{"rendered":"Refluxo e apneia do sono: entenda a rela\u00e7\u00e3o entre eles"},"content":{"rendered":"<p><span style=\"font-weight: 400;\">O <\/span><b>refluxo <\/b><span style=\"font-weight: 400;\">\u00e9 um problema que atinge uma em cada 5 pessoas no Brasil, e, ainda que seja comum, muitos n\u00e3o sabem identificar os sintomas. Geralmente, o refluxo costuma ser uma doen\u00e7a cur\u00e1vel e, em casos mais severos, control\u00e1vel a partir de mudan\u00e7as de h\u00e1bitos e um diagn\u00f3stico mais aprofundado.\u00a0<\/span><\/p>\n<p><span style=\"font-weight: 400;\">No entanto, estima-se que quem tem<\/span><a href=\"https:\/\/www.cpaps.com.br\/blog\/apneia-do-sono-tem-cura\/\"> <b>apneia do sono<\/b><\/a><span style=\"font-weight: 400;\"> relata problemas com refluxo mais frequentemente, j\u00e1 que ambos os problemas impactam a hora de dormir e a rotina durante o dia. Para isso, a<\/span><a href=\"https:\/\/www.cpaps.com.br\/\"> <b>CPAPS<\/b><\/a><span style=\"font-weight: 400;\"> ir\u00e1 explicar tudo o que voc\u00ea precisa saber sobre a rela\u00e7\u00e3o entre esses dois fatores, como diferenci\u00e1-los e formas de tratamento para voc\u00ea dormir melhor!<\/span><\/p>\n<h2><b>Refluxo gastroesof\u00e1gico: entenda o que \u00e9<\/b><\/h2>\n<p><span style=\"font-weight: 400;\">De acordo com<\/span><a href=\"https:\/\/www.tuasaude.com\/refluxo-gastrico\" target=\"_blank\" rel=\"noopener\"> <span style=\"font-weight: 400;\">especialistas<\/span><\/a><span style=\"font-weight: 400;\">, o refluxo, tamb\u00e9m conhecido como <\/span><b>refluxo gastroesof\u00e1gico<\/b><span style=\"font-weight: 400;\">, \u00e9 uma inflama\u00e7\u00e3o causada no es\u00f4fago a partir da acidez do suco g\u00e1strico &#8211; que tem a fun\u00e7\u00e3o de realizar a digest\u00e3o de alimentos, tornando mais f\u00e1cil para o organismo adquirir os nutrientes necess\u00e1rios. Tudo o que n\u00e3o \u00e9 absorvido, \u00e9 reunido em um bolo estomacal e eliminado por n\u00f3s atrav\u00e9s das fezes.<\/span><\/p>\n<p><span style=\"font-weight: 400;\">No entanto, em alguns casos, pode ocorrer do est\u00f4mago produzir mais desse suco g\u00e1strico do que o necess\u00e1rio. Isso prejudica a digest\u00e3o e, pelo alto pH, tamb\u00e9m prejudica o revestimento do est\u00f4mago e do es\u00f4fago. Sendo assim, quando esse \u00e1cido excessivo entra em contato com as mucosas do es\u00f4fago, podemos sentir uma sensa\u00e7\u00e3o de queima\u00e7\u00e3o que percorre at\u00e9 o peito. Isso \u00e9 o que, popularmente, chamamos de azia.\u00a0<\/span><\/p><div id=\"cpaps-3913834020\" class=\"cpaps-desktop-single-post-content cpaps-entity-placement\" style=\"margin-left: auto;margin-right: auto;text-align: center;\"><a data-no-instant=\"1\" href=\"https:\/\/www.cpaps.com.br\/mascaras?utm_source=blog&#038;utm_medium=banner&#038;utm_campaign=mascaras\" rel=\"noopener\" class=\"a2t-link\" target=\"_blank\" aria-label=\"Banner_desktop___Meio_de_pagina001\"><img loading=\"lazy\" decoding=\"async\" src=\"https:\/\/www.cpaps.com.br\/mundo-do-sono\/wp-content\/uploads\/2025\/03\/Banner_desktop___Meio_de_pagina001.webp\" alt=\"\"  srcset=\"https:\/\/www.cpaps.com.br\/mundo-do-sono\/wp-content\/uploads\/2025\/03\/Banner_desktop___Meio_de_pagina001.webp 1920w, https:\/\/www.cpaps.com.br\/mundo-do-sono\/wp-content\/uploads\/2025\/03\/Banner_desktop___Meio_de_pagina001-768x111.webp 768w, https:\/\/www.cpaps.com.br\/mundo-do-sono\/wp-content\/uploads\/2025\/03\/Banner_desktop___Meio_de_pagina001-1024x148.webp 1024w, https:\/\/www.cpaps.com.br\/mundo-do-sono\/wp-content\/uploads\/2025\/03\/Banner_desktop___Meio_de_pagina001-1536x222.webp 1536w\" sizes=\"(max-width: 1920px) 100vw, 1920px\" width=\"1920\" height=\"277\"   \/><\/a><\/div>\n<p><span style=\"font-weight: 400;\">De forma simplificada, o refluxo recebe esse nome justamente porque o \u00e1cido presente no est\u00f4mago faz esse caminho contr\u00e1rio, o que causa o mal-estar.<\/span><\/p>\n<h3><span style=\"font-weight: 400;\">Descubra o que causa o problema<\/span><\/h3>\n<p><span style=\"font-weight: 400;\">Uma das principais causas para o refluxo \u00e9 a alimenta\u00e7\u00e3o. Quando ingerimos comidas muito \u00e1cidas ou que possuam subst\u00e2ncias mais complexas em sua composi\u00e7\u00e3o &#8211; que exigem mais tempo at\u00e9 o corpo absorver &#8211; nosso organismo aumenta a produ\u00e7\u00e3o do \u00e1cido. Latic\u00ednios, chocolates, caf\u00e9, bebidas alco\u00f3licas, frituras e carboidratos costumam ser os principais \u201cvil\u00f5es\u201d.\u00a0<\/span><\/p>\n<p><span style=\"font-weight: 400;\">Contudo, quando come\u00e7amos a apresentar epis\u00f3dios mais constantes, muitas pessoas acabam descobrindo que s\u00e3o intolerantes a subst\u00e2ncias espec\u00edficas. Ent\u00e3o, a hereditariedade, ou seja, heran\u00e7a gen\u00e9tica, pode definir como determinada pessoa consumir\u00e1 um alimento.\u00a0<\/span><\/p>\n<p><span style=\"font-weight: 400;\">Um exemplo disso \u00e9 a intoler\u00e2ncia \u00e0 lactose, um tipo de a\u00e7\u00facar encontrado exclusivamente no leite e seus derivados, que causam a indigest\u00e3o nas pessoas que possuem esse tipo de restri\u00e7\u00e3o alimentar.<\/span><\/p>\n<h3><span style=\"font-weight: 400;\">Refluxo: sintomas<\/span><\/h3>\n<ul>\n<li style=\"font-weight: 400;\" aria-level=\"1\"><span style=\"font-weight: 400;\">Sensa\u00e7\u00e3o de queima\u00e7\u00e3o no peito;<\/span><\/li>\n<li style=\"font-weight: 400;\" aria-level=\"1\"><span style=\"font-weight: 400;\">Arrotos;<\/span><\/li>\n<li style=\"font-weight: 400;\" aria-level=\"1\"><span style=\"font-weight: 400;\">Tosse seca;<\/span><\/li>\n<li style=\"font-weight: 400;\" aria-level=\"1\"><b>Refluxo causa falta de ar<\/b><span style=\"font-weight: 400;\">;<\/span><\/li>\n<li style=\"font-weight: 400;\" aria-level=\"1\"><span style=\"font-weight: 400;\">N\u00e1useas (ou at\u00e9 mesmo v\u00f4mito);<\/span><\/li>\n<li style=\"font-weight: 400;\" aria-level=\"1\"><span style=\"font-weight: 400;\">Dificuldade para realizar a refei\u00e7\u00e3o; e<\/span><\/li>\n<li style=\"font-weight: 400;\" aria-level=\"1\"><span style=\"font-weight: 400;\">Dificuldades para dormir (quando o epis\u00f3dio ocorre no per\u00edodo noturno).<\/span><\/li>\n<\/ul>\n<h3><span style=\"font-weight: 400;\">Refluxo pode matar?<\/span><\/h3>\n<p><span style=\"font-weight: 400;\">Como voc\u00ea viu at\u00e9 aqui, o refluxo \u00e9 um problema bastante inc\u00f4modo e, para algumas pessoas, at\u00e9 mesmo incapacitante. No entanto, \u00e9 um problema capaz de ser tratado ap\u00f3s consultas com um m\u00e9dico gastroenterologista.<\/span><\/p>\n<p><span style=\"font-weight: 400;\">Quando n\u00e3o tratada, o refluxo pode desencadear outros problemas no sistema digestivo. A gastrite \u00e9 um deles, caracterizado por feridas na mucosa do est\u00f4mago (e que chegam at\u00e9 a garganta e a boca, gerando as famosas aftas), causando uma dor aguda e que pode at\u00e9 mesmo impedir a pessoa de se alimentar propriamente. Al\u00e9m disso, a \u00falcera tamb\u00e9m pode acometer esses pacientes, que, por fim, \u00e9 capaz de evoluir para um quadro de c\u00e2ncer no est\u00f4mago.<\/span><i><\/i><\/p>\n<figure id=\"attachment_13378\" aria-describedby=\"caption-attachment-13378\" style=\"width: 1000px\" class=\"wp-caption aligncenter\"><img loading=\"lazy\" decoding=\"async\" class=\"size-full wp-image-13378\" src=\"https:\/\/www.cpaps.com.br\/blog\/wp-content\/uploads\/2022\/01\/refluxo-causa-queimacao.jpg\" alt=\"refluxo causa queima\u00e7\u00e3o\" width=\"1000\" height=\"667\" srcset=\"https:\/\/www.cpaps.com.br\/mundo-do-sono\/wp-content\/uploads\/2022\/01\/refluxo-causa-queimacao.jpg 1000w, https:\/\/www.cpaps.com.br\/mundo-do-sono\/wp-content\/uploads\/2022\/01\/refluxo-causa-queimacao-768x512.jpg 768w\" sizes=\"auto, (max-width: 1000px) 100vw, 1000px\" \/><figcaption id=\"caption-attachment-13378\" class=\"wp-caption-text\">O refluxo causa uma forte sensa\u00e7\u00e3o de queima\u00e7\u00e3o no est\u00f4mago.<\/figcaption><\/figure>\n<p><span style=\"font-weight: 400;\">Outro fator consider\u00e1vel que atrelado ao refluxo \u00e9 a broncoaspira\u00e7\u00e3o do suco g\u00e1strico. Isso ocorre quando, por conta da acidez excessiva, o corpo tenta expelir esse l\u00edquido atrav\u00e9s do v\u00f4mito. Mas, durante seu caminho, essa secre\u00e7\u00e3o acaba indo parar nos pulm\u00f5es.\u00a0<\/span><\/p>\n<p><span style=\"font-weight: 400;\">Essa condi\u00e7\u00e3o, entretanto, \u00e9 bastante rara, especialmente em pessoas adultas. Beb\u00eas e crian\u00e7as, com fase de desenvolvimento, podem lidar com isso mais frequentemente quando est\u00e3o dormindo. Por isso, \u00e9 essencial que os pais e a fam\u00edlia estejam sempre atentos para os epis\u00f3dios de golfo.<\/span><\/p>\n<p><b>+ <\/b><a href=\"https:\/\/www.cpaps.com.br\/blog\/engasgo-ao-dormir-apneia-do-sono\/\"><b>Engasgo ao dormir: o que \u00e9 e como est\u00e1 relacionado \u00e0 apneia do sono<\/b><\/a><\/p>\n<h2><b>Refluxo gastroesof\u00e1gico x Apneia: entenda a rela\u00e7\u00e3o<\/b><\/h2>\n<p><span style=\"font-weight: 400;\">A apneia do sono \u00e9 classificada como interrup\u00e7\u00f5es na respira\u00e7\u00e3o durante o sono, sendo divididas em diferentes est\u00e1gios de gravidade. O ronco, sintoma mais comum dessa doen\u00e7a, pode estar atrelado com o refluxo, principalmente caso o paciente tenha se alimentado ou ingerido bebidas alco\u00f3licas.\u00a0<\/span><\/p>\n<p><span style=\"font-weight: 400;\">Isso ocorre porque, quando nos alimentamos, o metabolismo sofre uma altera\u00e7\u00e3o em sua velocidade, destinando mais energia e fluxo sangu\u00edneo para a regi\u00e3o do est\u00f4mago que funciona melhor. Essa \u00e9 uma explica\u00e7\u00e3o do motivo pelo qual sentimos maior sonol\u00eancia ap\u00f3s uma refei\u00e7\u00e3o.\u00a0<\/span><\/p>\n<p><span style=\"font-weight: 400;\">J\u00e1 com rela\u00e7\u00e3o \u00e0s bebidas alco\u00f3licas, que s\u00e3o depressoras do sistema nervoso, h\u00e1 o relaxamento dos m\u00fasculos do corpo todo. Sendo assim, tamb\u00e9m ficamos mais sonolentos, e a probabilidade do ronco acontecer \u00e9 maior, j\u00e1 que os m\u00fasculos da garganta e da l\u00edngua est\u00e3o menos tensos.<\/span><\/p>\n<p><span style=\"font-weight: 400;\">Em ambos os cen\u00e1rios, o refluxo e a apneia do sono podem ocorrer simultaneamente. A primeira, pela digest\u00e3o mais dif\u00edcil, e a segunda, pela dificuldade de respirar, impactada tamb\u00e9m pela digest\u00e3o.<\/span><\/p>\n<h2><b>O refluxo tem cura?<\/b><\/h2>\n<p><span style=\"font-weight: 400;\">Sim! O tratamento para o refluxo gastroesof\u00e1gico se d\u00e1 por meio de altera\u00e7\u00f5es no estilo de vida do paciente. Contudo, caso os sintomas n\u00e3o apresentem melhora, o seu m\u00e9dico pode indicar o uso de alguns medicamentos que podem ser utilizados por um grande per\u00edodo de tempo ou apenas para tratar as crises de sintomas.<\/span><\/p>\n<p><span style=\"font-weight: 400;\">No entanto, para o tratamento da apneia do sono, o primeiro passo \u00e9 realizar uma<\/span><a href=\"https:\/\/www.cpaps.com.br\/blog\/polissonografia-basal\/\"> <b>polissonografia basal<\/b><\/a><span style=\"font-weight: 400;\">, um exame que detecta poss\u00edveis altera\u00e7\u00f5es no sono por meio de sensores colocados sobre a pele, que identificam o registro das ondas cerebrais, o n\u00edvel de oxig\u00eanio no sangue, frequ\u00eancia card\u00edaca e respirat\u00f3ria, al\u00e9m do movimento dos olhos e das pernas.<\/span><\/p>\n\n\n<div class=\"kk-star-ratings kksr-auto kksr-align-center kksr-valign-bottom\"\n    data-payload='{&quot;align&quot;:&quot;center&quot;,&quot;id&quot;:&quot;3946&quot;,&quot;slug&quot;:&quot;default&quot;,&quot;valign&quot;:&quot;bottom&quot;,&quot;ignore&quot;:&quot;&quot;,&quot;reference&quot;:&quot;auto&quot;,&quot;class&quot;:&quot;&quot;,&quot;count&quot;:&quot;2&quot;,&quot;legendonly&quot;:&quot;&quot;,&quot;readonly&quot;:&quot;&quot;,&quot;score&quot;:&quot;5&quot;,&quot;starsonly&quot;:&quot;&quot;,&quot;best&quot;:&quot;5&quot;,&quot;gap&quot;:&quot;5&quot;,&quot;greet&quot;:&quot;Avalie este post&quot;,&quot;legend&quot;:&quot;5\\\/5 - (2 votos)&quot;,&quot;size&quot;:&quot;24&quot;,&quot;title&quot;:&quot;Refluxo e apneia do sono: entenda a rela\u00e7\u00e3o entre eles&quot;,&quot;width&quot;:&quot;142.5&quot;,&quot;_legend&quot;:&quot;{score}\\\/{best} - ({count} {votes})&quot;,&quot;font_factor&quot;:&quot;1.25&quot;}'>\n            \n<div class=\"kksr-stars\">\n    \n<div class=\"kksr-stars-inactive\">\n            <div class=\"kksr-star\" data-star=\"1\" style=\"padding-right: 5px\">\n            \n\n<div class=\"kksr-icon\" style=\"width: 24px; height: 24px;\"><\/div>\n        <\/div>\n            <div class=\"kksr-star\" data-star=\"2\" style=\"padding-right: 5px\">\n            \n\n<div class=\"kksr-icon\" style=\"width: 24px; height: 24px;\"><\/div>\n        <\/div>\n            <div class=\"kksr-star\" data-star=\"3\" style=\"padding-right: 5px\">\n            \n\n<div class=\"kksr-icon\" style=\"width: 24px; height: 24px;\"><\/div>\n        <\/div>\n            <div class=\"kksr-star\" data-star=\"4\" style=\"padding-right: 5px\">\n            \n\n<div class=\"kksr-icon\" style=\"width: 24px; height: 24px;\"><\/div>\n        <\/div>\n            <div class=\"kksr-star\" data-star=\"5\" style=\"padding-right: 5px\">\n            \n\n<div class=\"kksr-icon\" style=\"width: 24px; height: 24px;\"><\/div>\n        <\/div>\n    <\/div>\n    \n<div class=\"kksr-stars-active\" style=\"width: 142.5px;\">\n            <div class=\"kksr-star\" style=\"padding-right: 5px\">\n            \n\n<div class=\"kksr-icon\" style=\"width: 24px; height: 24px;\"><\/div>\n        <\/div>\n            <div class=\"kksr-star\" style=\"padding-right: 5px\">\n            \n\n<div class=\"kksr-icon\" style=\"width: 24px; height: 24px;\"><\/div>\n        <\/div>\n            <div class=\"kksr-star\" style=\"padding-right: 5px\">\n            \n\n<div class=\"kksr-icon\" style=\"width: 24px; height: 24px;\"><\/div>\n        <\/div>\n            <div class=\"kksr-star\" style=\"padding-right: 5px\">\n            \n\n<div class=\"kksr-icon\" style=\"width: 24px; height: 24px;\"><\/div>\n        <\/div>\n            <div class=\"kksr-star\" style=\"padding-right: 5px\">\n            \n\n<div class=\"kksr-icon\" style=\"width: 24px; height: 24px;\"><\/div>\n        <\/div>\n    <\/div>\n<\/div>\n                \n\n<div class=\"kksr-legend\" style=\"font-size: 19.2px;\">\n            5\/5 - (2 votos)    <\/div>\n    <\/div>\n","protected":false},"excerpt":{"rendered":"<p>O refluxo \u00e9 uma queixa muito comum entre as pessoas acometidas por apneia do sono. Neste post, contamos qual a rela\u00e7\u00e3o entre os dois.<\/p>\n","protected":false},"author":70,"featured_media":13379,"comment_status":"open","ping_status":"closed","sticky":false,"template":"","format":"standard","meta":{"_acf_changed":false,"_gspb_post_css":"","footnotes":"","rank_math_title":"","rank_math_description":"O refluxo \u00e9 uma queixa muito comum entre as pessoas acometidas por apneia do sono. Neste post, contamos qual a rela\u00e7\u00e3o entre os dois. Veja!","rank_math_focus_keyword":"refluxo","rank_math_canonical_url":"","rank_math_robots":null,"rank_math_advanced_robots":"","rank_math_facebook_title":"","rank_math_facebook_description":"","rank_math_facebook_image":"","rank_math_facebook_image_id":"","rank_math_twitter_title":"","rank_math_twitter_description":"","rank_math_twitter_image":"","rank_math_twitter_card_type":"","rank_math_schema_Article":"","rank_math_schema_FAQPage":"","rank_math_schema_HowTo":"","rank_math_rich_snippet":"","rank_math_primary_category":"543","rank_math_seo_score":"","rank_math_internal_links_processed":"1"},"categories":[1630,1629],"tags":[8],"class_list":["post-3946","post","type-post","status-publish","format-standard","has-post-thumbnail","hentry","category-apneia-do-sono-disturbios-do-sono","category-disturbios-do-sono","tag-apneia"],"blocksy_meta":{"styles_descriptor":{"styles":{"desktop":"","tablet":"","mobile":""},"google_fonts":[],"version":7}},"acf":[],"_links":{"self":[{"href":"https:\/\/www.cpaps.com.br\/mundo-do-sono\/wp-json\/wp\/v2\/posts\/3946","targetHints":{"allow":["GET"]}}],"collection":[{"href":"https:\/\/www.cpaps.com.br\/mundo-do-sono\/wp-json\/wp\/v2\/posts"}],"about":[{"href":"https:\/\/www.cpaps.com.br\/mundo-do-sono\/wp-json\/wp\/v2\/types\/post"}],"author":[{"embeddable":true,"href":"https:\/\/www.cpaps.com.br\/mundo-do-sono\/wp-json\/wp\/v2\/users\/70"}],"replies":[{"embeddable":true,"href":"https:\/\/www.cpaps.com.br\/mundo-do-sono\/wp-json\/wp\/v2\/comments?post=3946"}],"version-history":[{"count":1,"href":"https:\/\/www.cpaps.com.br\/mundo-do-sono\/wp-json\/wp\/v2\/posts\/3946\/revisions"}],"predecessor-version":[{"id":19736,"href":"https:\/\/www.cpaps.com.br\/mundo-do-sono\/wp-json\/wp\/v2\/posts\/3946\/revisions\/19736"}],"wp:featuredmedia":[{"embeddable":true,"href":"https:\/\/www.cpaps.com.br\/mundo-do-sono\/wp-json\/wp\/v2\/media\/13379"}],"wp:attachment":[{"href":"https:\/\/www.cpaps.com.br\/mundo-do-sono\/wp-json\/wp\/v2\/media?parent=3946"}],"wp:term":[{"taxonomy":"category","embeddable":true,"href":"https:\/\/www.cpaps.com.br\/mundo-do-sono\/wp-json\/wp\/v2\/categories?post=3946"},{"taxonomy":"post_tag","embeddable":true,"href":"https:\/\/www.cpaps.com.br\/mundo-do-sono\/wp-json\/wp\/v2\/tags?post=3946"}],"curies":[{"name":"wp","href":"https:\/\/api.w.org\/{rel}","templated":true}]}}