{"id":3882,"date":"2019-03-08T15:03:22","date_gmt":"2019-03-08T18:03:22","guid":{"rendered":"https:\/\/www.cpaps.com.br\/blog\/?p=3882"},"modified":"2026-06-19T11:57:05","modified_gmt":"2026-06-19T14:57:05","slug":"ronco-e-causa-de-divorcio","status":"publish","type":"post","link":"https:\/\/www.cpaps.com.br\/mundo-do-sono\/ronco-e-causa-de-divorcio\/","title":{"rendered":"Ronco \u00e9 causa de div\u00f3rcio? Entenda como o barulho da noite pode separar casais"},"content":{"rendered":"\n<p class=\"wp-block-paragraph\"><strong>Ronco \u00e9 causa de div\u00f3rcio?<\/strong> Pode parecer exagero, mas esse problema t\u00e3o comum durante a noite est\u00e1 entre os principais vil\u00f5es dos relacionamentos. O que come\u00e7a como um inc\u00f4modo sonoro se transforma, aos poucos, em desgaste emocional, afastamento f\u00edsico e at\u00e9 em separa\u00e7\u00f5es definitivas.<\/p>\n\n\n\n<p class=\"wp-block-paragraph\">Dados apontam que o ronco \u00e9 a <strong>terceira maior causa de div\u00f3rcios no mundo<\/strong>, especialmente quando est\u00e1 associado \u00e0 apneia do sono, um dist\u00farbio que, muitas vezes, o casal nem sabe que existe. Mas, afinal, como algo aparentemente simples pode impactar tanto um casamento?<\/p>\n\n\n\n<p class=\"wp-block-paragraph\">Neste artigo, voc\u00ea vai entender por que <strong>ronco \u00e9 causa de div\u00f3rcio<\/strong>, quais os impactos no relacionamento, como identificar os sinais de alerta e, principalmente, quais s\u00e3o os caminhos para recuperar a qualidade do sono e da vida a dois.<\/p>\n\n\n\n<h2 class=\"wp-block-heading\" id=\"ronco-e-causa-de-divorcio-um-barulho-que-separa-mais-do-que-voce-imagina\"><strong>Ronco \u00e9 causa de div\u00f3rcio: um barulho que separa mais do que voc\u00ea imagina<\/strong><\/h2>\n\n\n\n<p class=\"wp-block-paragraph\">O ronco n\u00e3o \u00e9 s\u00f3 um som inc\u00f4modo ele \u00e9, muitas vezes, o sinal de que h\u00e1 algo errado com a sa\u00fade respirat\u00f3ria de quem ronca. Para o parceiro, conviver com esse ru\u00eddo todas as noites \u00e9 mais do que desconfort\u00e1vel: \u00e9 um fator real de estresse, cansa\u00e7o e insatisfa\u00e7\u00e3o conjugal.<\/p><div id=\"cpaps-1418090342\" class=\"cpaps-desktop-single-post-content cpaps-entity-placement\" style=\"margin-left: auto;margin-right: auto;text-align: center;\"><a data-no-instant=\"1\" href=\"https:\/\/www.cpaps.com.br\/mascaras?utm_source=blog&#038;utm_medium=banner&#038;utm_campaign=mascaras\" rel=\"noopener\" class=\"a2t-link\" target=\"_blank\" aria-label=\"Banner_desktop___Meio_de_pagina001\"><img loading=\"lazy\" decoding=\"async\" src=\"https:\/\/www.cpaps.com.br\/mundo-do-sono\/wp-content\/uploads\/2025\/03\/Banner_desktop___Meio_de_pagina001.webp\" alt=\"\"  srcset=\"https:\/\/www.cpaps.com.br\/mundo-do-sono\/wp-content\/uploads\/2025\/03\/Banner_desktop___Meio_de_pagina001.webp 1920w, https:\/\/www.cpaps.com.br\/mundo-do-sono\/wp-content\/uploads\/2025\/03\/Banner_desktop___Meio_de_pagina001-768x111.webp 768w, https:\/\/www.cpaps.com.br\/mundo-do-sono\/wp-content\/uploads\/2025\/03\/Banner_desktop___Meio_de_pagina001-1024x148.webp 1024w, https:\/\/www.cpaps.com.br\/mundo-do-sono\/wp-content\/uploads\/2025\/03\/Banner_desktop___Meio_de_pagina001-1536x222.webp 1536w\" sizes=\"(max-width: 1920px) 100vw, 1920px\" width=\"1920\" height=\"277\"   \/><\/a><\/div>\n\n\n\n<p class=\"wp-block-paragraph\">Estudos da Universidade da Calif\u00f3rnia e dados da Sleepopolis mostram que <strong>ronco \u00e9 causa de div\u00f3rcio<\/strong> em diversos pa\u00edses. No Brasil, o Instituto do Sono estima que mais de 40 milh\u00f5es de pessoas sofram de apneia do sono, e boa parte sequer foi diagnosticada.<\/p>\n\n\n\n<figure class=\"wp-block-image size-large\"><img loading=\"lazy\" decoding=\"async\" width=\"1024\" height=\"683\" src=\"https:\/\/www.cpaps.com.br\/blog\/wp-content\/uploads\/2019\/03\/ChatGPT-Image-19-de-jun.-de-2025-13_01_46-1024x683.png\" alt=\"ronco \u00e9 causa de div\u00f3rcio\" class=\"wp-image-17665\" srcset=\"https:\/\/www.cpaps.com.br\/mundo-do-sono\/wp-content\/uploads\/2019\/03\/ChatGPT-Image-19-de-jun.-de-2025-13_01_46-1024x683.png 1024w, https:\/\/www.cpaps.com.br\/mundo-do-sono\/wp-content\/uploads\/2019\/03\/ChatGPT-Image-19-de-jun.-de-2025-13_01_46-768x512.png 768w, https:\/\/www.cpaps.com.br\/mundo-do-sono\/wp-content\/uploads\/2019\/03\/ChatGPT-Image-19-de-jun.-de-2025-13_01_46.png 1536w\" sizes=\"auto, (max-width: 1024px) 100vw, 1024px\" \/><\/figure>\n\n\n\n<p class=\"wp-block-paragraph\">A advogada Marcela Guimar\u00e3es vive esse dilema na pr\u00e1tica:<br>\u201cSe eu n\u00e3o durmo, eu n\u00e3o sou feliz. Isso est\u00e1 arruinando nosso relacionamento\u201d, desabafa.<\/p>\n\n\n\n<p class=\"wp-block-paragraph\">E ela n\u00e3o \u00e9 exce\u00e7\u00e3o. <strong>1 em cada 4 casais j\u00e1 adotou o \u201cdiv\u00f3rcio do sono\u201d<\/strong>, ou seja, passaram a dormir em quartos separados para tentar preservar a sanidade, o descanso e, muitas vezes, o pr\u00f3prio casamento.<\/p>\n\n\n\n<h2 class=\"wp-block-heading\" id=\"entendendo-o-ronco-quando-o-corpo-pede-ajuda\"><b>Entendendo o ronco: quando o corpo pede ajuda<\/b><\/h2>\n\n\n\n<p class=\"wp-block-paragraph\"><span style=\"font-weight: 400;\">O ronco acontece quando h\u00e1 uma limita\u00e7\u00e3o parcial \u00e0 passagem do ar nas vias a\u00e9reas durante o sono que faz com que os tecidos da garganta vibrem, gerando o som caracter\u00edstico. Entre os principais fatores de risco est\u00e3o:<\/span><\/p>\n\n\n\n<ul class=\"wp-block-list\">\n<li><b>Idade avan\u00e7ada<\/b><\/li>\n\n\n\n<li><b>Sobrepeso<\/b><\/li>\n\n\n\n<li><b>Consumo de \u00e1lcool antes de dormir<\/b><\/li>\n\n\n\n<li><b>Fumo<\/b><\/li>\n\n\n\n<li><b>Apneia do sono<\/b><\/li>\n<\/ul>\n\n\n\n<p class=\"wp-block-paragraph\"><span style=\"font-weight: 400;\">A testosterona, por exemplo, <\/span><b>favorece o relaxamento da musculatura da faringe<\/b><span style=\"font-weight: 400;\">, facilitando o estreitamento das vias respirat\u00f3rias. Por isso, <\/span><a href=\"https:\/\/www.cpaps.com.br\/blog\/ronco-homens-mulheres\/\"><span style=\"font-weight: 400;\">homens s\u00e3o mais acometidos<\/span><\/a><span style=\"font-weight: 400;\">. \u00c0 noite, com o corpo relaxado, a garganta fecha parcialmente, provocando o ronco e, em muitos casos, a apneia.<\/span><\/p>\n\n\n\n<h2 class=\"wp-block-heading\" id=\"apneia-do-sono-o-vilao-silencioso-dos-relacionamentos\"><b>Apneia do sono: o vil\u00e3o silencioso dos relacionamentos<\/b><\/h2>\n\n\n\n<p class=\"wp-block-paragraph\"><span style=\"font-weight: 400;\">A <\/span><b>apneia obstrutiva do sono (AOS)<\/b><span style=\"font-weight: 400;\"> \u00e9 um dist\u00farbio caracterizado por redu\u00e7\u00e3o importante do fluxo de ar ou mesmo <\/span><b>paradas repetidas da respira\u00e7\u00e3o durante o sono<\/b><span style=\"font-weight: 400;\">. A cada pausa, o c\u00e9rebro \u00e9 for\u00e7ado a interromper o descanso para retomar a respira\u00e7\u00e3o, causando microdespertares que a pessoa muitas vezes nem percebe.<\/span><\/p>\n\n\n\n<p class=\"wp-block-paragraph\"><span style=\"font-weight: 400;\">Os sintomas mais comuns s\u00e3o:<\/span><\/p>\n\n\n\n<ul class=\"wp-block-list\">\n<li><b>Ronco alto<\/b><\/li>\n\n\n\n<li><b>Engasgos noturnos<\/b><\/li>\n\n\n\n<li><b>Sonol\u00eancia diurna<\/b><\/li>\n\n\n\n<li><b>Dores de cabe\u00e7a matinais<\/b><\/li>\n\n\n\n<li><b>Falta de concentra\u00e7\u00e3o<\/b><\/li>\n\n\n\n<li><b>Irritabilidade<\/b><\/li>\n<\/ul>\n\n\n\n<p class=\"wp-block-paragraph\"><span style=\"font-weight: 400;\">Em longo prazo, a apneia pode levar a <\/span><b>hipertens\u00e3o, diabetes, <\/b><a href=\"https:\/\/www.cpaps.com.br\/blog\/apneia-do-sono-e-disfuncao-eretil\/\"><b>disfun\u00e7\u00e3o er\u00e9til<\/b><\/a><b>, <\/b><a href=\"https:\/\/www.cpaps.com.br\/blog\/avc\/\"><b>AVC<\/b><\/a><span style=\"font-weight: 400;\"> e at\u00e9 depress\u00e3o. E claro: <\/span><b>afeta a sa\u00fade emocional e f\u00edsica do casal<\/b><span style=\"font-weight: 400;\">.<\/span><\/p>\n\n\n\n<h2 class=\"wp-block-heading\" id=\"o-ciclo-do-desgaste-como-o-ronco-mina-a-convivencia\"><b>O ciclo do desgaste: como o ronco mina a conviv\u00eancia<\/b><\/h2>\n\n\n\n<p class=\"wp-block-paragraph\"><span style=\"font-weight: 400;\">Noites mal dormidas afetam muito mais do que somente o corpo. Afetam o humor, a disposi\u00e7\u00e3o, a paci\u00eancia e a empatia, ingredientes essenciais para uma rela\u00e7\u00e3o saud\u00e1vel. Casais que convivem com o ronco relatam:<\/span><\/p>\n\n\n\n<ul class=\"wp-block-list\">\n<li><b>Afastamento afetivo<\/b><\/li>\n\n\n\n<li><b>Discuss\u00f5es frequentes<\/b><\/li>\n\n\n\n<li><b>Distanciamento f\u00edsico<\/b><\/li>\n\n\n\n<li><b>Falta de desejo sexual<\/b><\/li>\n\n\n\n<li><b>Quedas na produtividade no dia seguinte<\/b><\/li>\n<\/ul>\n\n\n\n<p class=\"wp-block-paragraph\"><span style=\"font-weight: 400;\">Segundo a <\/span><i><span style=\"font-weight: 400;\">Mute Snoring<\/span><\/i><span style=\"font-weight: 400;\">, <\/span><b>70% dos parceiros de roncadores<\/b><span style=\"font-weight: 400;\"> disseram que a qualidade do relacionamento piorou por conta das noites mal dormidas. Muitos recorrem a solu\u00e7\u00f5es paliativas como dormir separados ou cutucar o parceiro durante a noite, atitudes que aliviam o momento, mas <\/span><b>n\u00e3o resolvem o problema<\/b><span style=\"font-weight: 400;\">.<\/span><\/p>\n\n\n\n<h2 class=\"wp-block-heading\" id=\"diagnostico-por-que-fazer-a-polissonografia\"><b>Diagn\u00f3stico: por que fazer a polissonografia?<\/b><\/h2>\n\n\n\n<p class=\"wp-block-paragraph\"><span style=\"font-weight: 400;\">O exame padr\u00e3o-ouro para diagnosticar a apneia \u00e9 a <\/span><a href=\"https:\/\/www.cpaps.com.br\/blog\/polissonografia-saiba-tudo-sobre-o-exame\/\"><b>polissonografia<\/b><\/a><span style=\"font-weight: 400;\">, que pode ser feita em cl\u00ednicas do sono ou no conforto de casa. Ele avalia:<\/span><\/p>\n\n\n\n<ul class=\"wp-block-list\">\n<li><span style=\"font-weight: 400;\">Frequ\u00eancia card\u00edaca<\/span><\/li>\n\n\n\n<li><span style=\"font-weight: 400;\">Movimentos respirat\u00f3rios<\/span><\/li>\n\n\n\n<li><span style=\"font-weight: 400;\">N\u00edveis de oxig\u00eanio no sangue<\/span><\/li>\n\n\n\n<li><span style=\"font-weight: 400;\">Roncos<\/span><\/li>\n\n\n\n<li><span style=\"font-weight: 400;\">Microdespertares<\/span><\/li>\n\n\n\n<li><span style=\"font-weight: 400;\">Funcionamento cerebral durante o sono<\/span><\/li>\n<\/ul>\n\n\n\n<p class=\"wp-block-paragraph\"><span style=\"font-weight: 400;\">Com os resultados em m\u00e3os, o m\u00e9dico do sono pode indicar o melhor tratamento. Segundo a <\/span><i><span style=\"font-weight: 400;\">Comprehensive Sleep Care<\/span><\/i><span style=\"font-weight: 400;\">, <\/span><b>detectar e tratar a apneia melhora drasticamente n\u00e3o s\u00f3 o sono, mas o bem-estar e a qualidade da vida conjugal<\/b><span style=\"font-weight: 400;\">.<\/span><\/p>\n\n\n\n<h2 class=\"wp-block-heading\" id=\"tratamentos-disponiveis-para-o-ronco-e-apneia\"><b>Tratamentos dispon\u00edveis para o ronco e apneia<\/b><\/h2>\n\n\n\n<p class=\"wp-block-paragraph\"><span style=\"font-weight: 400;\">O tratamento depende da causa, intensidade dos sintomas e estilo de vida do paciente. Entre as op\u00e7\u00f5es est\u00e3o:<\/span><\/p>\n\n\n\n<ul class=\"wp-block-list\">\n<li><b>Mudan\u00e7as de h\u00e1bitos<\/b><span style=\"font-weight: 400;\">: perder peso, parar de fumar, evitar \u00e1lcool<\/span><\/li>\n\n\n\n<li><b>Faixas anti-ronco e travesseiros ortop\u00e9dicos<\/b><\/li>\n\n\n\n<li><b>Dispositivos orais (DAMs)<\/b><\/li>\n\n\n\n<li><b>Cirurgias corretivas<\/b><\/li>\n\n\n\n<li><b>CPAP<\/b><\/li>\n<\/ul>\n\n\n\n<p class=\"wp-block-paragraph\"><span style=\"font-weight: 400;\">O <\/span><b>CPAP (Continuous Positive Airway Pressure)<\/b><span style=\"font-weight: 400;\"> \u00e9 o tratamento mais indicado para apneia moderada a grave ou mesmo para apneia leve associada a sintomas como sonol\u00eancia excessiva diurna e hipertens\u00e3o arterial de dif\u00edcil controle. Ele funciona fornecendo um fluxo cont\u00ednuo de ar que mant\u00e9m as vias respirat\u00f3rias abertas, <\/span><b>eliminando o ronco e prevenindo as pausas respirat\u00f3rias<\/b><span style=\"font-weight: 400;\">.<\/span><\/p>\n\n\n\n<h2 class=\"wp-block-heading\" id=\"tipos-de-cpap-e-mascaras-como-escolher-o-ideal\"><b>Tipos de CPAP e m\u00e1scaras: como escolher o ideal<\/b><\/h2>\n\n\n\n<p class=\"wp-block-paragraph\"><span style=\"font-weight: 400;\">O CPAP \u00e9 personalizado de acordo com a necessidade do paciente. Os principais modelos s\u00e3o:<\/span><\/p>\n\n\n\n<ul class=\"wp-block-list\">\n<li><b>CPAP fixo<\/b><span style=\"font-weight: 400;\">: fornece uma press\u00e3o constante.<\/span><\/li>\n\n\n\n<li><b>CPAP autom\u00e1tico (Auto-CPAP)<\/b><span style=\"font-weight: 400;\">: ajusta a press\u00e3o conforme a necessidade..<\/span><\/li>\n\n\n\n<li><b>BiPAP<\/b><span style=\"font-weight: 400;\">: indicado para casos selecionados, com dois n\u00edveis de press\u00e3o.<\/span><\/li>\n<\/ul>\n\n\n\n<p class=\"wp-block-paragraph\"><span style=\"font-weight: 400;\">As m\u00e1scaras tamb\u00e9m variam:<\/span><\/p>\n\n\n\n<ul class=\"wp-block-list\">\n<li><b>Nasal<\/b><span style=\"font-weight: 400;\">: cobre apenas o nariz. Ideal para quem respira bem pelo nariz.<\/span><\/li>\n\n\n\n<li><b>Facial (oronasal)<\/b><span style=\"font-weight: 400;\">: cobre nariz e boca. Indicado para quem s\u00f3 respira pela boca.<\/span><\/li>\n\n\n\n<li><b>Nasal pillow (almofada nasal)<\/b><span style=\"font-weight: 400;\">: discreta e leve. Boa para quem sente claustrofobia.<\/span><\/li>\n<\/ul>\n\n\n\n<p class=\"wp-block-paragraph\"><span style=\"font-weight: 400;\">A escolha deve ser feita com orienta\u00e7\u00e3o m\u00e9dica e acompanhamento profissional.<\/span><\/p>\n\n\n\n<h2 class=\"wp-block-heading\" id=\"8-dicas-para-casais-lidarem-com-o-ronco\"><b>8 dicas para casais lidarem com o ronco<\/b><\/h2>\n\n\n\n<ol class=\"wp-block-list\">\n<li><b>Conversem com empatia<\/b><span style=\"font-weight: 400;\">, sem acusa\u00e7\u00f5es.<\/span><\/li>\n\n\n\n<li><b>Busquem ajuda m\u00e9dica juntos<\/b><span style=\"font-weight: 400;\">, tratando o problema como uma quest\u00e3o de sa\u00fade do casal.<\/span><\/li>\n\n\n\n<li><b>Evitem o consumo de \u00e1lcool<\/b><span style=\"font-weight: 400;\"> \u00e0 noite.<\/span><\/li>\n\n\n\n<li><b>Adotem h\u00e1bitos saud\u00e1veis<\/b><span style=\"font-weight: 400;\">, como perder peso e praticar exerc\u00edcios.<\/span><\/li>\n\n\n\n<li><b>Testem posi\u00e7\u00f5es diferentes para dormir<\/b><span style=\"font-weight: 400;\"> \u2014 de lado, por exemplo.<\/span><\/li>\n\n\n\n<li><b>Utilizem acess\u00f3rios anti-ronco<\/b><span style=\"font-weight: 400;\">, se recomendados pelo m\u00e9dico.<\/span><\/li>\n\n\n\n<li><b>Priorizem o descanso<\/b><span style=\"font-weight: 400;\">, mesmo que precisem dormir separados temporariamente.<\/span><\/li>\n\n\n\n<li><b>Invistam em conex\u00e3o durante o dia<\/b><span style=\"font-weight: 400;\">, para manter o v\u00ednculo emocional.<\/span><\/li>\n<\/ol>\n\n\n\n<p class=\"wp-block-paragraph\"><span style=\"font-weight: 400;\">Como destaca o <\/span><i><span style=\"font-weight: 400;\">Weill Cornell Medicine<\/span><\/i><span style=\"font-weight: 400;\">, o div\u00f3rcio do sono pode ser um caminho tempor\u00e1rio, mas o ideal \u00e9 <\/span><b>tratar a raiz do problema<\/b><span style=\"font-weight: 400;\">.<\/span><\/p>\n\n\n\n<h2 class=\"wp-block-heading\" id=\"dormir-melhor-juntos-o-apoio-da-cpaps-faz-diferenca\"><b>Dormir melhor juntos: o apoio da CPAPS faz diferen\u00e7a<\/b><\/h2>\n\n\n\n<p class=\"wp-block-paragraph\"><span style=\"font-weight: 400;\">A <\/span><b>CPAPS<\/b><span style=\"font-weight: 400;\"> \u00e9 refer\u00eancia nacional no tratamento da apneia do sono. Muito mais do que uma loja, a CPAPS oferece:<\/span><\/p>\n\n\n\n<h3 class=\"wp-block-heading\" id=\"diferenciais-que-fazem-a-diferenca\"><b>Diferenciais que fazem a diferen\u00e7a:<\/b><\/h3>\n\n\n\n<ul class=\"wp-block-list\">\n<li><span style=\"font-weight: 400;\">Aparelhos <\/span><b>CPAP e BIPAP <\/b><span style=\"font-weight: 400;\">de \u00faltima gera\u00e7\u00e3o;<\/span><\/li>\n\n\n\n<li><span style=\"font-weight: 400;\">Acompanhamento e orienta\u00e7\u00e3o especializada sobre <\/span><b>m\u00e1scaras<\/b><span style=\"font-weight: 400;\">, <\/span><b>umidificadores<\/b><span style=\"font-weight: 400;\"> e <\/span><b>acess\u00f3rios<\/b><span style=\"font-weight: 400;\">;<\/span><\/li>\n\n\n\n<li><span style=\"font-weight: 400;\">Suporte t\u00e9cnico humanizado;<\/span><\/li>\n\n\n\n<li><span style=\"font-weight: 400;\">Participa\u00e7\u00e3o no projeto<\/span><a href=\"https:\/\/www.cpaps.com.br\/blog\/cpap-solidario\/\"> <b>CPAP Solid\u00e1rio<\/b><\/a><span style=\"font-weight: 400;\">, que conecta doadores a pacientes que n\u00e3o podem adquirir um aparelho;<\/span><\/li>\n\n\n\n<li><span style=\"font-weight: 400;\">Conte\u00fados completos no<\/span><a href=\"https:\/\/www.cpaps.com.br\/blog\/\"> <span style=\"font-weight: 400;\">Portal Mundo do Sono<\/span><\/a><span style=\"font-weight: 400;\"> para educa\u00e7\u00e3o e apoio aos pacientes.<\/span><\/li>\n<\/ul>\n\n\n\n<p class=\"wp-block-paragraph\"><b>Atendimento:<br><\/b><span style=\"font-weight: 400;\">0800 601 9922 | <\/span><a href=\"https:\/\/www.cpaps.com.br\/whatsapp\"><span style=\"font-weight: 400;\">WhatsApp<\/span><\/a><span style=\"font-weight: 400;\"> |<\/span><a href=\"https:\/\/www.cpaps.com.br\"> <span style=\"font-weight: 400;\">www.cpaps.com.br<\/span><\/a><\/p>\n\n\n\n<p class=\"wp-block-paragraph\"><span style=\"font-weight: 400;\">Se voc\u00ea ou seu parceiro sofrem com o ronco, n\u00e3o deixe que ele seja o ponto final da rela\u00e7\u00e3o. <\/span><b>A informa\u00e7\u00e3o e o tratamento certo podem transformar noites dif\u00edceis em momentos de reconex\u00e3o.<\/b><\/p>\n\n\n\n<h3 class=\"wp-block-heading\" id=\"fontes\"><b>Fontes:<\/b><\/h3>\n\n\n\n<ul class=\"wp-block-list\">\n<li><a href=\"https:\/\/comprehensivesleepcare.com\" target=\"_blank\" rel=\"noopener\"><span style=\"font-weight: 400;\">Comprehensive Sleep Care Center<\/span><\/a><\/li>\n\n\n\n<li><a href=\"https:\/\/weillcornell.org\" target=\"_blank\" rel=\"noopener\"><span style=\"font-weight: 400;\">Weill Cornell Medicine<\/span><\/a><\/li>\n\n\n\n<li><a href=\"https:\/\/mutesnoring.com\" target=\"_blank\" rel=\"noopener\"><span style=\"font-weight: 400;\">Mute Snoring<\/span><\/a><\/li>\n\n\n\n<li><a href=\"https:\/\/sleepopolis.com\" target=\"_blank\" rel=\"noopener\"><span style=\"font-weight: 400;\">Sleepopolis<\/span><\/a><\/li>\n\n\n\n<li><a href=\"https:\/\/www.institutodsono.com\" target=\"_blank\" rel=\"noopener\"><span style=\"font-weight: 400;\">Instituto do Sono<\/span><\/a><\/li>\n\n\n\n<li><a href=\"https:\/\/super.abril.com.br\" target=\"_blank\" rel=\"noopener\"><span style=\"font-weight: 400;\">Superinteressante \u2013 Abril<\/span><\/a><\/li>\n\n\n\n<li><a href=\"https:\/\/www.bbc.com\/portuguese\" target=\"_blank\" rel=\"noopener\"><span style=\"font-weight: 400;\">BBC Brasil<\/span><\/a><\/li>\n<\/ul>\n\n\n<div class=\"kk-star-ratings kksr-auto kksr-align-center kksr-valign-bottom\"\n    data-payload='{&quot;align&quot;:&quot;center&quot;,&quot;id&quot;:&quot;3882&quot;,&quot;slug&quot;:&quot;default&quot;,&quot;valign&quot;:&quot;bottom&quot;,&quot;ignore&quot;:&quot;&quot;,&quot;reference&quot;:&quot;auto&quot;,&quot;class&quot;:&quot;&quot;,&quot;count&quot;:&quot;0&quot;,&quot;legendonly&quot;:&quot;&quot;,&quot;readonly&quot;:&quot;&quot;,&quot;score&quot;:&quot;0&quot;,&quot;starsonly&quot;:&quot;&quot;,&quot;best&quot;:&quot;5&quot;,&quot;gap&quot;:&quot;5&quot;,&quot;greet&quot;:&quot;Avalie este post&quot;,&quot;legend&quot;:&quot;0\\\/5 - (0 voto)&quot;,&quot;size&quot;:&quot;24&quot;,&quot;title&quot;:&quot;Ronco \u00e9 causa de div\u00f3rcio? Entenda como o barulho da noite pode separar casais&quot;,&quot;width&quot;:&quot;0&quot;,&quot;_legend&quot;:&quot;{score}\\\/{best} - ({count} {votes})&quot;,&quot;font_factor&quot;:&quot;1.25&quot;}'>\n            \n<div class=\"kksr-stars\">\n    \n<div class=\"kksr-stars-inactive\">\n            <div class=\"kksr-star\" data-star=\"1\" style=\"padding-right: 5px\">\n            \n\n<div class=\"kksr-icon\" style=\"width: 24px; height: 24px;\"><\/div>\n        <\/div>\n            <div class=\"kksr-star\" data-star=\"2\" style=\"padding-right: 5px\">\n            \n\n<div class=\"kksr-icon\" style=\"width: 24px; height: 24px;\"><\/div>\n        <\/div>\n            <div class=\"kksr-star\" data-star=\"3\" style=\"padding-right: 5px\">\n            \n\n<div class=\"kksr-icon\" style=\"width: 24px; height: 24px;\"><\/div>\n        <\/div>\n            <div class=\"kksr-star\" data-star=\"4\" style=\"padding-right: 5px\">\n            \n\n<div class=\"kksr-icon\" style=\"width: 24px; height: 24px;\"><\/div>\n        <\/div>\n            <div class=\"kksr-star\" data-star=\"5\" style=\"padding-right: 5px\">\n            \n\n<div class=\"kksr-icon\" style=\"width: 24px; height: 24px;\"><\/div>\n        <\/div>\n    <\/div>\n    \n<div class=\"kksr-stars-active\" style=\"width: 0px;\">\n            <div class=\"kksr-star\" style=\"padding-right: 5px\">\n            \n\n<div class=\"kksr-icon\" style=\"width: 24px; height: 24px;\"><\/div>\n        <\/div>\n            <div class=\"kksr-star\" style=\"padding-right: 5px\">\n            \n\n<div class=\"kksr-icon\" style=\"width: 24px; height: 24px;\"><\/div>\n        <\/div>\n            <div class=\"kksr-star\" style=\"padding-right: 5px\">\n            \n\n<div class=\"kksr-icon\" style=\"width: 24px; height: 24px;\"><\/div>\n        <\/div>\n            <div class=\"kksr-star\" style=\"padding-right: 5px\">\n            \n\n<div class=\"kksr-icon\" style=\"width: 24px; height: 24px;\"><\/div>\n        <\/div>\n            <div class=\"kksr-star\" style=\"padding-right: 5px\">\n            \n\n<div class=\"kksr-icon\" style=\"width: 24px; height: 24px;\"><\/div>\n        <\/div>\n    <\/div>\n<\/div>\n                \n\n<div class=\"kksr-legend\" style=\"font-size: 19.2px;\">\n            <span class=\"kksr-muted\">Avalie este post<\/span>\n    <\/div>\n    <\/div>\n","protected":false},"excerpt":{"rendered":"<p>Ronco \u00e9 causa de div\u00f3rcio? Pode parecer exagero, mas esse problema t\u00e3o comum durante a noite est\u00e1 entre os principais vil\u00f5es dos relacionamentos. O que come\u00e7a como um inc\u00f4modo sonoro se transforma, aos poucos, em desgaste emocional, afastamento f\u00edsico e at\u00e9 em separa\u00e7\u00f5es definitivas. Dados apontam que o ronco \u00e9 a terceira maior causa de [&hellip;]<\/p>\n","protected":false},"author":71,"featured_media":15623,"comment_status":"open","ping_status":"closed","sticky":false,"template":"","format":"standard","meta":{"_acf_changed":false,"_gspb_post_css":"","footnotes":"","rank_math_title":"Ronco \u00e9 causa de div\u00f3rcio? Entenda como o barulho da noite pode separar casais","rank_math_description":"Descubra se o ronco \u00e9 causa de div\u00f3rcio, os impactos no relacionamento e os tratamentos para garantir noites tranquilas e preservar a vida a dois.","rank_math_focus_keyword":"ronco \u00e9 causa de div\u00f3rcio","rank_math_canonical_url":"","rank_math_robots":null,"rank_math_advanced_robots":"","rank_math_facebook_title":"","rank_math_facebook_description":"","rank_math_facebook_image":"","rank_math_facebook_image_id":"","rank_math_twitter_title":"","rank_math_twitter_description":"","rank_math_twitter_image":"","rank_math_twitter_card_type":"","rank_math_schema_Article":"","rank_math_schema_FAQPage":"","rank_math_schema_HowTo":"","rank_math_rich_snippet":"","rank_math_primary_category":"2","rank_math_seo_score":"78","rank_math_internal_links_processed":"1"},"categories":[1629,1632],"tags":[],"class_list":["post-3882","post","type-post","status-publish","format-standard","has-post-thumbnail","hentry","category-disturbios-do-sono","category-ronco-disturbios-do-sono"],"blocksy_meta":{"styles_descriptor":{"styles":{"desktop":"","tablet":"","mobile":""},"google_fonts":[],"version":7}},"acf":[],"_links":{"self":[{"href":"https:\/\/www.cpaps.com.br\/mundo-do-sono\/wp-json\/wp\/v2\/posts\/3882","targetHints":{"allow":["GET"]}}],"collection":[{"href":"https:\/\/www.cpaps.com.br\/mundo-do-sono\/wp-json\/wp\/v2\/posts"}],"about":[{"href":"https:\/\/www.cpaps.com.br\/mundo-do-sono\/wp-json\/wp\/v2\/types\/post"}],"author":[{"embeddable":true,"href":"https:\/\/www.cpaps.com.br\/mundo-do-sono\/wp-json\/wp\/v2\/users\/71"}],"replies":[{"embeddable":true,"href":"https:\/\/www.cpaps.com.br\/mundo-do-sono\/wp-json\/wp\/v2\/comments?post=3882"}],"version-history":[{"count":1,"href":"https:\/\/www.cpaps.com.br\/mundo-do-sono\/wp-json\/wp\/v2\/posts\/3882\/revisions"}],"predecessor-version":[{"id":17672,"href":"https:\/\/www.cpaps.com.br\/mundo-do-sono\/wp-json\/wp\/v2\/posts\/3882\/revisions\/17672"}],"wp:featuredmedia":[{"embeddable":true,"href":"https:\/\/www.cpaps.com.br\/mundo-do-sono\/wp-json\/wp\/v2\/media\/15623"}],"wp:attachment":[{"href":"https:\/\/www.cpaps.com.br\/mundo-do-sono\/wp-json\/wp\/v2\/media?parent=3882"}],"wp:term":[{"taxonomy":"category","embeddable":true,"href":"https:\/\/www.cpaps.com.br\/mundo-do-sono\/wp-json\/wp\/v2\/categories?post=3882"},{"taxonomy":"post_tag","embeddable":true,"href":"https:\/\/www.cpaps.com.br\/mundo-do-sono\/wp-json\/wp\/v2\/tags?post=3882"}],"curies":[{"name":"wp","href":"https:\/\/api.w.org\/{rel}","templated":true}]}}