{"id":3812,"date":"2019-02-13T15:35:42","date_gmt":"2019-02-13T18:35:42","guid":{"rendered":"https:\/\/www.cpaps.com.br\/blog\/?p=3812"},"modified":"2026-06-19T11:43:10","modified_gmt":"2026-06-19T14:43:10","slug":"riscos-de-usar-cpap-sem-prescricao-medica","status":"publish","type":"post","link":"https:\/\/www.cpaps.com.br\/mundo-do-sono\/riscos-de-usar-cpap-sem-prescricao-medica\/","title":{"rendered":"Quais s\u00e3o os riscos de usar CPAP sem prescri\u00e7\u00e3o m\u00e9dica?"},"content":{"rendered":"<p class=\"western\" align=\"justify\"><span style=\"font-size: medium;\">J\u00e1 falamos muitas vezes aqui no blog sobre os <\/span><span style=\"color: #1155cc;\"><span style=\"font-size: medium;\"><u><a href=\"https:\/\/www.cpaps.com.br\/blog\/beneficios-tratamento-com-cpap\/\">benef\u00edcios do <\/a><\/u><\/span><\/span><span style=\"color: #1155cc;\"><span style=\"font-size: medium;\"><u><b><a href=\"https:\/\/www.cpaps.com.br\/blog\/beneficios-tratamento-com-cpap\/\">CPAP<\/a><\/b><\/u><\/span><\/span><b> <\/b><span style=\"font-size: medium;\">para o <\/span><span style=\"font-size: medium;\"><b>tratamento da apneia do sono<\/b><\/span><span style=\"font-size: medium;\">. Para comprar um <\/span><span style=\"font-size: medium;\"><b>aparelho CPAP<\/b><\/span><span style=\"font-size: medium;\"> n\u00e3o \u00e9 preciso apresentar prescri\u00e7\u00e3o m\u00e9dica, mas fique atento: um acompanhamento com profissional \u00e9 essencial para evitar riscos ao usu\u00e1rio. N\u00f3s conversamos com o fisioterapeuta e especialista da <\/span><span style=\"font-size: medium;\"><b>CPAPS<\/b><\/span><span style=\"font-size: medium;\">, Cl\u00eadisson Souza, que explicou mais sobre o assunto. Confira!<\/span><\/p>\n<h2 class=\"western\" align=\"justify\"><span style=\"font-size: medium;\">1- Quais s\u00e3o os riscos?<\/span><\/h2>\n<p class=\"western\" align=\"justify\"><span style=\"font-size: medium;\">Para comprar o aparelho <\/span><span style=\"font-size: medium;\"><b>CPAP<\/b><\/span><span style=\"font-size: medium;\">, m\u00e1scara e umidificador, n\u00e3o \u00e9 necess\u00e1rio apresentar prescri\u00e7\u00e3o m\u00e9dica. No entanto, o acompanhamento de um <\/span><span style=\"color: #1155cc;\"><span style=\"font-size: medium;\"><u><a href=\"https:\/\/www.cpaps.com.br\/blog\/qual-e-o-profissional-indicado-para-tratar-o-ronco\/\">m\u00e9dico do sono<\/a><\/u><\/span><\/span><span style=\"font-size: medium;\"> \u00e9 altamente indicado para identificar a gravidade da <\/span><span style=\"color: #1155cc;\"><span style=\"font-size: medium;\"><u><b><a href=\"https:\/\/www.cpaps.com.br\/blog\/apneia-do-sono-sintomas\/\">apneia do sono<\/a><\/b><\/u><\/span><\/span><span style=\"font-size: medium;\"> e at\u00e9 mesmo se h\u00e1 algum tipo de contraindica\u00e7\u00e3o.<\/span><\/p>\n<p class=\"western\" align=\"justify\">\u201c<span style=\"font-size: medium;\">Ao usar o <\/span><span style=\"font-size: medium;\"><b>CPAP <\/b><\/span><span style=\"font-size: medium;\">sem prescri\u00e7\u00e3o m\u00e9dica, o usu\u00e1rio pode apresentar alguns sintomas, como tontura e dores de cabe\u00e7a ou no corpo. Isso pode acontecer caso o indiv\u00edduo n\u00e3o tenha necessidade de fazer a terapia respirat\u00f3ria ou pelo uso da press\u00e3o inadequada\u201d, explica Cl\u00eadisson.<\/span><\/p>\n<h2 class=\"western\" align=\"justify\"><span style=\"font-size: medium;\">2- Como iniciar o tratamento da apneia do sono?<\/span><\/h2>\n<p class=\"western\" align=\"justify\"><span style=\"font-size: medium;\">O primeiro passo \u00e9 procurar um profissional e fazer uma <\/span><span style=\"color: #1155cc;\"><span style=\"font-size: medium;\"><u><a href=\"https:\/\/www.cpaps.com.br\/blog\/o-que-e-polissonografia\/\">polissonografia<\/a><\/u><\/span><\/span><span style=\"font-size: medium;\">, um exame q<\/span><span style=\"font-size: medium;\">ue monitora a qualidade do sono por meio de sensores fixados no corpo do paciente. Nes<\/span><span style=\"font-size: medium;\">se procedimento, a movimenta\u00e7\u00e3o dos olhos e das pernas s\u00e3o monitoradas, bem como a<\/span><span style=\"font-size: medium;\">s ondas cerebrais, a oxigena\u00e7\u00e3o do sangue, a frequ\u00eancia card\u00edaca e a atividade respirat\u00f3ria.<\/span><\/p><div id=\"cpaps-2726335689\" class=\"cpaps-desktop-single-post-content cpaps-entity-placement\" style=\"margin-left: auto;margin-right: auto;text-align: center;\"><a data-no-instant=\"1\" href=\"https:\/\/www.cpaps.com.br\/mascaras?utm_source=blog&#038;utm_medium=banner&#038;utm_campaign=mascaras\" rel=\"noopener\" class=\"a2t-link\" target=\"_blank\" aria-label=\"Banner_desktop___Meio_de_pagina001\"><img loading=\"lazy\" decoding=\"async\" src=\"https:\/\/www.cpaps.com.br\/mundo-do-sono\/wp-content\/uploads\/2025\/03\/Banner_desktop___Meio_de_pagina001.webp\" alt=\"\"  srcset=\"https:\/\/www.cpaps.com.br\/mundo-do-sono\/wp-content\/uploads\/2025\/03\/Banner_desktop___Meio_de_pagina001.webp 1920w, https:\/\/www.cpaps.com.br\/mundo-do-sono\/wp-content\/uploads\/2025\/03\/Banner_desktop___Meio_de_pagina001-768x111.webp 768w, https:\/\/www.cpaps.com.br\/mundo-do-sono\/wp-content\/uploads\/2025\/03\/Banner_desktop___Meio_de_pagina001-1024x148.webp 1024w, https:\/\/www.cpaps.com.br\/mundo-do-sono\/wp-content\/uploads\/2025\/03\/Banner_desktop___Meio_de_pagina001-1536x222.webp 1536w\" sizes=\"(max-width: 1920px) 100vw, 1920px\" width=\"1920\" height=\"277\"   \/><\/a><\/div>\n<p class=\"western\" align=\"justify\">\u201c<span style=\"font-size: medium;\">Ter esse acompanhamento m\u00e9dico \u00e9 de suma import\u00e2ncia. Ap\u00f3s o resultado da polissonografia, ser\u00e1 orientado o modelo de <\/span><span style=\"font-size: medium;\"><b>CPAP <\/b><\/span><span style=\"font-size: medium;\">ideal para as caracter\u00edsticas daquele indiv\u00edduo, conforme identificado no resultado do exame\u201d, completa Cl\u00eadisson.<\/span><\/p>\n<h2 class=\"western\" align=\"justify\"><span style=\"font-size: medium;\">Conte com a CPAPS!<\/span><\/h2>\n<p class=\"western\" align=\"justify\"><span style=\"font-size: medium;\">Visite a nossa <\/span><span style=\"color: #1155cc;\"><span style=\"font-size: medium;\"><u><a href=\"https:\/\/www.cpaps.com.br\/\">loja online<\/a><\/u><\/span><\/span><span style=\"font-size: medium;\">. N\u00f3s temos os melhores produtos para o seu <\/span><span style=\"font-size: medium;\"><b>tratamento da apneia do sono<\/b><\/span><span style=\"font-size: medium;\">. Em caso de d\u00favidas, temos uma central de atendimento com especialistas capacitados para te auxiliar: entre em contato conosco pelo whatsapp no (27) 3045-0605 e saiba mais!<\/span><\/p>\n<p class=\"western\" align=\"justify\"><span style=\"font-size: medium;\">Fonte: Cl\u00eadisson Souza \u2013 fisioterapeuta &#8211; CREFITO \u2013 246452\/ES<\/span><\/p>\n\n\n<div class=\"kk-star-ratings kksr-auto kksr-align-center kksr-valign-bottom\"\n    data-payload='{&quot;align&quot;:&quot;center&quot;,&quot;id&quot;:&quot;3812&quot;,&quot;slug&quot;:&quot;default&quot;,&quot;valign&quot;:&quot;bottom&quot;,&quot;ignore&quot;:&quot;&quot;,&quot;reference&quot;:&quot;auto&quot;,&quot;class&quot;:&quot;&quot;,&quot;count&quot;:&quot;0&quot;,&quot;legendonly&quot;:&quot;&quot;,&quot;readonly&quot;:&quot;&quot;,&quot;score&quot;:&quot;0&quot;,&quot;starsonly&quot;:&quot;&quot;,&quot;best&quot;:&quot;5&quot;,&quot;gap&quot;:&quot;5&quot;,&quot;greet&quot;:&quot;Avalie este post&quot;,&quot;legend&quot;:&quot;0\\\/5 - (0 voto)&quot;,&quot;size&quot;:&quot;24&quot;,&quot;title&quot;:&quot;Quais s\u00e3o os riscos de usar CPAP sem prescri\u00e7\u00e3o m\u00e9dica?&quot;,&quot;width&quot;:&quot;0&quot;,&quot;_legend&quot;:&quot;{score}\\\/{best} - ({count} {votes})&quot;,&quot;font_factor&quot;:&quot;1.25&quot;}'>\n            \n<div class=\"kksr-stars\">\n    \n<div class=\"kksr-stars-inactive\">\n            <div class=\"kksr-star\" data-star=\"1\" style=\"padding-right: 5px\">\n            \n\n<div class=\"kksr-icon\" style=\"width: 24px; height: 24px;\"><\/div>\n        <\/div>\n            <div class=\"kksr-star\" data-star=\"2\" style=\"padding-right: 5px\">\n            \n\n<div class=\"kksr-icon\" style=\"width: 24px; height: 24px;\"><\/div>\n        <\/div>\n            <div class=\"kksr-star\" data-star=\"3\" style=\"padding-right: 5px\">\n            \n\n<div class=\"kksr-icon\" style=\"width: 24px; height: 24px;\"><\/div>\n        <\/div>\n            <div class=\"kksr-star\" data-star=\"4\" style=\"padding-right: 5px\">\n            \n\n<div class=\"kksr-icon\" style=\"width: 24px; height: 24px;\"><\/div>\n        <\/div>\n            <div class=\"kksr-star\" data-star=\"5\" style=\"padding-right: 5px\">\n            \n\n<div class=\"kksr-icon\" style=\"width: 24px; height: 24px;\"><\/div>\n        <\/div>\n    <\/div>\n    \n<div class=\"kksr-stars-active\" style=\"width: 0px;\">\n            <div class=\"kksr-star\" style=\"padding-right: 5px\">\n            \n\n<div class=\"kksr-icon\" style=\"width: 24px; height: 24px;\"><\/div>\n        <\/div>\n            <div class=\"kksr-star\" style=\"padding-right: 5px\">\n            \n\n<div class=\"kksr-icon\" style=\"width: 24px; height: 24px;\"><\/div>\n        <\/div>\n            <div class=\"kksr-star\" style=\"padding-right: 5px\">\n            \n\n<div class=\"kksr-icon\" style=\"width: 24px; height: 24px;\"><\/div>\n        <\/div>\n            <div class=\"kksr-star\" style=\"padding-right: 5px\">\n            \n\n<div class=\"kksr-icon\" style=\"width: 24px; height: 24px;\"><\/div>\n        <\/div>\n            <div class=\"kksr-star\" style=\"padding-right: 5px\">\n            \n\n<div class=\"kksr-icon\" style=\"width: 24px; height: 24px;\"><\/div>\n        <\/div>\n    <\/div>\n<\/div>\n                \n\n<div class=\"kksr-legend\" style=\"font-size: 19.2px;\">\n            <span class=\"kksr-muted\">Avalie este post<\/span>\n    <\/div>\n    <\/div>\n","protected":false},"excerpt":{"rendered":"<p>J\u00e1 falamos muitas vezes aqui no blog sobre os benef\u00edcios do CPAP para o tratamento da apneia do sono. Para comprar um aparelho CPAP n\u00e3o \u00e9 preciso apresentar prescri\u00e7\u00e3o m\u00e9dica, mas fique atento: um acompanhamento com profissional \u00e9 essencial para evitar riscos ao usu\u00e1rio. N\u00f3s conversamos com o fisioterapeuta e especialista da CPAPS, Cl\u00eadisson Souza, [&hellip;]<\/p>\n","protected":false},"author":69,"featured_media":3813,"comment_status":"open","ping_status":"closed","sticky":false,"template":"","format":"standard","meta":{"_acf_changed":false,"_gspb_post_css":"","footnotes":"","rank_math_title":"","rank_math_description":"Para comprar um aparelho CPAP n\u00e3o \u00e9 preciso apresentar prescri\u00e7\u00e3o m\u00e9dica, mas o acompanhamento com profissional \u00e9 essencial. Saiba mais!","rank_math_focus_keyword":"cpap","rank_math_canonical_url":"","rank_math_robots":null,"rank_math_advanced_robots":"","rank_math_facebook_title":"","rank_math_facebook_description":"","rank_math_facebook_image":"","rank_math_facebook_image_id":"","rank_math_twitter_title":"","rank_math_twitter_description":"","rank_math_twitter_image":"","rank_math_twitter_card_type":"","rank_math_schema_Article":"","rank_math_schema_FAQPage":"","rank_math_schema_HowTo":"","rank_math_rich_snippet":"","rank_math_primary_category":"2","rank_math_seo_score":"","rank_math_internal_links_processed":"1"},"categories":[1629,1631],"tags":[8,30],"class_list":["post-3812","post","type-post","status-publish","format-standard","has-post-thumbnail","hentry","category-disturbios-do-sono","category-insonia","tag-apneia","tag-cpap"],"blocksy_meta":{"styles_descriptor":{"styles":{"desktop":"","tablet":"","mobile":""},"google_fonts":[],"version":7}},"acf":[],"_links":{"self":[{"href":"https:\/\/www.cpaps.com.br\/mundo-do-sono\/wp-json\/wp\/v2\/posts\/3812","targetHints":{"allow":["GET"]}}],"collection":[{"href":"https:\/\/www.cpaps.com.br\/mundo-do-sono\/wp-json\/wp\/v2\/posts"}],"about":[{"href":"https:\/\/www.cpaps.com.br\/mundo-do-sono\/wp-json\/wp\/v2\/types\/post"}],"author":[{"embeddable":true,"href":"https:\/\/www.cpaps.com.br\/mundo-do-sono\/wp-json\/wp\/v2\/users\/69"}],"replies":[{"embeddable":true,"href":"https:\/\/www.cpaps.com.br\/mundo-do-sono\/wp-json\/wp\/v2\/comments?post=3812"}],"version-history":[{"count":1,"href":"https:\/\/www.cpaps.com.br\/mundo-do-sono\/wp-json\/wp\/v2\/posts\/3812\/revisions"}],"predecessor-version":[{"id":20203,"href":"https:\/\/www.cpaps.com.br\/mundo-do-sono\/wp-json\/wp\/v2\/posts\/3812\/revisions\/20203"}],"wp:featuredmedia":[{"embeddable":true,"href":"https:\/\/www.cpaps.com.br\/mundo-do-sono\/wp-json\/wp\/v2\/media\/3813"}],"wp:attachment":[{"href":"https:\/\/www.cpaps.com.br\/mundo-do-sono\/wp-json\/wp\/v2\/media?parent=3812"}],"wp:term":[{"taxonomy":"category","embeddable":true,"href":"https:\/\/www.cpaps.com.br\/mundo-do-sono\/wp-json\/wp\/v2\/categories?post=3812"},{"taxonomy":"post_tag","embeddable":true,"href":"https:\/\/www.cpaps.com.br\/mundo-do-sono\/wp-json\/wp\/v2\/tags?post=3812"}],"curies":[{"name":"wp","href":"https:\/\/api.w.org\/{rel}","templated":true}]}}