{"id":3656,"date":"2023-06-30T10:00:12","date_gmt":"2023-06-30T13:00:12","guid":{"rendered":"https:\/\/www.cpaps.com.br\/blog\/?p=3656"},"modified":"2026-06-19T11:41:50","modified_gmt":"2026-06-19T14:41:50","slug":"apneia-do-sono-e-diabetes","status":"publish","type":"post","link":"https:\/\/www.cpaps.com.br\/mundo-do-sono\/apneia-do-sono-e-diabetes\/","title":{"rendered":"Diabetes e apneia t\u00eam rela\u00e7\u00e3o e voc\u00ea precisa saber qual"},"content":{"rendered":"<p><span style=\"font-weight: 400;\">Voc\u00ea j\u00e1 imaginou que a apneia do sono e diabetes podem estar diretamente relacionadas? Estimativas da Sociedade Brasileira de Diabetes (SBD) apontam que a doen\u00e7a atinge cerca de 6,9% da popula\u00e7\u00e3o brasileira, totalizando mais de 13 milh\u00f5es de pessoas acometidas com a diabetes mellitus no Brasil.<\/span><\/p>\n<p><span style=\"font-weight: 400;\">Segundo alguns dados divulgados pela Organiza\u00e7\u00e3o Mundial da Sa\u00fade (OMS), a incid\u00eancia da diabetes aumentou 61,8% em 10 anos no pa\u00eds. V\u00e1rios fatores desempenham papel importante para este crescimento, como obesidade, sedentarismo, alimenta\u00e7\u00e3o inadequada e, tamb\u00e9m, a qualidade do sono.<\/span><\/p>\n<p><span style=\"font-weight: 400;\">Para quem tem apneia do sono, o risco pode ser ainda maior: uma noite mal dormida aumenta o n\u00edvel de cortisol, horm\u00f4nio respons\u00e1vel por controlar o n\u00edvel de a\u00e7\u00facar no sangue. Confira alguns impactos que a diabetes e a apneia n\u00e3o tratadas podem ter em sua sa\u00fade!<\/span><\/p>\n<h2><b>Diabetes mellitus: o que \u00e9, tipos e sintomas<\/b><\/h2>\n<p><span style=\"font-weight: 400;\">De acordo com o Minist\u00e9rio da Sa\u00fade, a diabetes \u00e9 uma doen\u00e7a cr\u00f4nica que se caracteriza pela produ\u00e7\u00e3o insuficiente ou m\u00e1 absor\u00e7\u00e3o de insulina, o horm\u00f4nio respons\u00e1vel pela regula\u00e7\u00e3o da glicose presente no sangue. Esse horm\u00f4nio tem como fun\u00e7\u00e3o a quebra das mol\u00e9culas de a\u00e7\u00facar, as transformando em energia, que \u00e9 utilizada como \u201ccombust\u00edvel\u201d pelas nossas c\u00e9lulas.<\/span><\/p><div id=\"cpaps-797517990\" class=\"cpaps-desktop-single-post-content cpaps-entity-placement\" style=\"margin-left: auto;margin-right: auto;text-align: center;\"><a data-no-instant=\"1\" href=\"https:\/\/www.cpaps.com.br\/mascaras?utm_source=blog&#038;utm_medium=banner&#038;utm_campaign=mascaras\" rel=\"noopener\" class=\"a2t-link\" target=\"_blank\" aria-label=\"Banner_desktop___Meio_de_pagina001\"><img loading=\"lazy\" decoding=\"async\" src=\"https:\/\/www.cpaps.com.br\/mundo-do-sono\/wp-content\/uploads\/2025\/03\/Banner_desktop___Meio_de_pagina001.webp\" alt=\"\"  srcset=\"https:\/\/www.cpaps.com.br\/mundo-do-sono\/wp-content\/uploads\/2025\/03\/Banner_desktop___Meio_de_pagina001.webp 1920w, https:\/\/www.cpaps.com.br\/mundo-do-sono\/wp-content\/uploads\/2025\/03\/Banner_desktop___Meio_de_pagina001-768x111.webp 768w, https:\/\/www.cpaps.com.br\/mundo-do-sono\/wp-content\/uploads\/2025\/03\/Banner_desktop___Meio_de_pagina001-1024x148.webp 1024w, https:\/\/www.cpaps.com.br\/mundo-do-sono\/wp-content\/uploads\/2025\/03\/Banner_desktop___Meio_de_pagina001-1536x222.webp 1536w\" sizes=\"(max-width: 1920px) 100vw, 1920px\" width=\"1920\" height=\"277\"   \/><\/a><\/div>\n<p><span style=\"font-weight: 400;\">Por sua vez, essa doen\u00e7a causa um aumento da glicemia, devido ao problema de produ\u00e7\u00e3o da insulina. Esse pico nas taxas de glicemia s\u00e3o muito danosos ao organismo, podendo ocasionar problemas \u00e0 sa\u00fade do cora\u00e7\u00e3o, art\u00e9rias, olhos e, em casos mais graves, levar \u00e0 morte. E, ainda, h\u00e1 mais de um tipo e causa para a doen\u00e7a, confira cada um a seguir.<\/span><\/p>\n<h3><span style=\"font-weight: 400;\">Pr\u00e9-diabetes<\/span><\/h3>\n<p><span style=\"font-weight: 400;\">\u00c9 um per\u00edodo onde os n\u00edveis de glicose presentes no sangue est\u00e3o bem mais altos do que o comum, mas ainda n\u00e3o chegaram ao est\u00e1gio onde o problema se caracteriza como diabetes. Geralmente, a pessoa \u00e9 considerada em est\u00e1gio de pr\u00e9-diabetes quando suas taxas de glicose se encontram entre 100 e 126 mg\/dl em jejum.<\/span><\/p>\n<p><span style=\"font-weight: 400;\">Segundo o afirmado pelo Minist\u00e9rio da Sa\u00fade, \u00e9 importante que a pr\u00e9-diabetes seja identificada o quanto antes, j\u00e1 que, somente durante essa fase, \u00e9 poss\u00edvel reverter o caso. Contudo, ainda pelo dito pela institui\u00e7\u00e3o, cerca de 50% das pessoas em estado pr\u00e9-diabetico desenvolvem a diabetes mellitus cr\u00f4nica, estado irrevers\u00edvel da doen\u00e7a.<\/span><\/p>\n<p><span style=\"font-weight: 400;\">O estado pr\u00e9-diabetico est\u00e1 comumente ligado a fatores gen\u00e9ticos, ganho de peso, sedentarismo e uma alimenta\u00e7\u00e3o muito cal\u00f3rica. Al\u00e9m disso, comumente, a pr\u00e9-diabetes \u00e9 uma doen\u00e7a\u00a0 silenciosa, j\u00e1 que quase nunca ocasiona sintomas, por isso h\u00e1 a necessidade de acompanhamento regular \u00e0 sa\u00fade. Contudo, h\u00e1 alguns sinais aos quais voc\u00ea pode se atentar, como o escurecimento da pele do pesco\u00e7o, virilha e axilas.<\/span><\/p>\n<figure id=\"attachment_12558\" aria-describedby=\"caption-attachment-12558\" style=\"width: 1000px\" class=\"wp-caption aligncenter\"><img loading=\"lazy\" decoding=\"async\" class=\"size-full wp-image-12558\" src=\"https:\/\/www.cpaps.com.br\/blog\/wp-content\/uploads\/2018\/12\/Diabetes-mellitus.jpg\" alt=\"Diabetes mellitus\" width=\"1000\" height=\"667\" srcset=\"https:\/\/www.cpaps.com.br\/mundo-do-sono\/wp-content\/uploads\/2018\/12\/Diabetes-mellitus.jpg 1000w, https:\/\/www.cpaps.com.br\/mundo-do-sono\/wp-content\/uploads\/2018\/12\/Diabetes-mellitus-768x512.jpg 768w\" sizes=\"auto, (max-width: 1000px) 100vw, 1000px\" \/><figcaption id=\"caption-attachment-12558\" class=\"wp-caption-text\"><em>A diabetes \u00e9 uma doen\u00e7a cr\u00f4nica que se identifica por meio do teste de glicemia.<\/em><\/figcaption><\/figure>\n<h3><span style=\"font-weight: 400;\">Diabetes Tipo 1<\/span><\/h3>\n<p><span style=\"font-weight: 400;\">A diabetes tipo 1 \u00e9 uma doen\u00e7a heredit\u00e1ria cr\u00f4nica, ou seja, essa variante da patologia s\u00f3 se manifesta em pessoas que contam com predisposi\u00e7\u00e3o gen\u00e9tica. No caso da diabetes tipo 1, as c\u00e9lulas do p\u00e2ncreas s\u00e3o incapazes de produzir a insulina necess\u00e1ria para a quebra da glicose presente no sangue.<\/span><\/p>\n<h4><span style=\"font-weight: 400;\">Diabetes tipo 1: sintomas<\/span><\/h4>\n<ul>\n<li style=\"font-weight: 400;\" aria-level=\"1\"><span style=\"font-weight: 400;\">Fome constante;<\/span><\/li>\n<li style=\"font-weight: 400;\" aria-level=\"1\"><span style=\"font-weight: 400;\">Sede frequente;<\/span><\/li>\n<li style=\"font-weight: 400;\" aria-level=\"1\"><span style=\"font-weight: 400;\">Perda de peso;<\/span><\/li>\n<li style=\"font-weight: 400;\" aria-level=\"1\"><span style=\"font-weight: 400;\">Fraqueza;<\/span><\/li>\n<li style=\"font-weight: 400;\" aria-level=\"1\"><span style=\"font-weight: 400;\">Fadiga;<\/span><\/li>\n<li style=\"font-weight: 400;\" aria-level=\"1\"><span style=\"font-weight: 400;\">Altera\u00e7\u00f5es de humor;<\/span><\/li>\n<li style=\"font-weight: 400;\" aria-level=\"1\"><span style=\"font-weight: 400;\">Vontade de urinar recorrente;<\/span><\/li>\n<li style=\"font-weight: 400;\" aria-level=\"1\"><span style=\"font-weight: 400;\">N\u00e1useas e v\u00f4mito.<\/span><\/li>\n<\/ul>\n<h3><span style=\"font-weight: 400;\">Diabetes Tipo 2<\/span><\/h3>\n<p><span style=\"font-weight: 400;\">No caso da tipo 2, o corpo n\u00e3o aproveita adequadamente toda a insulina produzida pelo p\u00e2ncreas. Diferentemente da tipo 1, esta varia\u00e7\u00e3o est\u00e1 mais comumente ligada aos h\u00e1bitos da pessoa, como a alimenta\u00e7\u00e3o, sedentarismo, sobrepeso e hipertens\u00e3o, sem nenhuma rela\u00e7\u00e3o com a predisposi\u00e7\u00e3o gen\u00e9tica ao desenvolvimento da doen\u00e7a.<\/span><\/p>\n<p><span style=\"font-weight: 400;\">Al\u00e9m disso, h\u00e1 a Diabetes Latente Autoimune do Adulto (LADA), que \u00e9 uma vers\u00e3o da diabetes tipo 2 agravada e atinge unicamente os adultos. No caso da LADA, h\u00e1 o desenvolvimento de um processo autoimune no organismo, onde o corpo come\u00e7a a atacar as c\u00e9lulas do pr\u00f3prio p\u00e2ncreas.<\/span><\/p>\n<h4><span style=\"font-weight: 400;\">Diabetes tipo 2: sintomas<\/span><\/h4>\n<ul>\n<li style=\"font-weight: 400;\" aria-level=\"1\"><span style=\"font-weight: 400;\">Fome constante;<\/span><\/li>\n<li style=\"font-weight: 400;\" aria-level=\"1\"><span style=\"font-weight: 400;\">Sede frequente;<\/span><\/li>\n<li style=\"font-weight: 400;\" aria-level=\"1\"><span style=\"font-weight: 400;\">Sensa\u00e7\u00e3o de formigamento nos p\u00e9s ou m\u00e3os;<\/span><\/li>\n<li style=\"font-weight: 400;\" aria-level=\"1\"><span style=\"font-weight: 400;\">Vontade constante;<\/span><\/li>\n<li style=\"font-weight: 400;\" aria-level=\"1\"><span style=\"font-weight: 400;\">Infec\u00e7\u00f5es recorrentes na bexiga, rins e pele;<\/span><\/li>\n<li style=\"font-weight: 400;\" aria-level=\"1\"><span style=\"font-weight: 400;\">Feridas que demoram muito para cicatrizar;<\/span><\/li>\n<li style=\"font-weight: 400;\" aria-level=\"1\"><span style=\"font-weight: 400;\">Vis\u00e3o emba\u00e7ada.<\/span><\/li>\n<\/ul>\n<h3><span style=\"font-weight: 400;\">Descubra como diagnosticar a doen\u00e7a<\/span><\/h3>\n<p><span style=\"font-weight: 400;\">A \u00fanica forma de detectar a doen\u00e7a \u00e9 por meio do exame de glicemia em jejum. Caso o exame apresente o resultado entre 70 e 100 mg\/dl, \u00e9 considerado normal. Contudo, entre 100 e 125 mg\/dl, \u00e9 considerado um estado de pr\u00e9-diabetes. Por fim, ao apresentar taxas acima de 126 mg\/dl em dois exames seguidos, ela j\u00e1 \u00e9 considerada diab\u00e9tica, estado onde j\u00e1 n\u00e3o h\u00e1 como reverter o caso.<\/span><\/p>\n<h2><b>Entenda a rela\u00e7\u00e3o entre apneia do sono e diabetes<\/b><\/h2>\n<p><span style=\"font-weight: 400;\">Apesar de serem dist\u00farbios completamente diferentes, a apneia do sono e a diabetes t\u00eam muitas caracter\u00edsticas cl\u00ednicas em comum. Um dos principais fatores comuns \u00e9 a obesidade, que gera malef\u00edcios para a sa\u00fade, principalmente quando est\u00e1 aliada ao sedentarismo e m\u00e1 alimenta\u00e7\u00e3o.<\/span><\/p>\n<p><span style=\"font-weight: 400;\">A apneia do sono, por si s\u00f3, n\u00e3o justifica a causa exata da diabetes. Mas o fisioterapeuta Eduardo Partata explica que a apneia do sono provoca a baixa qualidade do sono e uma anormalidade metab\u00f3lica. Ela leva o organismo a aumentar a produ\u00e7\u00e3o de horm\u00f4nios que s\u00e3o resistentes \u00e0 insulina, o que colabora para a patologia.<\/span><\/p>\n<p><span style=\"font-weight: 400;\">Al\u00e9m disso, estudos apontam que o aumento da idade, resist\u00eancia \u00e0 insulina, hipertens\u00e3o e maior incid\u00eancia no sexo masculino tamb\u00e9m s\u00e3o caracter\u00edsticas em comum entre as doen\u00e7as. \u201cQuem dorme mal tem mais chances de desenvolver diabetes, pois os n\u00edveis de cortisol sobem e dificultam a a\u00e7\u00e3o da insulina, aumentando a glicemia e, consequentemente, o risco de diabetes\u201d, explicou.<\/span><\/p>\n<p><b>Leia tamb\u00e9m:<\/b><\/p>\n<p><b>+ <\/b><a href=\"https:\/\/www.cpaps.com.br\/blog\/pouca-libido\/\"><b>Apneia do sono pode ocasionar pouca libido<\/b><\/a><\/p>\n<p><b>+ <\/b><a href=\"https:\/\/www.cpaps.com.br\/blog\/apneia-cuidados-alem-tratamento\/\"><b>Apneia do sono: h\u00e1bitos saud\u00e1veis ajudam a dormir melhor<\/b><\/a><\/p>\n<h2><b>Atente-se ao tratamento dos dois dist\u00farbios<\/b><\/h2>\n<p><span style=\"font-weight: 400;\">Para uma vida mais saud\u00e1vel \u00e9 preciso tratar ambos os dist\u00farbios. Contudo, muitas pessoas n\u00e3o sabem exatamente como se d\u00e1 o tratamento de cada doen\u00e7a. Neste post, explicamos melhor como funciona a terapia respirat\u00f3ria para a apneia do sono e a forma de tratar a diabetes. Continue a leitura e confira agora mesmo!<\/span><\/p>\n<h3><span style=\"font-weight: 400;\">Como tratar a diabetes?<\/span><\/h3>\n<p><span style=\"font-weight: 400;\">O tratamento da doen\u00e7a depende de qual o seu tipo. No caso da diabetes tipo 1, o tratamento se d\u00e1 por meio da aplica\u00e7\u00e3o di\u00e1ria da insulina injet\u00e1vel, de acordo com as orienta\u00e7\u00f5es m\u00e9dicas. Al\u00e9m disso, para uma vida mais saud\u00e1vel \u00e9 necess\u00e1rio, tamb\u00e9m, fazer o acompanhamento di\u00e1rio da glicemia em jejum e cuidar da alimenta\u00e7\u00e3o, bem como realizar exerc\u00edcios f\u00edsicos regulares.<\/span><\/p>\n<p><span style=\"font-weight: 400;\">Para a manuten\u00e7\u00e3o correta da diabetes tipo 2, \u00e9 necess\u00e1rio, primeiramente, realizar uma mudan\u00e7a de h\u00e1bitos. Uma alimenta\u00e7\u00e3o saud\u00e1vel, pr\u00e1tica de exerc\u00edcios e perda de peso se fazem necess\u00e1rios. Contudo, caso as taxas de glicemia n\u00e3o diminuam, o m\u00e9dico pode indicar o uso de antidiab\u00e9ticos orais e, em casos mais severos, a insulina injet\u00e1vel.<\/span><\/p>\n<h3><span style=\"font-weight: 400;\">Fique por dentro de como prevenir a diabetes<\/span><\/h3>\n<p><span style=\"font-weight: 400;\">A preven\u00e7\u00e3o da doen\u00e7a, bem como o tratamento da pr\u00e9-diabetes, se d\u00e1 por algumas mudan\u00e7as de h\u00e1bitos. Para come\u00e7ar, \u00e9 necess\u00e1rio reduzir o consumo de sal, gordura e a\u00e7\u00facar. Al\u00e9m disso, o consumo de muito carboidrato n\u00e3o \u00e9 muito indicado.<\/span><\/p>\n<p><span style=\"font-weight: 400;\">A realiza\u00e7\u00e3o de exerc\u00edcios f\u00edsicos diariamente tamb\u00e9m \u00e9 necess\u00e1ria para a preven\u00e7\u00e3o a diabetes e a ins\u00f4nia, assim como uma alimenta\u00e7\u00e3o nutritiva, rica em legumes, verduras e frutas. Outro\u00a0 ponto importante para a preven\u00e7\u00e3o \u00e0 diabetes e tratamento da pr\u00e9-diabetes \u00e9 o acompanhamento regular das taxas de glicemia.<\/span><\/p>\n<figure id=\"attachment_12646\" aria-describedby=\"caption-attachment-12646\" style=\"width: 1000px\" class=\"wp-caption aligncenter\"><img loading=\"lazy\" decoding=\"async\" class=\"size-full wp-image-12646\" src=\"https:\/\/www.cpaps.com.br\/blog\/wp-content\/uploads\/2021\/11\/Como-prevenir-a-diabetes.jpg\" alt=\"Como prevenir a diabetes\" width=\"1000\" height=\"667\" srcset=\"https:\/\/www.cpaps.com.br\/mundo-do-sono\/wp-content\/uploads\/2021\/11\/Como-prevenir-a-diabetes.jpg 1000w, https:\/\/www.cpaps.com.br\/mundo-do-sono\/wp-content\/uploads\/2021\/11\/Como-prevenir-a-diabetes-768x512.jpg 768w\" sizes=\"auto, (max-width: 1000px) 100vw, 1000px\" \/><figcaption id=\"caption-attachment-12646\" class=\"wp-caption-text\"><em>Para tratar a diabetes corretamente, \u00e9 indispens\u00e1vel que se mantenha uma boa alimenta\u00e7\u00e3o e uma rotina de exerc\u00edcios.<\/em><\/figcaption><\/figure>\n<h3><span style=\"font-weight: 400;\">Entenda como tratar a apneia do sono<\/span><\/h3>\n<p><span style=\"font-weight: 400;\">No caso da apneia do sono, o tratamento mais indicado \u00e9 o uso de aparelho CPAP, que gera um fluxo de ar para o usu\u00e1rio. Esse tratamento impede o entupimento das vias a\u00e9reas, evitando as paradas respirat\u00f3rias causadas pelo dist\u00farbio. \u201c\u00c9 um tratamento muito eficiente para a apneia obstrutiva do sono, pois ele oferece benef\u00edcios imediatos para a sa\u00fade e qualidade de vida\u201d, completa Eduardo.<\/span><\/p>\n<p><span style=\"font-weight: 400;\">Na <\/span><a href=\"https:\/\/www.cpaps.com.br\/\"><b>loja online da CPAPS<\/b><\/a><span style=\"font-weight: 400;\">, voc\u00ea encontra uma s\u00e9rie de equipamentos CPAPs diferentes para iniciar agora mesmo o seu tratamento contra a apneia do sono. Al\u00e9m disso, por l\u00e1 voc\u00ea encontra todos os acess\u00f3rios, m\u00e1scaras e umidificadores para a terapia respirat\u00f3ria. Acesse nossa loja agora mesmo <\/span><a href=\"https:\/\/www.cpaps.com.br\/\"><b>clicando aqui<\/b><\/a><span style=\"font-weight: 400;\"> e comece seu tratamento ainda este m\u00eas!\u00a0<\/span><\/p>\n<p><b>Fontes:<\/b><span style=\"font-weight: 400;\"> Eduardo Partata \u2013 fisioterapeuta \u2013 CREFITO \u2013 3\/121, <\/span><a href=\"https:\/\/diabetes.org.br\/\" target=\"_blank\" rel=\"noopener\"><span style=\"font-weight: 400;\">Sociedade Brasileira de Diabetes<\/span><\/a><span style=\"font-weight: 400;\">, <\/span><a href=\"https:\/\/www.gov.br\/saude\/pt-br\/assuntos\/saude-de-a-a-z\/d\/diabetes\" target=\"_blank\" rel=\"noopener\"><span style=\"font-weight: 400;\">Minist\u00e9rio da Sa\u00fade<\/span><\/a><span style=\"font-weight: 400;\">, <\/span><a href=\"https:\/\/saude.abril.com.br\/coluna\/com-a-palavra\/o-pre-diabetes-sempre-vira-diabetes#:~:text=Ou%20seja%2C%20um%20indiv%C3%ADduo%20tem,de%20sangue%20que%20d%C3%A1%20uma\" target=\"_blank\" rel=\"noopener\"><span style=\"font-weight: 400;\">Sa\u00fade Abril<\/span><\/a><span style=\"font-weight: 400;\"> e <\/span><a href=\"https:\/\/saude.abril.com.br\/bem-estar\/diabete-exames-de-rotina-e-diagnostico\/\" target=\"_blank\" rel=\"noopener\"><span style=\"font-weight: 400;\">Veja Sa\u00fade<\/span><\/a><span style=\"font-weight: 400;\">.<\/span><\/p>\n\n\n<div class=\"kk-star-ratings kksr-auto kksr-align-center kksr-valign-bottom\"\n    data-payload='{&quot;align&quot;:&quot;center&quot;,&quot;id&quot;:&quot;3656&quot;,&quot;slug&quot;:&quot;default&quot;,&quot;valign&quot;:&quot;bottom&quot;,&quot;ignore&quot;:&quot;&quot;,&quot;reference&quot;:&quot;auto&quot;,&quot;class&quot;:&quot;&quot;,&quot;count&quot;:&quot;1&quot;,&quot;legendonly&quot;:&quot;&quot;,&quot;readonly&quot;:&quot;&quot;,&quot;score&quot;:&quot;5&quot;,&quot;starsonly&quot;:&quot;&quot;,&quot;best&quot;:&quot;5&quot;,&quot;gap&quot;:&quot;5&quot;,&quot;greet&quot;:&quot;Avalie este post&quot;,&quot;legend&quot;:&quot;5\\\/5 - (1 voto)&quot;,&quot;size&quot;:&quot;24&quot;,&quot;title&quot;:&quot;Diabetes e apneia t\u00eam rela\u00e7\u00e3o e voc\u00ea precisa saber qual&quot;,&quot;width&quot;:&quot;142.5&quot;,&quot;_legend&quot;:&quot;{score}\\\/{best} - ({count} {votes})&quot;,&quot;font_factor&quot;:&quot;1.25&quot;}'>\n            \n<div class=\"kksr-stars\">\n    \n<div class=\"kksr-stars-inactive\">\n            <div class=\"kksr-star\" data-star=\"1\" style=\"padding-right: 5px\">\n            \n\n<div class=\"kksr-icon\" style=\"width: 24px; height: 24px;\"><\/div>\n        <\/div>\n            <div class=\"kksr-star\" data-star=\"2\" style=\"padding-right: 5px\">\n            \n\n<div class=\"kksr-icon\" style=\"width: 24px; height: 24px;\"><\/div>\n        <\/div>\n            <div class=\"kksr-star\" data-star=\"3\" style=\"padding-right: 5px\">\n            \n\n<div class=\"kksr-icon\" style=\"width: 24px; height: 24px;\"><\/div>\n        <\/div>\n            <div class=\"kksr-star\" data-star=\"4\" style=\"padding-right: 5px\">\n            \n\n<div class=\"kksr-icon\" style=\"width: 24px; height: 24px;\"><\/div>\n        <\/div>\n            <div class=\"kksr-star\" data-star=\"5\" style=\"padding-right: 5px\">\n            \n\n<div class=\"kksr-icon\" style=\"width: 24px; height: 24px;\"><\/div>\n        <\/div>\n    <\/div>\n    \n<div class=\"kksr-stars-active\" style=\"width: 142.5px;\">\n            <div class=\"kksr-star\" style=\"padding-right: 5px\">\n            \n\n<div class=\"kksr-icon\" style=\"width: 24px; height: 24px;\"><\/div>\n        <\/div>\n            <div class=\"kksr-star\" style=\"padding-right: 5px\">\n            \n\n<div class=\"kksr-icon\" style=\"width: 24px; height: 24px;\"><\/div>\n        <\/div>\n            <div class=\"kksr-star\" style=\"padding-right: 5px\">\n            \n\n<div class=\"kksr-icon\" style=\"width: 24px; height: 24px;\"><\/div>\n        <\/div>\n            <div class=\"kksr-star\" style=\"padding-right: 5px\">\n            \n\n<div class=\"kksr-icon\" style=\"width: 24px; height: 24px;\"><\/div>\n        <\/div>\n            <div class=\"kksr-star\" style=\"padding-right: 5px\">\n            \n\n<div class=\"kksr-icon\" style=\"width: 24px; height: 24px;\"><\/div>\n        <\/div>\n    <\/div>\n<\/div>\n                \n\n<div class=\"kksr-legend\" style=\"font-size: 19.2px;\">\n            5\/5 - (1 voto)    <\/div>\n    <\/div>\n","protected":false},"excerpt":{"rendered":"<p>Voc\u00ea j\u00e1 parou para pensar que a diabetes e a apneia do sono podem estar relacionadas? Neste post te contamos como est\u00e3o associadas. Confira!<\/p>\n","protected":false},"author":69,"featured_media":12560,"comment_status":"open","ping_status":"closed","sticky":false,"template":"","format":"standard","meta":{"_acf_changed":false,"_gspb_post_css":"","footnotes":"","rank_math_title":"","rank_math_description":"Voc\u00ea j\u00e1 parou para pensar que a diabetes e a apneia do sono podem estar relacionadas? Neste post te contamos como est\u00e3o associadas. Confira!","rank_math_focus_keyword":"diabetes","rank_math_canonical_url":"","rank_math_robots":null,"rank_math_advanced_robots":"","rank_math_facebook_title":"","rank_math_facebook_description":"","rank_math_facebook_image":"","rank_math_facebook_image_id":"","rank_math_twitter_title":"","rank_math_twitter_description":"","rank_math_twitter_image":"","rank_math_twitter_card_type":"","rank_math_schema_Article":"","rank_math_schema_FAQPage":"","rank_math_schema_HowTo":"","rank_math_rich_snippet":"","rank_math_primary_category":"","rank_math_seo_score":"","rank_math_internal_links_processed":"1"},"categories":[1629,1631],"tags":[8,14],"class_list":["post-3656","post","type-post","status-publish","format-standard","has-post-thumbnail","hentry","category-disturbios-do-sono","category-insonia","tag-apneia","tag-sono"],"blocksy_meta":{"styles_descriptor":{"styles":{"desktop":"","tablet":"","mobile":""},"google_fonts":[],"version":7}},"acf":[],"_links":{"self":[{"href":"https:\/\/www.cpaps.com.br\/mundo-do-sono\/wp-json\/wp\/v2\/posts\/3656","targetHints":{"allow":["GET"]}}],"collection":[{"href":"https:\/\/www.cpaps.com.br\/mundo-do-sono\/wp-json\/wp\/v2\/posts"}],"about":[{"href":"https:\/\/www.cpaps.com.br\/mundo-do-sono\/wp-json\/wp\/v2\/types\/post"}],"author":[{"embeddable":true,"href":"https:\/\/www.cpaps.com.br\/mundo-do-sono\/wp-json\/wp\/v2\/users\/69"}],"replies":[{"embeddable":true,"href":"https:\/\/www.cpaps.com.br\/mundo-do-sono\/wp-json\/wp\/v2\/comments?post=3656"}],"version-history":[{"count":1,"href":"https:\/\/www.cpaps.com.br\/mundo-do-sono\/wp-json\/wp\/v2\/posts\/3656\/revisions"}],"predecessor-version":[{"id":20114,"href":"https:\/\/www.cpaps.com.br\/mundo-do-sono\/wp-json\/wp\/v2\/posts\/3656\/revisions\/20114"}],"wp:featuredmedia":[{"embeddable":true,"href":"https:\/\/www.cpaps.com.br\/mundo-do-sono\/wp-json\/wp\/v2\/media\/12560"}],"wp:attachment":[{"href":"https:\/\/www.cpaps.com.br\/mundo-do-sono\/wp-json\/wp\/v2\/media?parent=3656"}],"wp:term":[{"taxonomy":"category","embeddable":true,"href":"https:\/\/www.cpaps.com.br\/mundo-do-sono\/wp-json\/wp\/v2\/categories?post=3656"},{"taxonomy":"post_tag","embeddable":true,"href":"https:\/\/www.cpaps.com.br\/mundo-do-sono\/wp-json\/wp\/v2\/tags?post=3656"}],"curies":[{"name":"wp","href":"https:\/\/api.w.org\/{rel}","templated":true}]}}