{"id":3437,"date":"2018-11-05T17:43:08","date_gmt":"2018-11-05T20:43:08","guid":{"rendered":"https:\/\/www.cpaps.com.br\/blog\/?p=3437"},"modified":"2026-06-18T21:31:57","modified_gmt":"2026-06-19T00:31:57","slug":"esclerose-lateral-amiotrofica-e-bipap-qual-a-relacao","status":"publish","type":"post","link":"https:\/\/www.cpaps.com.br\/mundo-do-sono\/esclerose-lateral-amiotrofica-e-bipap-qual-a-relacao\/","title":{"rendered":"Esclerose lateral amiotr\u00f3fica e BiPAP: qual a rela\u00e7\u00e3o?"},"content":{"rendered":"<p class=\"western\"><span style=\"color: #000000;\">Os aparelhos bin\u00edveis, BiPAP e VPAP, possuem uma fun\u00e7\u00e3o muito importante no tratamento da <\/span><span style=\"color: #000000;\"><b>esclerose lateral amiotr\u00f3fica<\/b><\/span><span style=\"color: #000000;\"> (ELA), voc\u00ea sabia? Os dispositivos melhoram a qualidade de vida e aumentam o tempo de sobrevida da pessoa em tratamento. N\u00f3s conversamos com nossa fisioterapeuta Aline Erika, que nos explicou melhor sobre como \u00e9 feita a terapia respirat\u00f3ria. Leia mais!<\/span><\/p>\n<p><!--more--><\/p>\n<h2 class=\"western\"><span style=\"color: #000000;\"><b>O que \u00e9 esclerose lateral amiotr\u00f3fica (ELA)?<\/b><\/span><\/h2>\n<p class=\"western\"><span style=\"color: #000000;\">A esclerose lateral amiotr\u00f3fica (ELA) \u00e9 uma doen\u00e7a que causa a degenera\u00e7\u00e3o e morte dos neur\u00f4nios motores no c\u00f3rtex, no tronco e na medula espinhal. Em geral, a patologia atinge pessoas entre 50 e 60 anos, acometendo duas vezes mais homens do que mulheres. <\/span><\/p>\n<p align=\"center\"><img loading=\"lazy\" decoding=\"async\" class=\"alignnone wp-image-3439\" src=\"https:\/\/www.cpaps.com.br\/blog\/wp-content\/uploads\/2018\/11\/esclerose-Lateral-Amiotr\u00f3fica-300x167.jpg\" alt=\"esclerose-Lateral-Amiotr\u00f3fica\" width=\"600\" height=\"333\" \/><\/p>\n<p class=\"western\"><span style=\"color: #000000;\">De acordo com Aline Erika, a ELA \u00e9 uma doen\u00e7a progressiva e pode ser fatal ao paciente. \u201cA <\/span><span style=\"color: #000000;\"><b>esclerose lateral amiotr\u00f3fica<\/b><\/span><span style=\"color: #000000;\"> evolui com preju\u00edzo, debilidade e atrofia da musculatura respirat\u00f3ria de membros inferiores, superiores e do tronco. Isso causa consequ\u00eancias como o desenvolvimento de dist\u00farbios do sono, stress psicossocial e at\u00e9 o \u00f3bito\u201d, explica.<\/span><\/p>\n<h2 class=\"western\"><b>BiPAP: como o dispositivo \u00e9 utilizado no tratamento da ELA?<\/b><\/h2>\n<p><span style=\"color: #000000;\">Com a evolu\u00e7\u00e3o da doen\u00e7a, as complica\u00e7\u00f5es respirat\u00f3rias acabam aparecendo, uma vez que a musculatura respirat\u00f3ria enfraquece ao ponto de n\u00e3o ser mais capaz de ventilar oxigenar de forma aut\u00f4noma. <\/span><\/p><div id=\"cpaps-3187808229\" class=\"cpaps-desktop-single-post-content cpaps-entity-placement\" style=\"margin-left: auto;margin-right: auto;text-align: center;\"><a data-no-instant=\"1\" href=\"https:\/\/www.cpaps.com.br\/mascaras?utm_source=blog&#038;utm_medium=banner&#038;utm_campaign=mascaras\" rel=\"noopener\" class=\"a2t-link\" target=\"_blank\" aria-label=\"Banner_desktop___Meio_de_pagina001\"><img loading=\"lazy\" decoding=\"async\" src=\"https:\/\/www.cpaps.com.br\/mundo-do-sono\/wp-content\/uploads\/2025\/03\/Banner_desktop___Meio_de_pagina001.webp\" alt=\"\"  srcset=\"https:\/\/www.cpaps.com.br\/mundo-do-sono\/wp-content\/uploads\/2025\/03\/Banner_desktop___Meio_de_pagina001.webp 1920w, https:\/\/www.cpaps.com.br\/mundo-do-sono\/wp-content\/uploads\/2025\/03\/Banner_desktop___Meio_de_pagina001-768x111.webp 768w, https:\/\/www.cpaps.com.br\/mundo-do-sono\/wp-content\/uploads\/2025\/03\/Banner_desktop___Meio_de_pagina001-1024x148.webp 1024w, https:\/\/www.cpaps.com.br\/mundo-do-sono\/wp-content\/uploads\/2025\/03\/Banner_desktop___Meio_de_pagina001-1536x222.webp 1536w\" sizes=\"(max-width: 1920px) 100vw, 1920px\" width=\"1920\" height=\"277\"   \/><\/a><\/div>\n<p><span style=\"color: #000000;\">\u00c9 nesse momento que o BiPAP pode contribuir para a terapia respirat\u00f3ria. O dispositivo auxilia na mobilidade da caixa tor\u00e1cica, debilitada com o enfraquecimento da musculatura respirat\u00f3ria, como explica Aline. &#8220;Com a fraqueza do diafragma e a dificuldade de respirar durante o sono, o BiPAP \u00e9 utilizado para dar um refor\u00e7o para a musculatura, evitando que o sistema respirat\u00f3rio fique sobrecarregado&#8221;, esclarece.<\/span><\/p>\n<p class=\"western\" align=\"center\"><img loading=\"lazy\" decoding=\"async\" class=\"alignnone wp-image-12127 size-full\" src=\"https:\/\/www.cpaps.com.br\/blog\/wp-content\/uploads\/2018\/11\/BPAP.jpg\" alt=\"BPAP\" width=\"667\" height=\"601\" \/><\/p>\n<h2 class=\"western\"><b>Indica\u00e7\u00f5es<\/b><\/h2>\n<p><span style=\"color: #000000;\">O uso do BiPAP no tratamento da ELA nos casos em que o paciente apresenta redu\u00e7\u00e3o de 50% da capacidade vital for\u00e7ada, diminui\u00e7\u00e3o da satura\u00e7\u00e3o de oxig\u00eanio (SpO\u00b2) por mais de cinco minutos e queda da press\u00e3o parcial de oxig\u00eanio arterial. <\/span><\/p>\n<p><span style=\"color: #000000;\">De acordo com a Aline Erika, o <strong>BiPAP\u00a0<\/strong>tamb\u00e9m pode ser utilizado em pacientes com altera\u00e7\u00e3o bulbar importante, al\u00e9m de ajudar a diminuir a incid\u00eancia de pnseumonia em pacientes com ELA.<\/span><\/p>\n<p class=\"western\"><span style=\"color: #000000;\">A CPAPS possui uma se\u00e7\u00e3o completa de aparelhos <\/span><span style=\"color: #0000ff;\"><u><a href=\"https:\/\/www.cpaps.com.br\/cpap\/bipap-vpap\"><span style=\"color: #2a6099;\">BiPAP<\/span><\/a><\/u><\/span><span style=\"color: #2a6099;\">, <\/span><span style=\"color: #000000;\">e mais uma disponibilidade de <\/span><span style=\"color: #0000ff;\"><u><a href=\"https:\/\/www.cpaps.com.br\/ventilador-trilogy100-philips-respironics\"><span style=\"color: #2a6099;\">ventilador mec\u00e2nico<\/span><\/a><\/u><\/span><span style=\"color: #000000;\"> para est\u00e1gios mais avan\u00e7ados da <\/span><span style=\"color: #000000;\"><b>esclerosa lateral amiotr\u00f3fica,<\/b><\/span><span style=\"color: #000000;\"> confira! <\/span><\/p>\n<p class=\"western\" align=\"justify\">\n\n\n<div class=\"kk-star-ratings kksr-auto kksr-align-center kksr-valign-bottom\"\n    data-payload='{&quot;align&quot;:&quot;center&quot;,&quot;id&quot;:&quot;3437&quot;,&quot;slug&quot;:&quot;default&quot;,&quot;valign&quot;:&quot;bottom&quot;,&quot;ignore&quot;:&quot;&quot;,&quot;reference&quot;:&quot;auto&quot;,&quot;class&quot;:&quot;&quot;,&quot;count&quot;:&quot;0&quot;,&quot;legendonly&quot;:&quot;&quot;,&quot;readonly&quot;:&quot;&quot;,&quot;score&quot;:&quot;0&quot;,&quot;starsonly&quot;:&quot;&quot;,&quot;best&quot;:&quot;5&quot;,&quot;gap&quot;:&quot;5&quot;,&quot;greet&quot;:&quot;Avalie este post&quot;,&quot;legend&quot;:&quot;0\\\/5 - (0 voto)&quot;,&quot;size&quot;:&quot;24&quot;,&quot;title&quot;:&quot;Esclerose lateral amiotr\u00f3fica e BiPAP: qual a rela\u00e7\u00e3o?&quot;,&quot;width&quot;:&quot;0&quot;,&quot;_legend&quot;:&quot;{score}\\\/{best} - ({count} {votes})&quot;,&quot;font_factor&quot;:&quot;1.25&quot;}'>\n            \n<div class=\"kksr-stars\">\n    \n<div class=\"kksr-stars-inactive\">\n            <div class=\"kksr-star\" data-star=\"1\" style=\"padding-right: 5px\">\n            \n\n<div class=\"kksr-icon\" style=\"width: 24px; height: 24px;\"><\/div>\n        <\/div>\n            <div class=\"kksr-star\" data-star=\"2\" style=\"padding-right: 5px\">\n            \n\n<div class=\"kksr-icon\" style=\"width: 24px; height: 24px;\"><\/div>\n        <\/div>\n            <div class=\"kksr-star\" data-star=\"3\" style=\"padding-right: 5px\">\n            \n\n<div class=\"kksr-icon\" style=\"width: 24px; height: 24px;\"><\/div>\n        <\/div>\n            <div class=\"kksr-star\" data-star=\"4\" style=\"padding-right: 5px\">\n            \n\n<div class=\"kksr-icon\" style=\"width: 24px; height: 24px;\"><\/div>\n        <\/div>\n            <div class=\"kksr-star\" data-star=\"5\" style=\"padding-right: 5px\">\n            \n\n<div class=\"kksr-icon\" style=\"width: 24px; height: 24px;\"><\/div>\n        <\/div>\n    <\/div>\n    \n<div class=\"kksr-stars-active\" style=\"width: 0px;\">\n            <div class=\"kksr-star\" style=\"padding-right: 5px\">\n            \n\n<div class=\"kksr-icon\" style=\"width: 24px; height: 24px;\"><\/div>\n        <\/div>\n            <div class=\"kksr-star\" style=\"padding-right: 5px\">\n            \n\n<div class=\"kksr-icon\" style=\"width: 24px; height: 24px;\"><\/div>\n        <\/div>\n            <div class=\"kksr-star\" style=\"padding-right: 5px\">\n            \n\n<div class=\"kksr-icon\" style=\"width: 24px; height: 24px;\"><\/div>\n        <\/div>\n            <div class=\"kksr-star\" style=\"padding-right: 5px\">\n            \n\n<div class=\"kksr-icon\" style=\"width: 24px; height: 24px;\"><\/div>\n        <\/div>\n            <div class=\"kksr-star\" style=\"padding-right: 5px\">\n            \n\n<div class=\"kksr-icon\" style=\"width: 24px; height: 24px;\"><\/div>\n        <\/div>\n    <\/div>\n<\/div>\n                \n\n<div class=\"kksr-legend\" style=\"font-size: 19.2px;\">\n            <span class=\"kksr-muted\">Avalie este post<\/span>\n    <\/div>\n    <\/div>\n","protected":false},"excerpt":{"rendered":"<p>Os aparelhos bin\u00edveis, BiPAP e VPAP, possuem uma fun\u00e7\u00e3o muito importante no tratamento da esclerose lateral amiotr\u00f3fica (ELA), voc\u00ea sabia? Os dispositivos melhoram a qualidade de vida e aumentam o tempo de sobrevida da pessoa em tratamento. N\u00f3s conversamos com nossa fisioterapeuta Aline Erika, que nos explicou melhor sobre como \u00e9 feita a terapia respirat\u00f3ria. Leia mais!<\/p>\n","protected":false},"author":70,"featured_media":3438,"comment_status":"open","ping_status":"closed","sticky":false,"template":"","format":"standard","meta":{"_acf_changed":false,"_gspb_post_css":"","footnotes":"","rank_math_title":"","rank_math_description":"Os aparelhos bin\u00edveis, BiPAP e VPAP, possuem uma fun\u00e7\u00e3o muito importante no tratamento da esclerose lateral amiotr\u00f3fica (ELA), voc\u00ea sabia? Leia mais!","rank_math_focus_keyword":"Cpaps","rank_math_canonical_url":"","rank_math_robots":null,"rank_math_advanced_robots":"","rank_math_facebook_title":"","rank_math_facebook_description":"","rank_math_facebook_image":"","rank_math_facebook_image_id":"","rank_math_twitter_title":"","rank_math_twitter_description":"","rank_math_twitter_image":"","rank_math_twitter_card_type":"","rank_math_schema_Article":"","rank_math_schema_FAQPage":"","rank_math_schema_HowTo":"","rank_math_rich_snippet":"","rank_math_primary_category":"2","rank_math_seo_score":"","rank_math_internal_links_processed":"1"},"categories":[1630,1629],"tags":[8,794,49,30],"class_list":["post-3437","post","type-post","status-publish","format-standard","has-post-thumbnail","hentry","category-apneia-do-sono-disturbios-do-sono","category-disturbios-do-sono","tag-apneia","tag-biniveis","tag-bipap","tag-cpap"],"blocksy_meta":{"styles_descriptor":{"styles":{"desktop":"","tablet":"","mobile":""},"google_fonts":[],"version":7}},"acf":[],"_links":{"self":[{"href":"https:\/\/www.cpaps.com.br\/mundo-do-sono\/wp-json\/wp\/v2\/posts\/3437","targetHints":{"allow":["GET"]}}],"collection":[{"href":"https:\/\/www.cpaps.com.br\/mundo-do-sono\/wp-json\/wp\/v2\/posts"}],"about":[{"href":"https:\/\/www.cpaps.com.br\/mundo-do-sono\/wp-json\/wp\/v2\/types\/post"}],"author":[{"embeddable":true,"href":"https:\/\/www.cpaps.com.br\/mundo-do-sono\/wp-json\/wp\/v2\/users\/70"}],"replies":[{"embeddable":true,"href":"https:\/\/www.cpaps.com.br\/mundo-do-sono\/wp-json\/wp\/v2\/comments?post=3437"}],"version-history":[{"count":1,"href":"https:\/\/www.cpaps.com.br\/mundo-do-sono\/wp-json\/wp\/v2\/posts\/3437\/revisions"}],"predecessor-version":[{"id":19846,"href":"https:\/\/www.cpaps.com.br\/mundo-do-sono\/wp-json\/wp\/v2\/posts\/3437\/revisions\/19846"}],"wp:featuredmedia":[{"embeddable":true,"href":"https:\/\/www.cpaps.com.br\/mundo-do-sono\/wp-json\/wp\/v2\/media\/3438"}],"wp:attachment":[{"href":"https:\/\/www.cpaps.com.br\/mundo-do-sono\/wp-json\/wp\/v2\/media?parent=3437"}],"wp:term":[{"taxonomy":"category","embeddable":true,"href":"https:\/\/www.cpaps.com.br\/mundo-do-sono\/wp-json\/wp\/v2\/categories?post=3437"},{"taxonomy":"post_tag","embeddable":true,"href":"https:\/\/www.cpaps.com.br\/mundo-do-sono\/wp-json\/wp\/v2\/tags?post=3437"}],"curies":[{"name":"wp","href":"https:\/\/api.w.org\/{rel}","templated":true}]}}