{"id":2289,"date":"2017-08-24T18:29:14","date_gmt":"2017-08-24T21:29:14","guid":{"rendered":"https:\/\/www.cpaps.com.br\/blog\/?p=2289"},"modified":"2026-06-19T11:57:29","modified_gmt":"2026-06-19T14:57:29","slug":"apneia-riscos-de-interromper-o-tratamento","status":"publish","type":"post","link":"https:\/\/www.cpaps.com.br\/mundo-do-sono\/apneia-riscos-de-interromper-o-tratamento\/","title":{"rendered":"Saiba os riscos de viajar sem CPAP e interromper o tratamento de apneia"},"content":{"rendered":"<p>Interromper o tratamento contra a <strong>apneia do sono<\/strong> durante uma viagem, mesmo por um curto per\u00edodo, por exemplo, pode apresentar riscos \u00e0 sua sa\u00fade. Ao contr\u00e1rio do que muitas pessoas pensam, deixar de <strong>levar o CPAP na viagem <\/strong>pode trazer graves complica\u00e7\u00f5es. Saiba mais sobre os riscos de interromper sua terapia do sono e entenda a import\u00e2ncia do <a href=\"https:\/\/www.cpaps.com.br\/cpap\"><strong>CPAP<\/strong><\/a> no <strong>tratamento da apneia<\/strong>.<\/p>\n<h2><strong>Sonol\u00eancia diurna<\/strong><\/h2>\n<p>A incapacidade de permanecer completamente desperto ou alerta durante o dia \u00e9 um dos sintomas que incomodam em uma viagem, pois a pessoa pega no sono em situa\u00e7\u00f5es passivas ou mon\u00f3tonas, o que traz tens\u00e3o, atrapalha o relaxamento na viagem e os passeios, tornando, ainda, um grande risco dirigir um autom\u00f3vel, pois a sonol\u00eancia reduz a concentra\u00e7\u00e3o, podendo gerar at\u00e9 um acidente.<\/p>\n<h2><strong>Cansa\u00e7o e fadiga<\/strong><\/h2>\n<p>A falta de energia f\u00edsica ou mental s\u00e3o ind\u00edcios de cansa\u00e7o e fadiga, que causam indisposi\u00e7\u00e3o e se apresentam ao longo do dia depois de uma noite sem o uso do <strong>CPAP<\/strong>. Esses sintomas tamb\u00e9m podem influenciar a viagem, principalmente se o motivo for trabalho, pois afetam a criatividade, o racioc\u00ednio e a capacidade de concentra\u00e7\u00e3o, levando \u00e0 baixa produtividade.<\/p>\n<h2><strong>Dores de cabe\u00e7a e mau humor<\/strong><\/h2>\n<p>Muitas pessoas j\u00e1 experimentaram aquela tens\u00e3o e dor de cabe\u00e7a ao acordar. Somados \u00e0 irritabilidade e ao mau humor, s\u00e3o resultados de uma noite de sono sem o uso do <strong>CPAP<\/strong>. E em in\u00fameras situa\u00e7\u00f5es, medicamentos n\u00e3o aliviam as dores e a viagem se torna desinteressante, uma vez que a pessoa n\u00e3o consegue se sentir com vigor para desfrutar dos passeios.<\/p><div id=\"cpaps-3068078659\" class=\"cpaps-desktop-single-post-content cpaps-entity-placement\" style=\"margin-left: auto;margin-right: auto;text-align: center;\"><a data-no-instant=\"1\" href=\"https:\/\/www.cpaps.com.br\/mascaras?utm_source=blog&#038;utm_medium=banner&#038;utm_campaign=mascaras\" rel=\"noopener\" class=\"a2t-link\" target=\"_blank\" aria-label=\"Banner_desktop___Meio_de_pagina001\"><img loading=\"lazy\" decoding=\"async\" src=\"https:\/\/www.cpaps.com.br\/mundo-do-sono\/wp-content\/uploads\/2025\/03\/Banner_desktop___Meio_de_pagina001.webp\" alt=\"\"  srcset=\"https:\/\/www.cpaps.com.br\/mundo-do-sono\/wp-content\/uploads\/2025\/03\/Banner_desktop___Meio_de_pagina001.webp 1920w, https:\/\/www.cpaps.com.br\/mundo-do-sono\/wp-content\/uploads\/2025\/03\/Banner_desktop___Meio_de_pagina001-768x111.webp 768w, https:\/\/www.cpaps.com.br\/mundo-do-sono\/wp-content\/uploads\/2025\/03\/Banner_desktop___Meio_de_pagina001-1024x148.webp 1024w, https:\/\/www.cpaps.com.br\/mundo-do-sono\/wp-content\/uploads\/2025\/03\/Banner_desktop___Meio_de_pagina001-1536x222.webp 1536w\" sizes=\"(max-width: 1920px) 100vw, 1920px\" width=\"1920\" height=\"277\"   \/><\/a><\/div>\n<p>A dor de cabe\u00e7a matinal quando o tratamento \u00e9 interrompido surge devido \u00e0 respira\u00e7\u00e3o inadequada causada pelas obstru\u00e7\u00f5es da passagem do ar, que fazem com que o di\u00f3xido de carbono n\u00e3o seja liberado na expira\u00e7\u00e3o, dilatando as art\u00e9rias e aumentando a press\u00e3o no cr\u00e2nio.<\/p>\n<h2><strong>Uso de CPAP no tratamento da apneia do sono<\/strong><\/h2>\n<p>O <strong>uso do CPAP<\/strong> \u00e9 o m\u00e9todo mais eficaz no tratamento da apneia do sono, e a interrup\u00e7\u00e3o dele pode trazer v\u00e1rios riscos \u00e0 sa\u00fade. \u00c9 necess\u00e1rio ter disciplina para continuar se tratando mesmo com as dificuldades de adapta\u00e7\u00e3o no in\u00edcio do tratamento, com o dia a dia corrido e at\u00e9 mesmo com viagens.<\/p>\n<p><a href=\"https:\/\/www.cpaps.com.br\/blog\/wp-content\/uploads\/2017\/08\/mascara-nasal-tratamento-apneia.jpg\"><img loading=\"lazy\" decoding=\"async\" class=\"aligncenter wp-image-2291\" title=\"Uso de CPAP no tratamento da apneia do sono\" src=\"https:\/\/www.cpaps.com.br\/blog\/wp-content\/uploads\/2017\/08\/mascara-nasal-tratamento-apneia.jpg\" alt=\"mascara-nasal-tratamento-apneia\" width=\"600\" height=\"600\" srcset=\"https:\/\/www.cpaps.com.br\/mundo-do-sono\/wp-content\/uploads\/2017\/08\/mascara-nasal-tratamento-apneia.jpg 1200w, https:\/\/www.cpaps.com.br\/mundo-do-sono\/wp-content\/uploads\/2017\/08\/mascara-nasal-tratamento-apneia-768x768.jpg 768w, https:\/\/www.cpaps.com.br\/mundo-do-sono\/wp-content\/uploads\/2017\/08\/mascara-nasal-tratamento-apneia-1024x1024.jpg 1024w\" sizes=\"auto, (max-width: 600px) 100vw, 600px\" \/><\/a><\/p>\n<p>A <strong>apneia do sono<\/strong> pode trazer v\u00e1rios riscos \u00e0 sa\u00fade e, por isso, deve come\u00e7ar a ser tratada logo que diagnosticada. Depois de definir o tratamento mais adequado, junto ao seu m\u00e9dico, \u00e9 necess\u00e1rio disciplina para continuar se tratando mesmo com as dificuldades de adapta\u00e7\u00e3o no in\u00edcio do tratamento, com o dia a dia corrido e at\u00e9 mesmo com viagens.<\/p>\n<h2><strong>Quais s\u00e3o os riscos de interromper o tratamento com CPAP<\/strong><\/h2>\n<p>Interromper o tratamento para <strong>apneia do sono<\/strong> com <strong>CPAP<\/strong> oferece os mesmos riscos que n\u00e3o a tratar. Alguns deles incluem <a href=\"https:\/\/www.cpaps.com.br\/blog\/apneia-sono-pode-causar-outras-doencas\/\">doen\u00e7as<\/a> cardiovasculares, como hipertens\u00e3o, insufici\u00eancia card\u00edaca e infarto, pois a <strong>apneia<\/strong> provoca a queda da oxigena\u00e7\u00e3o do sangue e o aumento do batimento card\u00edaco e da press\u00e3o arterial.<\/p>\n<p>Al\u00e9m disso, a priva\u00e7\u00e3o de boas noites de sono causa altera\u00e7\u00f5es metab\u00f3licas, porque alguns horm\u00f4nios s\u00f3 s\u00e3o liberados enquanto a pessoa dorme. Assim, a obesidade torna-se mais prop\u00edcia, j\u00e1 que acontece a redu\u00e7\u00e3o da leptina, horm\u00f4nio respons\u00e1vel pelo controle do apetite e aumenta-se o risco de diabetes tipo 2, pois o \u00edndice de cortisol, respons\u00e1vel por controlar o n\u00edvel de a\u00e7\u00facar no sangue, cresce.<\/p>\n<p><a href=\"https:\/\/www.cpaps.com.br\/blog\/wp-content\/uploads\/2017\/08\/diabetes-tipo-2-apneia.jpg\"><img loading=\"lazy\" decoding=\"async\" class=\"aligncenter wp-image-2292\" title=\"A apneia n\u00e3o tratada pode causar diabetes\" src=\"https:\/\/www.cpaps.com.br\/blog\/wp-content\/uploads\/2017\/08\/diabetes-tipo-2-apneia.jpg\" alt=\"\" width=\"600\" height=\"400\" srcset=\"https:\/\/www.cpaps.com.br\/mundo-do-sono\/wp-content\/uploads\/2017\/08\/diabetes-tipo-2-apneia.jpg 1000w, https:\/\/www.cpaps.com.br\/mundo-do-sono\/wp-content\/uploads\/2017\/08\/diabetes-tipo-2-apneia-768x512.jpg 768w\" sizes=\"auto, (max-width: 600px) 100vw, 600px\" \/><\/a><\/p>\n<p>Em nossa loja online, <a href=\"https:\/\/www.cpaps.com.br\/\"><strong>CPAPS.com.br<\/strong><\/a>, voc\u00ea encontra tudo que precisa para tratar a <strong>apneia do sono<\/strong>. Ainda, fique de olho em nosso blog e encontre as melhores dicas para lidar com os dist\u00farbios do sono.<\/p>\n<p>&nbsp;<\/p>\n\n\n<div class=\"kk-star-ratings kksr-auto kksr-align-center kksr-valign-bottom\"\n    data-payload='{&quot;align&quot;:&quot;center&quot;,&quot;id&quot;:&quot;2289&quot;,&quot;slug&quot;:&quot;default&quot;,&quot;valign&quot;:&quot;bottom&quot;,&quot;ignore&quot;:&quot;&quot;,&quot;reference&quot;:&quot;auto&quot;,&quot;class&quot;:&quot;&quot;,&quot;count&quot;:&quot;1&quot;,&quot;legendonly&quot;:&quot;&quot;,&quot;readonly&quot;:&quot;&quot;,&quot;score&quot;:&quot;5&quot;,&quot;starsonly&quot;:&quot;&quot;,&quot;best&quot;:&quot;5&quot;,&quot;gap&quot;:&quot;5&quot;,&quot;greet&quot;:&quot;Avalie este post&quot;,&quot;legend&quot;:&quot;5\\\/5 - (1 voto)&quot;,&quot;size&quot;:&quot;24&quot;,&quot;title&quot;:&quot;Saiba os riscos de viajar sem CPAP e interromper o tratamento de apneia&quot;,&quot;width&quot;:&quot;142.5&quot;,&quot;_legend&quot;:&quot;{score}\\\/{best} - ({count} {votes})&quot;,&quot;font_factor&quot;:&quot;1.25&quot;}'>\n            \n<div class=\"kksr-stars\">\n    \n<div class=\"kksr-stars-inactive\">\n            <div class=\"kksr-star\" data-star=\"1\" style=\"padding-right: 5px\">\n            \n\n<div class=\"kksr-icon\" style=\"width: 24px; height: 24px;\"><\/div>\n        <\/div>\n            <div class=\"kksr-star\" data-star=\"2\" style=\"padding-right: 5px\">\n            \n\n<div class=\"kksr-icon\" style=\"width: 24px; height: 24px;\"><\/div>\n        <\/div>\n            <div class=\"kksr-star\" data-star=\"3\" style=\"padding-right: 5px\">\n            \n\n<div class=\"kksr-icon\" style=\"width: 24px; height: 24px;\"><\/div>\n        <\/div>\n            <div class=\"kksr-star\" data-star=\"4\" style=\"padding-right: 5px\">\n            \n\n<div class=\"kksr-icon\" style=\"width: 24px; height: 24px;\"><\/div>\n        <\/div>\n            <div class=\"kksr-star\" data-star=\"5\" style=\"padding-right: 5px\">\n            \n\n<div class=\"kksr-icon\" style=\"width: 24px; height: 24px;\"><\/div>\n        <\/div>\n    <\/div>\n    \n<div class=\"kksr-stars-active\" style=\"width: 142.5px;\">\n            <div class=\"kksr-star\" style=\"padding-right: 5px\">\n            \n\n<div class=\"kksr-icon\" style=\"width: 24px; height: 24px;\"><\/div>\n        <\/div>\n            <div class=\"kksr-star\" style=\"padding-right: 5px\">\n            \n\n<div class=\"kksr-icon\" style=\"width: 24px; height: 24px;\"><\/div>\n        <\/div>\n            <div class=\"kksr-star\" style=\"padding-right: 5px\">\n            \n\n<div class=\"kksr-icon\" style=\"width: 24px; height: 24px;\"><\/div>\n        <\/div>\n            <div class=\"kksr-star\" style=\"padding-right: 5px\">\n            \n\n<div class=\"kksr-icon\" style=\"width: 24px; height: 24px;\"><\/div>\n        <\/div>\n            <div class=\"kksr-star\" style=\"padding-right: 5px\">\n            \n\n<div class=\"kksr-icon\" style=\"width: 24px; height: 24px;\"><\/div>\n        <\/div>\n    <\/div>\n<\/div>\n                \n\n<div class=\"kksr-legend\" style=\"font-size: 19.2px;\">\n            5\/5 - (1 voto)    <\/div>\n    <\/div>\n","protected":false},"excerpt":{"rendered":"<p>Interromper o tratamento contra a apneia do sono mesmo por um curto per\u00edodo pode apresentar riscos \u00e0 sua sa\u00fade. Saiba mais neste post do Blog CPAPS!<\/p>\n","protected":false},"author":71,"featured_media":2290,"comment_status":"open","ping_status":"closed","sticky":false,"template":"","format":"standard","meta":{"_acf_changed":false,"_gspb_post_css":"","footnotes":"","rank_math_title":"Apneia do sono: veja os riscos de interromper o tratamento","rank_math_description":"Interromper o tratamento contra a apneia do sono mesmo por um curto per\u00edodo pode apresentar riscos \u00e0 sua sa\u00fade. Saiba mais neste post do Blog CPAPS!","rank_math_focus_keyword":"apneia","rank_math_canonical_url":"","rank_math_robots":null,"rank_math_advanced_robots":"","rank_math_facebook_title":"","rank_math_facebook_description":"","rank_math_facebook_image":"","rank_math_facebook_image_id":"","rank_math_twitter_title":"","rank_math_twitter_description":"","rank_math_twitter_image":"","rank_math_twitter_card_type":"","rank_math_schema_Article":"","rank_math_schema_FAQPage":"","rank_math_schema_HowTo":"","rank_math_rich_snippet":"","rank_math_primary_category":"2","rank_math_seo_score":"","rank_math_internal_links_processed":"1"},"categories":[1629,1632],"tags":[8,30],"class_list":["post-2289","post","type-post","status-publish","format-standard","has-post-thumbnail","hentry","category-disturbios-do-sono","category-ronco-disturbios-do-sono","tag-apneia","tag-cpap"],"blocksy_meta":{"styles_descriptor":{"styles":{"desktop":"","tablet":"","mobile":""},"google_fonts":[],"version":7}},"acf":[],"_links":{"self":[{"href":"https:\/\/www.cpaps.com.br\/mundo-do-sono\/wp-json\/wp\/v2\/posts\/2289","targetHints":{"allow":["GET"]}}],"collection":[{"href":"https:\/\/www.cpaps.com.br\/mundo-do-sono\/wp-json\/wp\/v2\/posts"}],"about":[{"href":"https:\/\/www.cpaps.com.br\/mundo-do-sono\/wp-json\/wp\/v2\/types\/post"}],"author":[{"embeddable":true,"href":"https:\/\/www.cpaps.com.br\/mundo-do-sono\/wp-json\/wp\/v2\/users\/71"}],"replies":[{"embeddable":true,"href":"https:\/\/www.cpaps.com.br\/mundo-do-sono\/wp-json\/wp\/v2\/comments?post=2289"}],"version-history":[{"count":1,"href":"https:\/\/www.cpaps.com.br\/mundo-do-sono\/wp-json\/wp\/v2\/posts\/2289\/revisions"}],"predecessor-version":[{"id":20408,"href":"https:\/\/www.cpaps.com.br\/mundo-do-sono\/wp-json\/wp\/v2\/posts\/2289\/revisions\/20408"}],"wp:featuredmedia":[{"embeddable":true,"href":"https:\/\/www.cpaps.com.br\/mundo-do-sono\/wp-json\/wp\/v2\/media\/2290"}],"wp:attachment":[{"href":"https:\/\/www.cpaps.com.br\/mundo-do-sono\/wp-json\/wp\/v2\/media?parent=2289"}],"wp:term":[{"taxonomy":"category","embeddable":true,"href":"https:\/\/www.cpaps.com.br\/mundo-do-sono\/wp-json\/wp\/v2\/categories?post=2289"},{"taxonomy":"post_tag","embeddable":true,"href":"https:\/\/www.cpaps.com.br\/mundo-do-sono\/wp-json\/wp\/v2\/tags?post=2289"}],"curies":[{"name":"wp","href":"https:\/\/api.w.org\/{rel}","templated":true}]}}