{"id":2212,"date":"2017-07-20T17:48:12","date_gmt":"2017-07-20T20:48:12","guid":{"rendered":"https:\/\/www.cpaps.com.br\/blog\/?p=2212"},"modified":"2026-06-19T11:43:42","modified_gmt":"2026-06-19T14:43:42","slug":"4-fatores-que-causam-o-ronco","status":"publish","type":"post","link":"https:\/\/www.cpaps.com.br\/mundo-do-sono\/4-fatores-que-causam-o-ronco\/","title":{"rendered":"4 fatores que causam o ronco"},"content":{"rendered":"<p>O <strong>ronco<\/strong> \u00e9 a respira\u00e7\u00e3o com ru\u00eddos durante o <strong>sono<\/strong>. Estes sons podem atrapalhar as noites dos parceiros de quem ronca e serem sinais de algum <strong>dist\u00farbio<\/strong>. H\u00e1 v\u00e1rios <a href=\"https:\/\/www.cpaps.com.br\/blog\/ronco-conheca-problemas-relacionados-ao-disturbio\/\"><strong>problemas relacionados ao ronco<\/strong><\/a>, mas a maioria deles tem solu\u00e7\u00e3o, ent\u00e3o voc\u00ea n\u00e3o precisa conviver com este transtorno. Para te informar melhor, reunimos alguns fatos que voc\u00ea precisa saber sobre o <strong>ronco<\/strong>. Confira!<\/p>\n<h2><strong>Rela\u00e7\u00e3o com o \u00e1lcool<\/strong><\/h2>\n<p>O <strong>\u00e1lcool<\/strong> pode estar diretamente relacionado ao aparecimento ou aumento do <strong>ronco<\/strong> e at\u00e9 mesmo da <strong>apneia do sono<\/strong>. Isso acontece porque a ingest\u00e3o de bebidas alco\u00f3licas favorece o relaxamento muscular, inclusive dos m\u00fasculos da garganta e da l\u00edngua. Com o <strong>\u00e1lcool<\/strong>, isso acontece de forma excessiva, o que aumenta a incid\u00eancia do ru\u00eddo durante o <strong>sono<\/strong>.<\/p>\n<p><a href=\"https:\/\/www.cpaps.com.br\/blog\/wp-content\/uploads\/2017\/07\/ronco-e-alcool.jpg\"><img loading=\"lazy\" decoding=\"async\" class=\"aligncenter wp-image-2214\" title=\"Rela\u00e7\u00e3o entre \u00e1lcool e ronco\" src=\"https:\/\/www.cpaps.com.br\/blog\/wp-content\/uploads\/2017\/07\/ronco-e-alcool.jpg\" alt=\"\" width=\"600\" height=\"400\" srcset=\"https:\/\/www.cpaps.com.br\/mundo-do-sono\/wp-content\/uploads\/2017\/07\/ronco-e-alcool.jpg 1000w, https:\/\/www.cpaps.com.br\/mundo-do-sono\/wp-content\/uploads\/2017\/07\/ronco-e-alcool-768x512.jpg 768w\" sizes=\"auto, (max-width: 600px) 100vw, 600px\" \/><\/a><\/p>\n<h2><strong>Ele pode ser um sinal da apneia<\/strong><\/h2>\n<p>\u00c9 estimado que 30% das pessoas que roncam tamb\u00e9m sofrem com <strong>apneia do sono<\/strong>, um <strong>dist\u00farbio do sono<\/strong> no qual a pessoa tem a respira\u00e7\u00e3o interrompida diversas vezes por v\u00e1rios segundos enquanto dorme. O <a href=\"https:\/\/www.cpaps.com.br\/blog\/ronco-mitos-e-verdades-sobre-o-disturbio\/\"><strong>ronco<\/strong><\/a> alto e persistente pode ser um sinal da <strong>apneia<\/strong> <strong>do sono<\/strong>, j\u00e1 que ambos s\u00e3o causados pelo fechamento da passagem do ar nas vias a\u00e9reas. Fique de olho!<\/p>\n<h2><strong>Ele \u00e9 tr\u00eas vezes mais comum em obesos<\/strong><\/h2>\n<p>O <strong>ronco <\/strong>e a <strong>apneia do sono<\/strong> atingem uma em cada oito pessoas no pa\u00eds e s\u00e3o tr\u00eas vezes mais comum em quem sofre com a <strong>obesidade<\/strong>. Isso ocorre porque o excesso de gordura abdominal dificulta a expans\u00e3o da caixa tor\u00e1cica e da passagem do ar para que a <strong>respira\u00e7\u00e3o<\/strong> ocorra normalmente. O mesmo acontece com o ac\u00famulo de gordura em volta do pesco\u00e7o. Mantenha o peso ideal e evite esse problema!<\/p><div id=\"cpaps-2092122217\" class=\"cpaps-desktop-single-post-content cpaps-entity-placement\" style=\"margin-left: auto;margin-right: auto;text-align: center;\"><a data-no-instant=\"1\" href=\"https:\/\/www.cpaps.com.br\/mascaras?utm_source=blog&#038;utm_medium=banner&#038;utm_campaign=mascaras\" rel=\"noopener\" class=\"a2t-link\" target=\"_blank\" aria-label=\"Banner_desktop___Meio_de_pagina001\"><img loading=\"lazy\" decoding=\"async\" src=\"https:\/\/www.cpaps.com.br\/mundo-do-sono\/wp-content\/uploads\/2025\/03\/Banner_desktop___Meio_de_pagina001.webp\" alt=\"\"  srcset=\"https:\/\/www.cpaps.com.br\/mundo-do-sono\/wp-content\/uploads\/2025\/03\/Banner_desktop___Meio_de_pagina001.webp 1920w, https:\/\/www.cpaps.com.br\/mundo-do-sono\/wp-content\/uploads\/2025\/03\/Banner_desktop___Meio_de_pagina001-768x111.webp 768w, https:\/\/www.cpaps.com.br\/mundo-do-sono\/wp-content\/uploads\/2025\/03\/Banner_desktop___Meio_de_pagina001-1024x148.webp 1024w, https:\/\/www.cpaps.com.br\/mundo-do-sono\/wp-content\/uploads\/2025\/03\/Banner_desktop___Meio_de_pagina001-1536x222.webp 1536w\" sizes=\"(max-width: 1920px) 100vw, 1920px\" width=\"1920\" height=\"277\"   \/><\/a><\/div>\n<p><a href=\"https:\/\/www.cpaps.com.br\/blog\/wp-content\/uploads\/2017\/07\/ronco-e-obesidade.jpg\"><img loading=\"lazy\" decoding=\"async\" class=\"aligncenter wp-image-2215\" title=\"Ronco \u00e9 mais comum em obesos\" src=\"https:\/\/www.cpaps.com.br\/blog\/wp-content\/uploads\/2017\/07\/ronco-e-obesidade.jpg\" alt=\"\" width=\"600\" height=\"400\" srcset=\"https:\/\/www.cpaps.com.br\/mundo-do-sono\/wp-content\/uploads\/2017\/07\/ronco-e-obesidade.jpg 1000w, https:\/\/www.cpaps.com.br\/mundo-do-sono\/wp-content\/uploads\/2017\/07\/ronco-e-obesidade-768x512.jpg 768w\" sizes=\"auto, (max-width: 600px) 100vw, 600px\" \/><\/a><\/p>\n<h2><strong>Ele pode ser causado por problemas respirat\u00f3rios<\/strong><\/h2>\n<p>Como a principal causa do <strong>ronco<\/strong> \u00e9 a obstru\u00e7\u00e3o total ou parcial das vias respirat\u00f3rias, problemas como a <strong>rinite<\/strong>, a <strong>amigdalite<\/strong> e o <strong>desvio de septo<\/strong> podem ocasionar esse <strong>dist\u00farbio<\/strong>.<\/p>\n<p>A causa do seu <strong>ronco<\/strong> \u00e9 a <strong>apneia do sono<\/strong>? Conte com a gente para garantir os melhores produtos para seu <strong>tratamento<\/strong>. Visite <a href=\"http:\/\/cpaps.com.br\/\" target=\"_blank\" rel=\"noopener\"><strong>CPAPS.com.br<\/strong><\/a>!<\/p>\n\n\n<div class=\"kk-star-ratings kksr-auto kksr-align-center kksr-valign-bottom\"\n    data-payload='{&quot;align&quot;:&quot;center&quot;,&quot;id&quot;:&quot;2212&quot;,&quot;slug&quot;:&quot;default&quot;,&quot;valign&quot;:&quot;bottom&quot;,&quot;ignore&quot;:&quot;&quot;,&quot;reference&quot;:&quot;auto&quot;,&quot;class&quot;:&quot;&quot;,&quot;count&quot;:&quot;0&quot;,&quot;legendonly&quot;:&quot;&quot;,&quot;readonly&quot;:&quot;&quot;,&quot;score&quot;:&quot;0&quot;,&quot;starsonly&quot;:&quot;&quot;,&quot;best&quot;:&quot;5&quot;,&quot;gap&quot;:&quot;5&quot;,&quot;greet&quot;:&quot;Avalie este post&quot;,&quot;legend&quot;:&quot;0\\\/5 - (0 voto)&quot;,&quot;size&quot;:&quot;24&quot;,&quot;title&quot;:&quot;4 fatores que causam o ronco&quot;,&quot;width&quot;:&quot;0&quot;,&quot;_legend&quot;:&quot;{score}\\\/{best} - ({count} {votes})&quot;,&quot;font_factor&quot;:&quot;1.25&quot;}'>\n            \n<div class=\"kksr-stars\">\n    \n<div class=\"kksr-stars-inactive\">\n            <div class=\"kksr-star\" data-star=\"1\" style=\"padding-right: 5px\">\n            \n\n<div class=\"kksr-icon\" style=\"width: 24px; height: 24px;\"><\/div>\n        <\/div>\n            <div class=\"kksr-star\" data-star=\"2\" style=\"padding-right: 5px\">\n            \n\n<div class=\"kksr-icon\" style=\"width: 24px; height: 24px;\"><\/div>\n        <\/div>\n            <div class=\"kksr-star\" data-star=\"3\" style=\"padding-right: 5px\">\n            \n\n<div class=\"kksr-icon\" style=\"width: 24px; height: 24px;\"><\/div>\n        <\/div>\n            <div class=\"kksr-star\" data-star=\"4\" style=\"padding-right: 5px\">\n            \n\n<div class=\"kksr-icon\" style=\"width: 24px; height: 24px;\"><\/div>\n        <\/div>\n            <div class=\"kksr-star\" data-star=\"5\" style=\"padding-right: 5px\">\n            \n\n<div class=\"kksr-icon\" style=\"width: 24px; height: 24px;\"><\/div>\n        <\/div>\n    <\/div>\n    \n<div class=\"kksr-stars-active\" style=\"width: 0px;\">\n            <div class=\"kksr-star\" style=\"padding-right: 5px\">\n            \n\n<div class=\"kksr-icon\" style=\"width: 24px; height: 24px;\"><\/div>\n        <\/div>\n            <div class=\"kksr-star\" style=\"padding-right: 5px\">\n            \n\n<div class=\"kksr-icon\" style=\"width: 24px; height: 24px;\"><\/div>\n        <\/div>\n            <div class=\"kksr-star\" style=\"padding-right: 5px\">\n            \n\n<div class=\"kksr-icon\" style=\"width: 24px; height: 24px;\"><\/div>\n        <\/div>\n            <div class=\"kksr-star\" style=\"padding-right: 5px\">\n            \n\n<div class=\"kksr-icon\" style=\"width: 24px; height: 24px;\"><\/div>\n        <\/div>\n            <div class=\"kksr-star\" style=\"padding-right: 5px\">\n            \n\n<div class=\"kksr-icon\" style=\"width: 24px; height: 24px;\"><\/div>\n        <\/div>\n    <\/div>\n<\/div>\n                \n\n<div class=\"kksr-legend\" style=\"font-size: 19.2px;\">\n            <span class=\"kksr-muted\">Avalie este post<\/span>\n    <\/div>\n    <\/div>\n","protected":false},"excerpt":{"rendered":"<p>O ronco \u00e9 a respira\u00e7\u00e3o com ru\u00eddos durante o sono. Para te informar melhor, reunimos alguns fatos que voc\u00ea precisa saber sobre este problema. Confira!<\/p>\n","protected":false},"author":69,"featured_media":2213,"comment_status":"open","ping_status":"closed","sticky":false,"template":"","format":"standard","meta":{"_acf_changed":false,"_gspb_post_css":"","footnotes":"","rank_math_title":"Conhe\u00e7a 4 fatores que causam o ronco - Blog CPAPS","rank_math_description":"O ronco \u00e9 a respira\u00e7\u00e3o com ru\u00eddos durante o sono. Para te informar melhor, reunimos alguns fatos que voc\u00ea precisa saber sobre este problema. Confira!","rank_math_focus_keyword":"ronco","rank_math_canonical_url":"","rank_math_robots":null,"rank_math_advanced_robots":"","rank_math_facebook_title":"","rank_math_facebook_description":"","rank_math_facebook_image":"","rank_math_facebook_image_id":"","rank_math_twitter_title":"","rank_math_twitter_description":"","rank_math_twitter_image":"","rank_math_twitter_card_type":"","rank_math_schema_Article":"","rank_math_schema_FAQPage":"","rank_math_schema_HowTo":"","rank_math_rich_snippet":"","rank_math_primary_category":"543","rank_math_seo_score":"","rank_math_internal_links_processed":"1"},"categories":[1629,1631],"tags":[8,30,15],"class_list":["post-2212","post","type-post","status-publish","format-standard","has-post-thumbnail","hentry","category-disturbios-do-sono","category-insonia","tag-apneia","tag-cpap","tag-obesidade"],"blocksy_meta":{"styles_descriptor":{"styles":{"desktop":"","tablet":"","mobile":""},"google_fonts":[],"version":7}},"acf":[],"_links":{"self":[{"href":"https:\/\/www.cpaps.com.br\/mundo-do-sono\/wp-json\/wp\/v2\/posts\/2212","targetHints":{"allow":["GET"]}}],"collection":[{"href":"https:\/\/www.cpaps.com.br\/mundo-do-sono\/wp-json\/wp\/v2\/posts"}],"about":[{"href":"https:\/\/www.cpaps.com.br\/mundo-do-sono\/wp-json\/wp\/v2\/types\/post"}],"author":[{"embeddable":true,"href":"https:\/\/www.cpaps.com.br\/mundo-do-sono\/wp-json\/wp\/v2\/users\/69"}],"replies":[{"embeddable":true,"href":"https:\/\/www.cpaps.com.br\/mundo-do-sono\/wp-json\/wp\/v2\/comments?post=2212"}],"version-history":[{"count":1,"href":"https:\/\/www.cpaps.com.br\/mundo-do-sono\/wp-json\/wp\/v2\/posts\/2212\/revisions"}],"predecessor-version":[{"id":20242,"href":"https:\/\/www.cpaps.com.br\/mundo-do-sono\/wp-json\/wp\/v2\/posts\/2212\/revisions\/20242"}],"wp:featuredmedia":[{"embeddable":true,"href":"https:\/\/www.cpaps.com.br\/mundo-do-sono\/wp-json\/wp\/v2\/media\/2213"}],"wp:attachment":[{"href":"https:\/\/www.cpaps.com.br\/mundo-do-sono\/wp-json\/wp\/v2\/media?parent=2212"}],"wp:term":[{"taxonomy":"category","embeddable":true,"href":"https:\/\/www.cpaps.com.br\/mundo-do-sono\/wp-json\/wp\/v2\/categories?post=2212"},{"taxonomy":"post_tag","embeddable":true,"href":"https:\/\/www.cpaps.com.br\/mundo-do-sono\/wp-json\/wp\/v2\/tags?post=2212"}],"curies":[{"name":"wp","href":"https:\/\/api.w.org\/{rel}","templated":true}]}}