{"id":2116,"date":"2017-05-30T13:30:47","date_gmt":"2017-05-30T16:30:47","guid":{"rendered":"https:\/\/www.cpaps.com.br\/blog\/?p=2116"},"modified":"2026-06-19T11:57:33","modified_gmt":"2026-06-19T14:57:33","slug":"ronco-e-doencas-respiratorias-descubra-qual-e-relacao","status":"publish","type":"post","link":"https:\/\/www.cpaps.com.br\/mundo-do-sono\/ronco-e-doencas-respiratorias-descubra-qual-e-relacao\/","title":{"rendered":"Ronco e doen\u00e7as respirat\u00f3rias: descubra qual \u00e9 a rela\u00e7\u00e3o"},"content":{"rendered":"<p style=\"text-align: justify;\">A causa do <strong>ronco<\/strong> est\u00e1 relacionada com a <strong>obstru\u00e7\u00e3o das vias respirat\u00f3rias<\/strong>, que fazem com que o ar respirado tenha uma movimenta\u00e7\u00e3o intensa, atrav\u00e9s das vias a\u00e9reas, do palato mole e da \u00favula. Isso causa uma vibra\u00e7\u00e3o que provoca o som caracter\u00edstico do <strong>ronco<\/strong>. Essa obstru\u00e7\u00e3o pode ser causada por algumas <strong>doen\u00e7as respirat\u00f3rias<\/strong>, por isso elas podem estar relacionadas com o <strong>ronco<\/strong>. Saiba mais neste post do <a href=\"https:\/\/www.cpaps.com.br\/blog\/\"><strong>Blog CPAPS<\/strong><\/a>.<\/p>\n<h2 style=\"text-align: justify;\"><strong>Como os p\u00f3lipos nasais influenciam no ronco<\/strong><\/h2>\n<p style=\"text-align: justify;\">Os <strong>p\u00f3lipos nasais<\/strong> s\u00e3o pequenas bolsas de tecido inflamado que crescem nas mucosas nasais e nos seios paranasais. Na maioria das vezes, eles passam despercebidos por quem os possui, mas podem favorecer a obstru\u00e7\u00e3o das vias a\u00e9reas e, assim, contribuir para o <a href=\"https:\/\/www.cpaps.com.br\/blog\/ronco-conheca-problemas-relacionados-ao-disturbio\/\"><strong>aparecimento do ronco<\/strong><\/a>.<\/p>\n<p style=\"text-align: justify;\">Eles podem se formar em qualquer idade, por\u00e9m s\u00e3o mais comuns em mulheres jovens e em adultos de meia idade. Alguns fatores podem influenciar na forma\u00e7\u00e3o dos <strong>p\u00f3lipos nasais<\/strong> como: <strong>asma<\/strong>, <strong>sinusite<\/strong>, <strong>rinite al\u00e9rgica<\/strong> e <strong>infec\u00e7\u00f5es cr\u00f4nicas nos seios nasais<\/strong>.<\/p>\n<p style=\"text-align: justify;\"><a href=\"https:\/\/www.cpaps.com.br\/blog\/wp-content\/uploads\/2017\/05\/sono-alergias.jpg\"><img loading=\"lazy\" decoding=\"async\" class=\"aligncenter wp-image-2118\" title=\"Doen\u00e7as respirat\u00f3rias influenciam no ronco\" src=\"https:\/\/www.cpaps.com.br\/blog\/wp-content\/uploads\/2017\/05\/sono-alergias.jpg\" alt=\"\" width=\"600\" height=\"400\" srcset=\"https:\/\/www.cpaps.com.br\/mundo-do-sono\/wp-content\/uploads\/2017\/05\/sono-alergias.jpg 1000w, https:\/\/www.cpaps.com.br\/mundo-do-sono\/wp-content\/uploads\/2017\/05\/sono-alergias-768x512.jpg 768w\" sizes=\"auto, (max-width: 600px) 100vw, 600px\" \/><\/a><\/p>\n<h2 style=\"text-align: justify;\"><strong>Problemas nas am\u00edgdalas e adenoide<\/strong><\/h2>\n<p style=\"text-align: justify;\"><strong>Am\u00edgdalas<\/strong> e <strong>adenoides<\/strong> muito grandes tamb\u00e9m dificultam a passagem do ar e influenciam no <strong>aparecimento do ronco<\/strong>. Com menos espa\u00e7o para o ar passar, precisamos fazer mais esfor\u00e7o para respirar e o <strong>ressonar<\/strong> torna-se frequente. Estes problemas podem ser resolvidos facilmente com uma cirurgia simples que chega a durar apenas 30 minutos.<\/p><div id=\"cpaps-450868180\" class=\"cpaps-desktop-single-post-content cpaps-entity-placement\" style=\"margin-left: auto;margin-right: auto;text-align: center;\"><a data-no-instant=\"1\" href=\"https:\/\/www.cpaps.com.br\/mascaras?utm_source=blog&#038;utm_medium=banner&#038;utm_campaign=mascaras\" rel=\"noopener\" class=\"a2t-link\" target=\"_blank\" aria-label=\"Banner_desktop___Meio_de_pagina001\"><img loading=\"lazy\" decoding=\"async\" src=\"https:\/\/www.cpaps.com.br\/mundo-do-sono\/wp-content\/uploads\/2025\/03\/Banner_desktop___Meio_de_pagina001.webp\" alt=\"\"  srcset=\"https:\/\/www.cpaps.com.br\/mundo-do-sono\/wp-content\/uploads\/2025\/03\/Banner_desktop___Meio_de_pagina001.webp 1920w, https:\/\/www.cpaps.com.br\/mundo-do-sono\/wp-content\/uploads\/2025\/03\/Banner_desktop___Meio_de_pagina001-768x111.webp 768w, https:\/\/www.cpaps.com.br\/mundo-do-sono\/wp-content\/uploads\/2025\/03\/Banner_desktop___Meio_de_pagina001-1024x148.webp 1024w, https:\/\/www.cpaps.com.br\/mundo-do-sono\/wp-content\/uploads\/2025\/03\/Banner_desktop___Meio_de_pagina001-1536x222.webp 1536w\" sizes=\"(max-width: 1920px) 100vw, 1920px\" width=\"1920\" height=\"277\"   \/><\/a><\/div>\n<p style=\"text-align: justify;\">Quando inflamadas, al\u00e9m de piorarem o quadro de <strong>ronco<\/strong>, as <strong>am\u00edgdalas<\/strong> incham e atrapalham a passagem do ar e das secre\u00e7\u00f5es que deveriam fluir normalmente pelos seios da face. Essas secre\u00e7\u00f5es ficam presas e, muitas vezes, acabam provocando a sinusite. Al\u00e9m disso, o l\u00edquido que desce das <strong>am\u00edgdalas<\/strong> infectadas pode escorrer pela <strong>laringe<\/strong> e pela <strong>traqueia<\/strong>, parar nos <strong>pulm\u00f5es<\/strong> e favorecer o surgimento de <strong>pneumonia<\/strong>.<\/p>\n<p style=\"text-align: justify;\">J\u00e1 as <strong>adenoides<\/strong> t\u00eam a fun\u00e7\u00e3o de ajudar organismo a se defender de micro-organismos que invadem as cavidades nasal e oral. No entanto, em pessoas com <strong>infec\u00e7\u00f5es respirat\u00f3rias constantes<\/strong>, elas crescem e tornam-se hipertrofiadas, contribuindo para o aparecimento do <strong>ronco<\/strong>.<\/p>\n<p style=\"text-align: justify;\">N\u00f3s da <a href=\"https:\/\/www.cpaps.com.br\/\"><strong>CPAPS.com.br<\/strong><\/a> somos especialistas em produtos para <strong>tratamento da apneia<\/strong>, que tamb\u00e9m pode ser uma das causas do seu <strong>ronco<\/strong>. Na nossa loja virtual voc\u00ea encontra os melhores equipamentos e uma equipe de especialistas para te orientar via Chat Online ou por telefone, nos n\u00fameros 4007-2922 e 0800 601 9922.<\/p>\n\n\n<div class=\"kk-star-ratings kksr-auto kksr-align-center kksr-valign-bottom\"\n    data-payload='{&quot;align&quot;:&quot;center&quot;,&quot;id&quot;:&quot;2116&quot;,&quot;slug&quot;:&quot;default&quot;,&quot;valign&quot;:&quot;bottom&quot;,&quot;ignore&quot;:&quot;&quot;,&quot;reference&quot;:&quot;auto&quot;,&quot;class&quot;:&quot;&quot;,&quot;count&quot;:&quot;0&quot;,&quot;legendonly&quot;:&quot;&quot;,&quot;readonly&quot;:&quot;&quot;,&quot;score&quot;:&quot;0&quot;,&quot;starsonly&quot;:&quot;&quot;,&quot;best&quot;:&quot;5&quot;,&quot;gap&quot;:&quot;5&quot;,&quot;greet&quot;:&quot;Avalie este post&quot;,&quot;legend&quot;:&quot;0\\\/5 - (0 voto)&quot;,&quot;size&quot;:&quot;24&quot;,&quot;title&quot;:&quot;Ronco e doen\u00e7as respirat\u00f3rias: descubra qual \u00e9 a rela\u00e7\u00e3o&quot;,&quot;width&quot;:&quot;0&quot;,&quot;_legend&quot;:&quot;{score}\\\/{best} - ({count} {votes})&quot;,&quot;font_factor&quot;:&quot;1.25&quot;}'>\n            \n<div class=\"kksr-stars\">\n    \n<div class=\"kksr-stars-inactive\">\n            <div class=\"kksr-star\" data-star=\"1\" style=\"padding-right: 5px\">\n            \n\n<div class=\"kksr-icon\" style=\"width: 24px; height: 24px;\"><\/div>\n        <\/div>\n            <div class=\"kksr-star\" data-star=\"2\" style=\"padding-right: 5px\">\n            \n\n<div class=\"kksr-icon\" style=\"width: 24px; height: 24px;\"><\/div>\n        <\/div>\n            <div class=\"kksr-star\" data-star=\"3\" style=\"padding-right: 5px\">\n            \n\n<div class=\"kksr-icon\" style=\"width: 24px; height: 24px;\"><\/div>\n        <\/div>\n            <div class=\"kksr-star\" data-star=\"4\" style=\"padding-right: 5px\">\n            \n\n<div class=\"kksr-icon\" style=\"width: 24px; height: 24px;\"><\/div>\n        <\/div>\n            <div class=\"kksr-star\" data-star=\"5\" style=\"padding-right: 5px\">\n            \n\n<div class=\"kksr-icon\" style=\"width: 24px; height: 24px;\"><\/div>\n        <\/div>\n    <\/div>\n    \n<div class=\"kksr-stars-active\" style=\"width: 0px;\">\n            <div class=\"kksr-star\" style=\"padding-right: 5px\">\n            \n\n<div class=\"kksr-icon\" style=\"width: 24px; height: 24px;\"><\/div>\n        <\/div>\n            <div class=\"kksr-star\" style=\"padding-right: 5px\">\n            \n\n<div class=\"kksr-icon\" style=\"width: 24px; height: 24px;\"><\/div>\n        <\/div>\n            <div class=\"kksr-star\" style=\"padding-right: 5px\">\n            \n\n<div class=\"kksr-icon\" style=\"width: 24px; height: 24px;\"><\/div>\n        <\/div>\n            <div class=\"kksr-star\" style=\"padding-right: 5px\">\n            \n\n<div class=\"kksr-icon\" style=\"width: 24px; height: 24px;\"><\/div>\n        <\/div>\n            <div class=\"kksr-star\" style=\"padding-right: 5px\">\n            \n\n<div class=\"kksr-icon\" style=\"width: 24px; height: 24px;\"><\/div>\n        <\/div>\n    <\/div>\n<\/div>\n                \n\n<div class=\"kksr-legend\" style=\"font-size: 19.2px;\">\n            <span class=\"kksr-muted\">Avalie este post<\/span>\n    <\/div>\n    <\/div>\n","protected":false},"excerpt":{"rendered":"<p>A obstru\u00e7\u00e3o das vias a\u00e9reas pode ser causada por algumas doen\u00e7as respirat\u00f3rias, por isso elas podem estar relacionadas com o ronco. Saiba mais neste post!<\/p>\n","protected":false},"author":71,"featured_media":2117,"comment_status":"open","ping_status":"closed","sticky":false,"template":"","format":"standard","meta":{"_acf_changed":false,"_gspb_post_css":"","footnotes":"","rank_math_title":"Ronco e doen\u00e7as respirat\u00f3rias: descubra qual \u00e9 a rela\u00e7\u00e3o","rank_math_description":"A obstru\u00e7\u00e3o das vias a\u00e9reas pode ser causada por algumas doen\u00e7as respirat\u00f3rias, por isso elas podem estar relacionadas com o ronco. Saiba mais neste post!","rank_math_focus_keyword":"ronco","rank_math_canonical_url":"","rank_math_robots":null,"rank_math_advanced_robots":"","rank_math_facebook_title":"","rank_math_facebook_description":"","rank_math_facebook_image":"","rank_math_facebook_image_id":"","rank_math_twitter_title":"","rank_math_twitter_description":"","rank_math_twitter_image":"","rank_math_twitter_card_type":"","rank_math_schema_Article":"","rank_math_schema_FAQPage":"","rank_math_schema_HowTo":"","rank_math_rich_snippet":"","rank_math_primary_category":"85","rank_math_seo_score":"","rank_math_internal_links_processed":"1"},"categories":[1629,1632],"tags":[535,316,351],"class_list":["post-2116","post","type-post","status-publish","format-standard","has-post-thumbnail","hentry","category-disturbios-do-sono","category-ronco-disturbios-do-sono","tag-adenoides","tag-alergia","tag-doencas-respiratorias"],"blocksy_meta":{"styles_descriptor":{"styles":{"desktop":"","tablet":"","mobile":""},"google_fonts":[],"version":7}},"acf":[],"_links":{"self":[{"href":"https:\/\/www.cpaps.com.br\/mundo-do-sono\/wp-json\/wp\/v2\/posts\/2116","targetHints":{"allow":["GET"]}}],"collection":[{"href":"https:\/\/www.cpaps.com.br\/mundo-do-sono\/wp-json\/wp\/v2\/posts"}],"about":[{"href":"https:\/\/www.cpaps.com.br\/mundo-do-sono\/wp-json\/wp\/v2\/types\/post"}],"author":[{"embeddable":true,"href":"https:\/\/www.cpaps.com.br\/mundo-do-sono\/wp-json\/wp\/v2\/users\/71"}],"replies":[{"embeddable":true,"href":"https:\/\/www.cpaps.com.br\/mundo-do-sono\/wp-json\/wp\/v2\/comments?post=2116"}],"version-history":[{"count":1,"href":"https:\/\/www.cpaps.com.br\/mundo-do-sono\/wp-json\/wp\/v2\/posts\/2116\/revisions"}],"predecessor-version":[{"id":20414,"href":"https:\/\/www.cpaps.com.br\/mundo-do-sono\/wp-json\/wp\/v2\/posts\/2116\/revisions\/20414"}],"wp:featuredmedia":[{"embeddable":true,"href":"https:\/\/www.cpaps.com.br\/mundo-do-sono\/wp-json\/wp\/v2\/media\/2117"}],"wp:attachment":[{"href":"https:\/\/www.cpaps.com.br\/mundo-do-sono\/wp-json\/wp\/v2\/media?parent=2116"}],"wp:term":[{"taxonomy":"category","embeddable":true,"href":"https:\/\/www.cpaps.com.br\/mundo-do-sono\/wp-json\/wp\/v2\/categories?post=2116"},{"taxonomy":"post_tag","embeddable":true,"href":"https:\/\/www.cpaps.com.br\/mundo-do-sono\/wp-json\/wp\/v2\/tags?post=2116"}],"curies":[{"name":"wp","href":"https:\/\/api.w.org\/{rel}","templated":true}]}}