{"id":20811,"date":"2026-09-01T15:04:54","date_gmt":"2026-09-01T18:04:54","guid":{"rendered":"https:\/\/www.cpaps.com.br\/mundo-do-sono\/?p=20811"},"modified":"2026-09-01T15:04:56","modified_gmt":"2026-09-01T18:04:56","slug":"prevencao-do-diabetes","status":"publish","type":"post","link":"https:\/\/www.cpaps.com.br\/mundo-do-sono\/prevencao-do-diabetes\/","title":{"rendered":"Preven\u00e7\u00e3o do diabetes: como sono, alimenta\u00e7\u00e3o e atividade f\u00edsica trabalham juntos"},"content":{"rendered":"\n<p class=\"wp-block-paragraph\">Voc\u00ea j\u00e1 percebeu como algumas fases da vida parecem \u201cdesregular\u201d tudo ao mesmo tempo? O sono piora, a alimenta\u00e7\u00e3o fica desorganizada e a pr\u00e1tica de atividade f\u00edsica diminui. O que muita gente n\u00e3o sabe \u00e9 que esse combo pode ter um impacto direto em uma das doen\u00e7as que mais crescem no mundo: o diabetes.<\/p>\n\n\n\n<p class=\"wp-block-paragraph\">Segundo o Minist\u00e9rio da Sa\u00fade, milh\u00f5es de brasileiros convivem com o diabetes \u2014 e muitos outros est\u00e3o em risco sem saber. A boa not\u00edcia \u00e9 que, na maioria dos casos, a preven\u00e7\u00e3o do diabetes come\u00e7a com mudan\u00e7as no estilo de vida.<\/p>\n\n\n\n<p class=\"wp-block-paragraph\">E aqui entra um ponto essencial: ela n\u00e3o depende de um \u00fanico fator isolado, acontecendo quando tr\u00eas pilares funcionam juntos \u2014 <strong>sono, alimenta\u00e7\u00e3o e atividade f\u00edsica<\/strong>.<\/p>\n\n\n\n<p class=\"wp-block-paragraph\">Neste artigo, voc\u00ea vai entender, de forma clara e conectada com a vida real:<\/p><div id=\"cpaps-2726418400\" class=\"cpaps-desktop-single-post-content cpaps-entity-placement\" style=\"margin-left: auto;margin-right: auto;text-align: center;\"><a data-no-instant=\"1\" href=\"https:\/\/www.cpaps.com.br\/mascaras?utm_source=blog&#038;utm_medium=banner&#038;utm_campaign=mascaras\" rel=\"noopener\" class=\"a2t-link\" target=\"_blank\" aria-label=\"Banner_desktop___Meio_de_pagina001\"><img loading=\"lazy\" decoding=\"async\" src=\"https:\/\/www.cpaps.com.br\/mundo-do-sono\/wp-content\/uploads\/2025\/03\/Banner_desktop___Meio_de_pagina001.webp\" alt=\"\"  srcset=\"https:\/\/www.cpaps.com.br\/mundo-do-sono\/wp-content\/uploads\/2025\/03\/Banner_desktop___Meio_de_pagina001.webp 1920w, https:\/\/www.cpaps.com.br\/mundo-do-sono\/wp-content\/uploads\/2025\/03\/Banner_desktop___Meio_de_pagina001-768x111.webp 768w, https:\/\/www.cpaps.com.br\/mundo-do-sono\/wp-content\/uploads\/2025\/03\/Banner_desktop___Meio_de_pagina001-1024x148.webp 1024w, https:\/\/www.cpaps.com.br\/mundo-do-sono\/wp-content\/uploads\/2025\/03\/Banner_desktop___Meio_de_pagina001-1536x222.webp 1536w\" sizes=\"(max-width: 1920px) 100vw, 1920px\" width=\"1920\" height=\"277\"   \/><\/a><\/div>\n\n\n\n<ul class=\"wp-block-list\">\n<li>Como esses tr\u00eas fatores se influenciam<\/li>\n\n\n\n<li>Por que dormir mal pode aumentar o risco de diabetes<\/li>\n\n\n\n<li>O papel da alimenta\u00e7\u00e3o no controle da glicose<\/li>\n\n\n\n<li>Como o movimento ajuda o corpo a funcionar melhor<\/li>\n\n\n\n<li>E como pequenas mudan\u00e7as podem gerar grandes resultados<\/li>\n<\/ul>\n\n\n\n<p class=\"wp-block-paragraph\">Se voc\u00ea quer cuidar da sua sa\u00fade de forma completa, este conte\u00fado \u00e9 para voc\u00ea.<\/p>\n\n\n\n<h2 id=\"o-que-e-diabetes-e-por-que-ele-preocupa-tanto\" class=\"wp-block-heading\"><strong>O que \u00e9 diabetes e por que ele preocupa tanto<\/strong><\/h2>\n\n\n\n<p class=\"wp-block-paragraph\">Antes de falarmos sobre a <strong>preven\u00e7\u00e3o do diabetes<\/strong>, precisamos entender o que est\u00e1 acontecendo no corpo.<\/p>\n\n\n\n<p class=\"wp-block-paragraph\">O diabetes \u00e9 uma condi\u00e7\u00e3o em que h\u00e1 <strong>excesso de glicose (a\u00e7\u00facar) no sangue<\/strong>. Isso acontece porque o corpo n\u00e3o consegue usar a insulina de forma eficiente ou n\u00e3o produz quantidade suficiente.<\/p>\n\n\n\n<p class=\"wp-block-paragraph\">A insulina \u00e9 um horm\u00f4nio que funciona como uma \u201cchave\u201d: ela permite que a glicose entre nas c\u00e9lulas para ser usada como energia.<\/p>\n\n\n\n<p class=\"wp-block-paragraph\">Quando esse processo falha:<\/p>\n\n\n\n<ul class=\"wp-block-list\">\n<li>A glicose se acumula no sangue<\/li>\n\n\n\n<li>As c\u00e9lulas ficam sem energia adequada<\/li>\n\n\n\n<li>O organismo entra em desequil\u00edbrio<\/li>\n<\/ul>\n\n\n\n<p class=\"wp-block-paragraph\">Com o tempo, isso pode causar problemas s\u00e9rios:<\/p>\n\n\n\n<ul class=\"wp-block-list\">\n<li>Doen\u00e7as cardiovasculares<\/li>\n\n\n\n<li>Problemas renais<\/li>\n\n\n\n<li>Complica\u00e7\u00f5es neurol\u00f3gicas<\/li>\n\n\n\n<li>Altera\u00e7\u00f5es na vis\u00e3o<\/li>\n<\/ul>\n\n\n\n<p class=\"wp-block-paragraph\">E o mais importante: o diabetes tipo 2 \u2014 o mais comum \u2014 est\u00e1 diretamente ligado ao estilo de vida.<\/p>\n\n\n\n<h2 id=\"prevencao-do-diabetes-por-que-o-estilo-de-vida-e-decisivo\" class=\"wp-block-heading\"><strong>Preven\u00e7\u00e3o do diabetes: por que o estilo de vida \u00e9 decisivo<\/strong><\/h2>\n\n\n\n<p class=\"wp-block-paragraph\">A <strong>preven\u00e7\u00e3o do diabetes<\/strong> n\u00e3o depende de sorte ou gen\u00e9tica apenas. Ela est\u00e1 profundamente relacionada ao dia a dia.<\/p>\n\n\n\n<p class=\"wp-block-paragraph\">Os principais fatores de risco s\u00e3o:<\/p>\n\n\n\n<ul class=\"wp-block-list\">\n<li>Sedentarismo<\/li>\n\n\n\n<li>Alimenta\u00e7\u00e3o desbalanceada<\/li>\n\n\n\n<li>Priva\u00e7\u00e3o de sono<\/li>\n\n\n\n<li>Excesso de peso<\/li>\n\n\n\n<li>Estresse cr\u00f4nico<\/li>\n<\/ul>\n\n\n\n<p class=\"wp-block-paragraph\">E \u00e9 justamente aqui que entra o trip\u00e9 que vamos explorar:<\/p>\n\n\n\n<ul class=\"wp-block-list\">\n<li>Sono<\/li>\n\n\n\n<li>Alimenta\u00e7\u00e3o<\/li>\n\n\n\n<li>Atividade f\u00edsica<\/li>\n<\/ul>\n\n\n\n<p class=\"wp-block-paragraph\">Esses tr\u00eas elementos n\u00e3o funcionam separados. Eles se influenciam o tempo todo.<\/p>\n\n\n\n<h2 id=\"sono-e-prevencao-do-diabetes-o-que-acontece-quando-voce-dorme-mal\" class=\"wp-block-heading\"><strong>Sono e preven\u00e7\u00e3o do diabetes: o que acontece quando voc\u00ea dorme mal<\/strong><\/h2>\n\n\n\n<p class=\"wp-block-paragraph\">Quando falamos em sa\u00fade metab\u00f3lica, muita gente pensa apenas em dieta e exerc\u00edcio. Mas o sono tem um papel t\u00e3o importante quanto \u2014 ou at\u00e9 mais.<\/p>\n\n\n\n<figure class=\"wp-block-image size-large\"><img loading=\"lazy\" decoding=\"async\" width=\"1024\" height=\"819\" src=\"https:\/\/www.cpaps.com.br\/mundo-do-sono\/wp-content\/uploads\/2026\/09\/woman-night-sleeping-bed-tired-comfort-exhausted-home-with-blanket-pillow-female-person-fatigue-asleep-bedroom-nap-dream-burnout-with-relax-peace-break-2-1024x819.jpg\" alt=\"preven\u00e7\u00e3o do diabetes\" class=\"wp-image-20815\" srcset=\"https:\/\/www.cpaps.com.br\/mundo-do-sono\/wp-content\/uploads\/2026\/09\/woman-night-sleeping-bed-tired-comfort-exhausted-home-with-blanket-pillow-female-person-fatigue-asleep-bedroom-nap-dream-burnout-with-relax-peace-break-2-1024x819.jpg 1024w, https:\/\/www.cpaps.com.br\/mundo-do-sono\/wp-content\/uploads\/2026\/09\/woman-night-sleeping-bed-tired-comfort-exhausted-home-with-blanket-pillow-female-person-fatigue-asleep-bedroom-nap-dream-burnout-with-relax-peace-break-2-768x614.jpg 768w, https:\/\/www.cpaps.com.br\/mundo-do-sono\/wp-content\/uploads\/2026\/09\/woman-night-sleeping-bed-tired-comfort-exhausted-home-with-blanket-pillow-female-person-fatigue-asleep-bedroom-nap-dream-burnout-with-relax-peace-break-2-1536x1229.jpg 1536w, https:\/\/www.cpaps.com.br\/mundo-do-sono\/wp-content\/uploads\/2026\/09\/woman-night-sleeping-bed-tired-comfort-exhausted-home-with-blanket-pillow-female-person-fatigue-asleep-bedroom-nap-dream-burnout-with-relax-peace-break-2-2048x1638.jpg 2048w\" sizes=\"auto, (max-width: 1024px) 100vw, 1024px\" \/><\/figure>\n\n\n\n<p class=\"wp-block-paragraph\">Dormir mal afeta diretamente a forma como o corpo regula a glicose.<\/p>\n\n\n\n<h3 id=\"o-que-acontece-no-corpo-com-a-falta-de-sono\" class=\"wp-block-heading\"><strong>O que acontece no corpo com a falta de sono<\/strong><\/h3>\n\n\n\n<p class=\"wp-block-paragraph\">Quando voc\u00ea dorme pouco ou mal:<\/p>\n\n\n\n<ul class=\"wp-block-list\">\n<li>A sensibilidade \u00e0 insulina diminui<\/li>\n\n\n\n<li>O corpo passa a ter mais dificuldade em controlar a glicose<\/li>\n\n\n\n<li>O cortisol (horm\u00f4nio do estresse) aumenta<\/li>\n\n\n\n<li>O apetite aumenta, especialmente por alimentos cal\u00f3ricos<\/li>\n<\/ul>\n\n\n\n<p class=\"wp-block-paragraph\">Resultado: o corpo entra em um estado que favorece o desenvolvimento do diabetes.<\/p>\n\n\n\n<p class=\"wp-block-paragraph\">Estudos mostram que pessoas que dormem menos de 6 horas por noite t\u00eam maior risco de desenvolver diabetes tipo 2.<\/p>\n\n\n\n<h3 id=\"hormonios-do-sono-e-da-fome\" class=\"wp-block-heading\"><strong>Horm\u00f4nios do sono e da fome<\/strong><\/h3>\n\n\n\n<p class=\"wp-block-paragraph\">O sono regula dois horm\u00f4nios essenciais:<\/p>\n\n\n\n<ul class=\"wp-block-list\">\n<li><strong>Grelina<\/strong> \u2192 aumenta a fome<\/li>\n\n\n\n<li><strong>Leptina<\/strong> \u2192 sinaliza saciedade<\/li>\n<\/ul>\n\n\n\n<p class=\"wp-block-paragraph\">Quando voc\u00ea dorme mal:<\/p>\n\n\n\n<ul class=\"wp-block-list\">\n<li>A grelina aumenta<\/li>\n\n\n\n<li>A leptina diminui<\/li>\n<\/ul>\n\n\n\n<p class=\"wp-block-paragraph\">Isso faz com que voc\u00ea coma mais \u2014 especialmente alimentos ricos em a\u00e7\u00facar e gordura.<\/p>\n\n\n\n<p class=\"wp-block-paragraph\">Ou seja: o sono influencia diretamente suas escolhas alimentares.<\/p>\n\n\n\n<h2 id=\"alimentacao-o-combustivel-que-pode-proteger-ou-prejudicar\" class=\"wp-block-heading\"><strong>Alimenta\u00e7\u00e3o: o combust\u00edvel que pode proteger ou prejudicar<\/strong><\/h2>\n\n\n\n<p class=\"wp-block-paragraph\">A alimenta\u00e7\u00e3o \u00e9 um dos pilares mais conhecidos na <strong>preven\u00e7\u00e3o do diabetes<\/strong> \u2014 mas nem sempre \u00e9 compreendida da forma correta.<\/p>\n\n\n\n<p class=\"wp-block-paragraph\">N\u00e3o se trata apenas de \u201ccortar a\u00e7\u00facar\u201d.<\/p>\n\n\n\n<p class=\"wp-block-paragraph\">Trata-se de equil\u00edbrio.<\/p>\n\n\n\n<h3 id=\"como-a-alimentacao-influencia-a-glicose\" class=\"wp-block-heading\"><strong>Como a alimenta\u00e7\u00e3o influencia a glicose<\/strong><\/h3>\n\n\n\n<p class=\"wp-block-paragraph\">Alimentos ricos em carboidratos simples (como doces e ultraprocessados) aumentam rapidamente a glicose no sangue.<\/p>\n\n\n\n<p class=\"wp-block-paragraph\">Isso gera:<\/p>\n\n\n\n<ul class=\"wp-block-list\">\n<li>Picos de insulina<\/li>\n\n\n\n<li>Oscila\u00e7\u00f5es de energia<\/li>\n\n\n\n<li>Maior risco de resist\u00eancia \u00e0 insulina<\/li>\n<\/ul>\n\n\n\n<p class=\"wp-block-paragraph\">Com o tempo, esse padr\u00e3o sobrecarrega o organismo.<\/p>\n\n\n\n<h3 id=\"o-que-priorizar-na-alimentacao\" class=\"wp-block-heading\"><strong>O que priorizar na alimenta\u00e7\u00e3o<\/strong><\/h3>\n\n\n\n<p class=\"wp-block-paragraph\">Para ajudar na preven\u00e7\u00e3o do diabetes:<\/p>\n\n\n\n<ul class=\"wp-block-list\">\n<li>Alimentos naturais<\/li>\n\n\n\n<li>Fibras (frutas, legumes, verduras)<\/li>\n\n\n\n<li>Prote\u00ednas magras<\/li>\n\n\n\n<li>Gorduras boas (como azeite e oleaginosas)<\/li>\n\n\n\n<li>Carboidratos complexos (como arroz integral e aveia)<\/li>\n<\/ul>\n\n\n\n<p class=\"wp-block-paragraph\">Esses alimentos ajudam a manter a glicose est\u00e1vel.<\/p>\n\n\n\n<h3 id=\"o-impacto-do-horario-das-refeicoes\" class=\"wp-block-heading\"><strong>O impacto do hor\u00e1rio das refei\u00e7\u00f5es<\/strong><\/h3>\n\n\n\n<p class=\"wp-block-paragraph\">N\u00e3o \u00e9 s\u00f3 o que voc\u00ea come \u2014 mas quando.<\/p>\n\n\n\n<p class=\"wp-block-paragraph\">Comer muito tarde, especialmente alimentos pesados, pode:<\/p>\n\n\n\n<ul class=\"wp-block-list\">\n<li>Prejudicar o sono<\/li>\n\n\n\n<li>Desregular o metabolismo<\/li>\n\n\n\n<li>Aumentar o risco de resist\u00eancia \u00e0 insulina<\/li>\n<\/ul>\n\n\n\n<p class=\"wp-block-paragraph\">Mais uma vez, tudo est\u00e1 conectado.<\/p>\n\n\n\n<h2 id=\"atividade-fisica-o-motor-que-regula-o-metabolismo\" class=\"wp-block-heading\"><strong>Atividade f\u00edsica: o motor que regula o metabolismo<\/strong><\/h2>\n\n\n\n<p class=\"wp-block-paragraph\">A atividade f\u00edsica \u00e9 um dos fatores mais poderosos na <strong>preven\u00e7\u00e3o do diabetes<\/strong>.<\/p>\n\n\n\n<p class=\"wp-block-paragraph\">E n\u00e3o precisa ser algo extremo.<\/p>\n\n\n\n<figure class=\"wp-block-image size-large\"><img loading=\"lazy\" decoding=\"async\" width=\"1024\" height=\"755\" src=\"https:\/\/www.cpaps.com.br\/mundo-do-sono\/wp-content\/uploads\/2026\/09\/full-shot-people-running-together-1024x755.jpg\" alt=\"pessoas correndo\" class=\"wp-image-20813\" srcset=\"https:\/\/www.cpaps.com.br\/mundo-do-sono\/wp-content\/uploads\/2026\/09\/full-shot-people-running-together-1024x755.jpg 1024w, https:\/\/www.cpaps.com.br\/mundo-do-sono\/wp-content\/uploads\/2026\/09\/full-shot-people-running-together-768x566.jpg 768w, https:\/\/www.cpaps.com.br\/mundo-do-sono\/wp-content\/uploads\/2026\/09\/full-shot-people-running-together-1536x1132.jpg 1536w, https:\/\/www.cpaps.com.br\/mundo-do-sono\/wp-content\/uploads\/2026\/09\/full-shot-people-running-together-2048x1510.jpg 2048w\" sizes=\"auto, (max-width: 1024px) 100vw, 1024px\" \/><\/figure>\n\n\n\n<h3 id=\"como-o-exercicio-ajuda-o-corpo\" class=\"wp-block-heading\"><strong>Como o exerc\u00edcio ajuda o corpo<\/strong><\/h3>\n\n\n\n<p class=\"wp-block-paragraph\">Quando voc\u00ea se movimenta:<\/p>\n\n\n\n<ul class=\"wp-block-list\">\n<li>Os m\u00fasculos usam glicose como energia<\/li>\n\n\n\n<li>A sensibilidade \u00e0 insulina melhora<\/li>\n\n\n\n<li>A glicose no sangue diminui<\/li>\n<\/ul>\n\n\n\n<p class=\"wp-block-paragraph\">Ou seja: o corpo passa a utilizar melhor o a\u00e7\u00facar dispon\u00edvel.<\/p>\n\n\n\n<h3 id=\"beneficios-comprovados\" class=\"wp-block-heading\"><strong>Benef\u00edcios comprovados<\/strong><\/h3>\n\n\n\n<p class=\"wp-block-paragraph\">A pr\u00e1tica regular de atividade f\u00edsica:<\/p>\n\n\n\n<ul class=\"wp-block-list\">\n<li>Reduz o risco de diabetes tipo 2<\/li>\n\n\n\n<li>Ajuda no controle do peso<\/li>\n\n\n\n<li>Melhora o humor<\/li>\n\n\n\n<li>Aumenta a qualidade do sono<\/li>\n<\/ul>\n\n\n\n<p class=\"wp-block-paragraph\">E aqui est\u00e1 o ponto-chave: o exerc\u00edcio melhora o sono \u2014 que melhora a alimenta\u00e7\u00e3o \u2014 que melhora o metabolismo.<\/p>\n\n\n\n<h2 id=\"a-conexao-entre-sono-alimentacao-e-atividade-fisica\" class=\"wp-block-heading\"><strong>A conex\u00e3o entre sono, alimenta\u00e7\u00e3o e atividade f\u00edsica<\/strong><\/h2>\n\n\n\n<p class=\"wp-block-paragraph\">Agora vem a parte mais importante do artigo.<\/p>\n\n\n\n<p class=\"wp-block-paragraph\">Esses tr\u00eas pilares n\u00e3o funcionam isoladamente.<\/p>\n\n\n\n<p class=\"wp-block-paragraph\">Eles formam um ciclo.<\/p>\n\n\n\n<h3 id=\"ciclo-positivo\" class=\"wp-block-heading\"><strong>Ciclo positivo<\/strong><\/h3>\n\n\n\n<ul class=\"wp-block-list\">\n<li>Dorme bem \u2192 regula horm\u00f4nios<\/li>\n\n\n\n<li>Horm\u00f4nios equilibrados \u2192 melhores escolhas alimentares<\/li>\n\n\n\n<li>Alimenta\u00e7\u00e3o equilibrada \u2192 mais energia<\/li>\n\n\n\n<li>Mais energia \u2192 mais disposi\u00e7\u00e3o para se exercitar<\/li>\n\n\n\n<li>Exerc\u00edcio \u2192 melhora o sono<\/li>\n<\/ul>\n\n\n\n<h3 id=\"ciclo-negativo\" class=\"wp-block-heading\"><strong>Ciclo negativo<\/strong><\/h3>\n\n\n\n<ul class=\"wp-block-list\">\n<li>Dorme mal \u2192 mais fome<\/li>\n\n\n\n<li>Come mal \u2192 menos energia<\/li>\n\n\n\n<li>Sem energia \u2192 sedentarismo<\/li>\n\n\n\n<li>Sedentarismo \u2192 piora do sono<\/li>\n<\/ul>\n\n\n\n<p class=\"wp-block-paragraph\">\u00c9 por isso que a <strong>preven\u00e7\u00e3o do diabetes<\/strong> precisa ser integrada.<\/p>\n\n\n\n<h2 id=\"pequenas-mudancas-que-fazem-grande-diferenca\" class=\"wp-block-heading\"><strong>Pequenas mudan\u00e7as que fazem grande diferen\u00e7a<\/strong><\/h2>\n\n\n\n<p class=\"wp-block-paragraph\">Voc\u00ea n\u00e3o precisa mudar tudo de uma vez.<\/p>\n\n\n\n<p class=\"wp-block-paragraph\">Comece com ajustes simples:<\/p>\n\n\n\n<ul class=\"wp-block-list\">\n<li>Dormir 30 minutos mais cedo<\/li>\n\n\n\n<li>Reduzir telas \u00e0 noite<\/li>\n\n\n\n<li>Caminhar 20 minutos por dia<\/li>\n\n\n\n<li>Trocar ultraprocessados por alimentos naturais<\/li>\n\n\n\n<li>Criar hor\u00e1rios regulares para refei\u00e7\u00f5es<\/li>\n<\/ul>\n\n\n\n<p class=\"wp-block-paragraph\">Pequenos h\u00e1bitos, quando repetidos, geram grandes resultados.<\/p>\n\n\n\n<h2 id=\"quando-procurar-ajuda\" class=\"wp-block-heading\"><strong>Quando procurar ajuda<\/strong><\/h2>\n\n\n\n<p class=\"wp-block-paragraph\">Se voc\u00ea apresenta:<\/p>\n\n\n\n<ul class=\"wp-block-list\">\n<li>Cansa\u00e7o constante<\/li>\n\n\n\n<li>Dificuldade para dormir<\/li>\n\n\n\n<li>Ganho de peso<\/li>\n\n\n\n<li>Hist\u00f3rico familiar de diabetes<\/li>\n<\/ul>\n\n\n\n<p class=\"wp-block-paragraph\">\u00c9 importante buscar avalia\u00e7\u00e3o m\u00e9dica<\/p>\n\n\n\n<p class=\"wp-block-paragraph\">A preven\u00e7\u00e3o come\u00e7a com consci\u00eancia.<\/p>\n\n\n\n<h3 id=\"como-a-cpaps-pode-te-ajudar-com-eficacia\" class=\"wp-block-heading\"><strong>Como a CPAPS pode te ajudar com efic\u00e1cia<\/strong><\/h3>\n\n\n\n<p class=\"wp-block-paragraph\">A CPAPS, refer\u00eancia nacional em sa\u00fade do sono e qualidade respirat\u00f3ria, entende profundamente os desafios enfrentados por quem convive com a apneia do sono.<\/p>\n\n\n\n<p class=\"wp-block-paragraph\">\u2714\ufe0f Oferecemos uma linha completa de solu\u00e7\u00f5es para dist\u00farbios do sono e respirat\u00f3rios.<br>\u2714\ufe0f Nossa equipe \u00e9 composta por profissionais capacitados, especializados em orientar cada paciente na escolha da solu\u00e7\u00e3o mais adequada para seu quadro de apneia.<br>\u2714\ufe0f Atuamos de forma integrada, n\u00e3o apenas fornecendo produtos, mas tamb\u00e9m educando, acolhendo e oferecendo suporte t\u00e9cnico cont\u00ednuo, tanto para pacientes quanto para fam\u00edlias.<br>\u2714\ufe0f Al\u00e9m disso, atrav\u00e9s do nosso <a href=\"https:\/\/www.cpaps.com.br\/blog\/cpap-solidario\/\">Projeto CPAP Solid\u00e1rio<\/a>, promovemos o acesso democr\u00e1tico a equipamentos de sa\u00fade respirat\u00f3ria, sempre alinhados \u00e0s melhores pr\u00e1ticas cl\u00ednicas e cient\u00edficas.<\/p>\n\n\n\n<p class=\"wp-block-paragraph\">Fale com a CPAPS:<br>\ud83d\udcde 0800 601 9922<br>\ud83d\udcac WhatsApp: <a href=\"http:\/\/www.cpaps.com.br\/whatsapp\">Clique aqui para acessar<br><\/a>\ud83c\udf10 Acesse o <a href=\"https:\/\/www.cpaps.com.br\/blog\">Portal Mundo do Sono<\/a> para se aprofundar em conte\u00fados, conhecer hist\u00f3rias reais e encontrar ajuda confi\u00e1vel para sua jornada com a apneia do sono.<\/p>\n\n\n\n<h2 id=\"fontes\" class=\"wp-block-heading\"><strong>Fontes<\/strong><\/h2>\n\n\n\n<ol class=\"wp-block-list\">\n<li><a href=\"https:\/\/agencia.fapesp.br\/sono-irregular-aumenta-risco-de-obesidade-e-diabetes\/15438\/\" target=\"_blank\" rel=\"noopener\">https:\/\/agencia.fapesp.br\/sono-irregular-aumenta-risco-de-obesidade-e-diabetes\/15438\/<\/a><\/li>\n\n\n\n<li><a href=\"https:\/\/www.interacoes.ucdb.br\/multitemas\/article\/download\/140\/174\" target=\"_blank\" rel=\"noopener\">https:\/\/www.interacoes.ucdb.br\/multitemas\/article\/download\/140\/174<\/a><\/li>\n\n\n\n<li><a href=\"https:\/\/diabetes.org.br\/coluna-verdadeiro-ou-falso-32-a-qualidade-do-sono-pode-interferir-no-controle-da-minha-glicemia\/\" target=\"_blank\" rel=\"noopener\">https:\/\/diabetes.org.br\/coluna-verdadeiro-ou-falso-32-a-qualidade-do-sono-pode-interferir-no-controle-da-minha-glicemia\/<\/a><\/li>\n\n\n\n<li><a href=\"https:\/\/repositorio.animaeducacao.com.br\/bitstreams\/bf299d4c-1337-4941-bcea-117f0d207eba\/download?utm_source=chatgpt.com\" target=\"_blank\" rel=\"noopener\">https:\/\/repositorio.animaeducacao.com.br\/bitstreams\/bf299d4c-1337-4941-bcea-117f0d207eba\/download<\/a><\/li>\n\n\n\n<li><a href=\"https:\/\/rsdjournal.org\/index.php\/rsd\/article\/download\/28550\/24754\/328896\" target=\"_blank\" rel=\"noopener\">https:\/\/rsdjournal.org\/index.php\/rsd\/article\/download\/28550\/24754\/328896<\/a><\/li>\n<\/ol>\n\n\n<div class=\"kk-star-ratings kksr-auto kksr-align-center kksr-valign-bottom\"\n    data-payload='{&quot;align&quot;:&quot;center&quot;,&quot;id&quot;:&quot;20811&quot;,&quot;slug&quot;:&quot;default&quot;,&quot;valign&quot;:&quot;bottom&quot;,&quot;ignore&quot;:&quot;&quot;,&quot;reference&quot;:&quot;auto&quot;,&quot;class&quot;:&quot;&quot;,&quot;count&quot;:&quot;0&quot;,&quot;legendonly&quot;:&quot;&quot;,&quot;readonly&quot;:&quot;&quot;,&quot;score&quot;:&quot;0&quot;,&quot;starsonly&quot;:&quot;&quot;,&quot;best&quot;:&quot;5&quot;,&quot;gap&quot;:&quot;5&quot;,&quot;greet&quot;:&quot;Avalie este post&quot;,&quot;legend&quot;:&quot;0\\\/5 - (0 voto)&quot;,&quot;size&quot;:&quot;24&quot;,&quot;title&quot;:&quot;Preven\u00e7\u00e3o do diabetes: como sono, alimenta\u00e7\u00e3o e atividade f\u00edsica trabalham juntos&quot;,&quot;width&quot;:&quot;0&quot;,&quot;_legend&quot;:&quot;{score}\\\/{best} - ({count} {votes})&quot;,&quot;font_factor&quot;:&quot;1.25&quot;}'>\n            \n<div class=\"kksr-stars\">\n    \n<div class=\"kksr-stars-inactive\">\n            <div class=\"kksr-star\" data-star=\"1\" style=\"padding-right: 5px\">\n            \n\n<div class=\"kksr-icon\" style=\"width: 24px; height: 24px;\"><\/div>\n        <\/div>\n            <div class=\"kksr-star\" data-star=\"2\" style=\"padding-right: 5px\">\n            \n\n<div class=\"kksr-icon\" style=\"width: 24px; height: 24px;\"><\/div>\n        <\/div>\n            <div class=\"kksr-star\" data-star=\"3\" style=\"padding-right: 5px\">\n            \n\n<div class=\"kksr-icon\" style=\"width: 24px; height: 24px;\"><\/div>\n        <\/div>\n            <div class=\"kksr-star\" data-star=\"4\" style=\"padding-right: 5px\">\n            \n\n<div class=\"kksr-icon\" style=\"width: 24px; height: 24px;\"><\/div>\n        <\/div>\n            <div class=\"kksr-star\" data-star=\"5\" style=\"padding-right: 5px\">\n            \n\n<div class=\"kksr-icon\" style=\"width: 24px; height: 24px;\"><\/div>\n        <\/div>\n    <\/div>\n    \n<div class=\"kksr-stars-active\" style=\"width: 0px;\">\n            <div class=\"kksr-star\" style=\"padding-right: 5px\">\n            \n\n<div class=\"kksr-icon\" style=\"width: 24px; height: 24px;\"><\/div>\n        <\/div>\n            <div class=\"kksr-star\" style=\"padding-right: 5px\">\n            \n\n<div class=\"kksr-icon\" style=\"width: 24px; height: 24px;\"><\/div>\n        <\/div>\n            <div class=\"kksr-star\" style=\"padding-right: 5px\">\n            \n\n<div class=\"kksr-icon\" style=\"width: 24px; height: 24px;\"><\/div>\n        <\/div>\n            <div class=\"kksr-star\" style=\"padding-right: 5px\">\n            \n\n<div class=\"kksr-icon\" style=\"width: 24px; height: 24px;\"><\/div>\n        <\/div>\n            <div class=\"kksr-star\" style=\"padding-right: 5px\">\n            \n\n<div class=\"kksr-icon\" style=\"width: 24px; height: 24px;\"><\/div>\n        <\/div>\n    <\/div>\n<\/div>\n                \n\n<div class=\"kksr-legend\" style=\"font-size: 19.2px;\">\n            <span class=\"kksr-muted\">Avalie este post<\/span>\n    <\/div>\n    <\/div>\n","protected":false},"excerpt":{"rendered":"<p>Preven\u00e7\u00e3o do diabetes come\u00e7a com sono, alimenta\u00e7\u00e3o e atividade f\u00edsica. Entenda como esses fatores trabalham juntos para proteger sua sa\u00fade.<\/p>\n","protected":false},"author":33,"featured_media":20814,"comment_status":"open","ping_status":"closed","sticky":false,"template":"","format":"standard","meta":{"_acf_changed":false,"_gspb_post_css":"","footnotes":"","rank_math_title":"","rank_math_description":"Preven\u00e7\u00e3o do diabetes come\u00e7a com sono, alimenta\u00e7\u00e3o e atividade f\u00edsica. Entenda como esses fatores trabalham juntos para proteger sua sa\u00fade.","rank_math_focus_keyword":"preven\u00e7\u00e3o do diabetes","rank_math_canonical_url":"","rank_math_robots":"","rank_math_advanced_robots":"","rank_math_facebook_title":"","rank_math_facebook_description":"","rank_math_facebook_image":"","rank_math_facebook_image_id":"","rank_math_twitter_title":"","rank_math_twitter_description":"","rank_math_twitter_image":"","rank_math_twitter_card_type":"","rank_math_schema_Article":"","rank_math_schema_FAQPage":"","rank_math_schema_HowTo":"","rank_math_rich_snippet":"","rank_math_primary_category":"2","rank_math_seo_score":"83","rank_math_internal_links_processed":"1"},"categories":[2],"tags":[],"class_list":["post-20811","post","type-post","status-publish","format-standard","has-post-thumbnail","hentry","category-posts"],"blocksy_meta":{"styles_descriptor":{"styles":{"desktop":"","tablet":"","mobile":""},"google_fonts":[],"version":7}},"acf":[],"_links":{"self":[{"href":"https:\/\/www.cpaps.com.br\/mundo-do-sono\/wp-json\/wp\/v2\/posts\/20811","targetHints":{"allow":["GET"]}}],"collection":[{"href":"https:\/\/www.cpaps.com.br\/mundo-do-sono\/wp-json\/wp\/v2\/posts"}],"about":[{"href":"https:\/\/www.cpaps.com.br\/mundo-do-sono\/wp-json\/wp\/v2\/types\/post"}],"author":[{"embeddable":true,"href":"https:\/\/www.cpaps.com.br\/mundo-do-sono\/wp-json\/wp\/v2\/users\/33"}],"replies":[{"embeddable":true,"href":"https:\/\/www.cpaps.com.br\/mundo-do-sono\/wp-json\/wp\/v2\/comments?post=20811"}],"version-history":[{"count":3,"href":"https:\/\/www.cpaps.com.br\/mundo-do-sono\/wp-json\/wp\/v2\/posts\/20811\/revisions"}],"predecessor-version":[{"id":20817,"href":"https:\/\/www.cpaps.com.br\/mundo-do-sono\/wp-json\/wp\/v2\/posts\/20811\/revisions\/20817"}],"wp:featuredmedia":[{"embeddable":true,"href":"https:\/\/www.cpaps.com.br\/mundo-do-sono\/wp-json\/wp\/v2\/media\/20814"}],"wp:attachment":[{"href":"https:\/\/www.cpaps.com.br\/mundo-do-sono\/wp-json\/wp\/v2\/media?parent=20811"}],"wp:term":[{"taxonomy":"category","embeddable":true,"href":"https:\/\/www.cpaps.com.br\/mundo-do-sono\/wp-json\/wp\/v2\/categories?post=20811"},{"taxonomy":"post_tag","embeddable":true,"href":"https:\/\/www.cpaps.com.br\/mundo-do-sono\/wp-json\/wp\/v2\/tags?post=20811"}],"curies":[{"name":"wp","href":"https:\/\/api.w.org\/{rel}","templated":true}]}}