{"id":2076,"date":"2017-05-11T18:36:40","date_gmt":"2017-05-11T21:36:40","guid":{"rendered":"https:\/\/www.cpaps.com.br\/blog\/?p=2076"},"modified":"2026-06-19T11:43:46","modified_gmt":"2026-06-19T14:43:46","slug":"apneia-sono-pode-causar-o-ganho-de-peso","status":"publish","type":"post","link":"https:\/\/www.cpaps.com.br\/mundo-do-sono\/apneia-sono-pode-causar-o-ganho-de-peso\/","title":{"rendered":"Saiba como a apneia do sono pode levar ao aumento de peso"},"content":{"rendered":"<p style=\"text-align: justify;\">Voc\u00ea est\u00e1 acima do <strong>peso<\/strong>, acorda muito cansado, faz dietas e exerc\u00edcios, mas n\u00e3o v\u00ea muito resultado? Pode ser <a href=\"https:\/\/www.cpaps.com.br\/blog\/curiosidades-sobre-apneia-sono\/\"><strong>apneia do sono<\/strong><\/a>! Uma s\u00edndrome aparentemente inofensiva, mas que afeta v\u00e1rios aspectos da sa\u00fade e, sobretudo, o metabolismo.<\/p>\n<p style=\"text-align: justify;\">A <strong>apneia do sono<\/strong> \u00e9 um dist\u00farbio que, geralmente, est\u00e1 relacionado \u00e0s pessoas que est\u00e3o acima do <strong>peso<\/strong> ou s\u00e3o obesas; isso \u00e9 um fato que n\u00e3o se pode negar, uma vez que <strong>a apneia do sono<\/strong> pode causar a <strong>obesidade<\/strong> e vice-versa. \u00c9 um ciclo que muitos especialistas inclusive investigam para saber a origem do <a href=\"https:\/\/www.cpaps.com.br\/blog\/curiosidades-sobre-apneia-sono\/\"><strong>apneia do sono<\/strong><\/a>.<\/p>\n<h2 style=\"text-align: justify;\"><strong>Como a apneia causa o ganho de peso<\/strong><\/h2>\n<p style=\"text-align: justify;\">A <strong>apneia do sono<\/strong> \u00e9 caracterizada pela interrup\u00e7\u00e3o da respira\u00e7\u00e3o por, no m\u00ednimo, 10 segundos, que acontece in\u00fameras vezes durante o <strong>sono<\/strong>. Essas paradas respirat\u00f3rias despertam o c\u00e9rebro e reduzem o tempo de descanso que o corpo e a mente precisam para o dia seguinte, al\u00e9m da libera\u00e7\u00e3o de alguns horm\u00f4nios primordiais para o bom funcionamento do metabolismo.<\/p>\n<p style=\"text-align: justify;\">O <strong>sono<\/strong> \u00e9 importante para a libera\u00e7\u00e3o da leptina, um horm\u00f4nio capaz de controlar a sensa\u00e7\u00e3o de saciedade. Al\u00e9m da libera\u00e7\u00e3o de cortisol, o horm\u00f4nio respons\u00e1vel pelo controle do n\u00edvel de a\u00e7\u00facar no sangue.<\/p><div id=\"cpaps-1448441552\" class=\"cpaps-desktop-single-post-content cpaps-entity-placement\" style=\"margin-left: auto;margin-right: auto;text-align: center;\"><a data-no-instant=\"1\" href=\"https:\/\/www.cpaps.com.br\/mascaras?utm_source=blog&#038;utm_medium=banner&#038;utm_campaign=mascaras\" rel=\"noopener\" class=\"a2t-link\" target=\"_blank\" aria-label=\"Banner_desktop___Meio_de_pagina001\"><img loading=\"lazy\" decoding=\"async\" src=\"https:\/\/www.cpaps.com.br\/mundo-do-sono\/wp-content\/uploads\/2025\/03\/Banner_desktop___Meio_de_pagina001.webp\" alt=\"\"  srcset=\"https:\/\/www.cpaps.com.br\/mundo-do-sono\/wp-content\/uploads\/2025\/03\/Banner_desktop___Meio_de_pagina001.webp 1920w, https:\/\/www.cpaps.com.br\/mundo-do-sono\/wp-content\/uploads\/2025\/03\/Banner_desktop___Meio_de_pagina001-768x111.webp 768w, https:\/\/www.cpaps.com.br\/mundo-do-sono\/wp-content\/uploads\/2025\/03\/Banner_desktop___Meio_de_pagina001-1024x148.webp 1024w, https:\/\/www.cpaps.com.br\/mundo-do-sono\/wp-content\/uploads\/2025\/03\/Banner_desktop___Meio_de_pagina001-1536x222.webp 1536w\" sizes=\"(max-width: 1920px) 100vw, 1920px\" width=\"1920\" height=\"277\"   \/><\/a><\/div>\n<p style=\"text-align: justify;\">A <strong>apneia do sono<\/strong> tamb\u00e9m traz cansa\u00e7o e fadiga extrema durante o dia, provocando a dificuldade de concentra\u00e7\u00e3o devido \u00e0 sonol\u00eancia. O organismo responde com a ansiedade por consumo de alimentos ricos em a\u00e7\u00facar, carboidratos e frituras, no intuito de reter mais energia.<\/p>\n<p style=\"text-align: justify;\"><a href=\"https:\/\/www.cpaps.com.br\/blog\/wp-content\/uploads\/2017\/05\/alimentos-gordurosos.jpg\"><img loading=\"lazy\" decoding=\"async\" class=\"aligncenter wp-image-2078\" title=\"A apneia do sono pode te deixar ansioso e com vontade de consumir alimentos gordurosos\" src=\"https:\/\/www.cpaps.com.br\/blog\/wp-content\/uploads\/2017\/05\/alimentos-gordurosos.jpg\" alt=\"\" width=\"600\" height=\"400\" srcset=\"https:\/\/www.cpaps.com.br\/mundo-do-sono\/wp-content\/uploads\/2017\/05\/alimentos-gordurosos.jpg 1000w, https:\/\/www.cpaps.com.br\/mundo-do-sono\/wp-content\/uploads\/2017\/05\/alimentos-gordurosos-768x512.jpg 768w\" sizes=\"auto, (max-width: 600px) 100vw, 600px\" \/><\/a><\/p>\n<p style=\"text-align: justify;\">O <strong>ganho de peso<\/strong> \u00e9 uma consequ\u00eancia da priva\u00e7\u00e3o do sono causada pela <strong>apneia<\/strong>; mesmo para quem mant\u00e9m uma alimenta\u00e7\u00e3o saud\u00e1vel e pratica exerc\u00edcios f\u00edsicos, a perda de peso pode se tornar uma tarefa dif\u00edcil.<\/p>\n<h2 style=\"text-align: justify;\"><strong>Como o ganho de peso causa a apneia do sono<\/strong><\/h2>\n<p style=\"text-align: justify;\">Quando a pessoa engorda, acumula gordura em diferentes partes do corpo, mas principalmente em volta do pesco\u00e7o e inclusive da traqueia, o que dificulta a passagem do ar, al\u00e9m de deixar a l\u00edngua maior e os m\u00fasculos da laringe mais fl\u00e1cidos, que durante o <strong>sono<\/strong> relaxam e obstruem as vias respirat\u00f3rias, e levam ao <strong>ronco<\/strong> e aos quadros de <strong>apneia<\/strong>.<\/p>\n<h2 style=\"text-align: justify;\"><strong>Atua\u00e7\u00e3o hormonal no ganho de peso<\/strong><\/h2>\n<p style=\"text-align: justify;\">A <strong>restri\u00e7\u00e3o do sono<\/strong> causada pela <strong>apneia<\/strong> aumenta os n\u00edveis de <strong>grelina<\/strong>, o <strong>horm\u00f4nio<\/strong> da fome, que \u00e9 conhecido assim porque induz a vontade de comer. Al\u00e9m disso, enquanto voc\u00ea dorme, h\u00e1 a libera\u00e7\u00e3o da <strong>leptina<\/strong>, que impulsiona o metabolismo e \u00e9 respons\u00e1vel pelo <strong>controle do apetite<\/strong>. Ent\u00e3o, <strong>dormir pouco<\/strong> faz voc\u00ea consumir mais calorias e ser menos capaz de queim\u00e1-las, pois voc\u00ea se sente cansado e indisposto para fazer suas atividades e realizar <a href=\"https:\/\/www.cpaps.com.br\/blog\/maratona-sono-praticar-esportes-ajuda-dormir-melhor\/\"><strong>exerc\u00edcios f\u00edsicos<\/strong><\/a>.<\/p>\n<p style=\"text-align: justify;\"><a href=\"https:\/\/www.cpaps.com.br\/blog\/wp-content\/uploads\/2017\/05\/gordura-corporal.jpg\"><img loading=\"lazy\" decoding=\"async\" class=\"aligncenter wp-image-2079\" title=\"Atua\u00e7\u00e3o hormonal no ganho de peso\" src=\"https:\/\/www.cpaps.com.br\/blog\/wp-content\/uploads\/2017\/05\/gordura-corporal.jpg\" alt=\"\" width=\"600\" height=\"400\" srcset=\"https:\/\/www.cpaps.com.br\/mundo-do-sono\/wp-content\/uploads\/2017\/05\/gordura-corporal.jpg 1000w, https:\/\/www.cpaps.com.br\/mundo-do-sono\/wp-content\/uploads\/2017\/05\/gordura-corporal-768x512.jpg 768w\" sizes=\"auto, (max-width: 600px) 100vw, 600px\" \/><\/a><\/p>\n<p style=\"text-align: justify;\">Os especialistas tamb\u00e9m afirmam que a gordura que se forma em volta do abd\u00f4men e do t\u00f3rax diminui a expans\u00e3o da caixa tor\u00e1cica, o que comprime e reduz a quantidade de oxigena\u00e7\u00e3o durante o <strong>sono<\/strong>.<\/p>\n<p style=\"text-align: justify;\">E quem precisa de ajuda para tratar a <strong>apneia do sono<\/strong> pode contar com a <a href=\"http:\/\/www.cpaps.com.br\/\"><strong>CPAPS.com.br<\/strong><\/a>. Na maior loja especializada em produtos para o <strong>tratamento de dist\u00farbios do sono<\/strong>, voc\u00ea encontra tudo o que precisa para conseguir ter uma noite tranquila e reparadora, al\u00e9m de uma equipe de especialistas para te orientar via Chat Online ou por telefone, nos n\u00fameros 4007-2922 e 0800 601 9922.<\/p>\n\n\n<div class=\"kk-star-ratings kksr-auto kksr-align-center kksr-valign-bottom\"\n    data-payload='{&quot;align&quot;:&quot;center&quot;,&quot;id&quot;:&quot;2076&quot;,&quot;slug&quot;:&quot;default&quot;,&quot;valign&quot;:&quot;bottom&quot;,&quot;ignore&quot;:&quot;&quot;,&quot;reference&quot;:&quot;auto&quot;,&quot;class&quot;:&quot;&quot;,&quot;count&quot;:&quot;0&quot;,&quot;legendonly&quot;:&quot;&quot;,&quot;readonly&quot;:&quot;&quot;,&quot;score&quot;:&quot;0&quot;,&quot;starsonly&quot;:&quot;&quot;,&quot;best&quot;:&quot;5&quot;,&quot;gap&quot;:&quot;5&quot;,&quot;greet&quot;:&quot;Avalie este post&quot;,&quot;legend&quot;:&quot;0\\\/5 - (0 voto)&quot;,&quot;size&quot;:&quot;24&quot;,&quot;title&quot;:&quot;Saiba como a apneia do sono pode levar ao aumento de peso&quot;,&quot;width&quot;:&quot;0&quot;,&quot;_legend&quot;:&quot;{score}\\\/{best} - ({count} {votes})&quot;,&quot;font_factor&quot;:&quot;1.25&quot;}'>\n            \n<div class=\"kksr-stars\">\n    \n<div class=\"kksr-stars-inactive\">\n            <div class=\"kksr-star\" data-star=\"1\" style=\"padding-right: 5px\">\n            \n\n<div class=\"kksr-icon\" style=\"width: 24px; height: 24px;\"><\/div>\n        <\/div>\n            <div class=\"kksr-star\" data-star=\"2\" style=\"padding-right: 5px\">\n            \n\n<div class=\"kksr-icon\" style=\"width: 24px; height: 24px;\"><\/div>\n        <\/div>\n            <div class=\"kksr-star\" data-star=\"3\" style=\"padding-right: 5px\">\n            \n\n<div class=\"kksr-icon\" style=\"width: 24px; height: 24px;\"><\/div>\n        <\/div>\n            <div class=\"kksr-star\" data-star=\"4\" style=\"padding-right: 5px\">\n            \n\n<div class=\"kksr-icon\" style=\"width: 24px; height: 24px;\"><\/div>\n        <\/div>\n            <div class=\"kksr-star\" data-star=\"5\" style=\"padding-right: 5px\">\n            \n\n<div class=\"kksr-icon\" style=\"width: 24px; height: 24px;\"><\/div>\n        <\/div>\n    <\/div>\n    \n<div class=\"kksr-stars-active\" style=\"width: 0px;\">\n            <div class=\"kksr-star\" style=\"padding-right: 5px\">\n            \n\n<div class=\"kksr-icon\" style=\"width: 24px; height: 24px;\"><\/div>\n        <\/div>\n            <div class=\"kksr-star\" style=\"padding-right: 5px\">\n            \n\n<div class=\"kksr-icon\" style=\"width: 24px; height: 24px;\"><\/div>\n        <\/div>\n            <div class=\"kksr-star\" style=\"padding-right: 5px\">\n            \n\n<div class=\"kksr-icon\" style=\"width: 24px; height: 24px;\"><\/div>\n        <\/div>\n            <div class=\"kksr-star\" style=\"padding-right: 5px\">\n            \n\n<div class=\"kksr-icon\" style=\"width: 24px; height: 24px;\"><\/div>\n        <\/div>\n            <div class=\"kksr-star\" style=\"padding-right: 5px\">\n            \n\n<div class=\"kksr-icon\" style=\"width: 24px; height: 24px;\"><\/div>\n        <\/div>\n    <\/div>\n<\/div>\n                \n\n<div class=\"kksr-legend\" style=\"font-size: 19.2px;\">\n            <span class=\"kksr-muted\">Avalie este post<\/span>\n    <\/div>\n    <\/div>\n","protected":false},"excerpt":{"rendered":"<p>Voc\u00ea est\u00e1 acima do peso, acorda muito cansado, faz dietas e exerc\u00edcios, mas n\u00e3o v\u00ea muito resultado? Pode ser apneia do sono. Saiba mais sobre o assunto!<\/p>\n","protected":false},"author":69,"featured_media":2077,"comment_status":"open","ping_status":"closed","sticky":false,"template":"","format":"standard","meta":{"_acf_changed":false,"_gspb_post_css":"","footnotes":"","rank_math_title":"Apneia do sono pode causar o ganho de peso - Blog CPAPS","rank_math_description":"Voc\u00ea est\u00e1 acima do peso, acorda muito cansado, faz dietas e exerc\u00edcios, mas n\u00e3o v\u00ea muito resultado? Pode ser apneia do sono. Saiba mais sobre o assunto!","rank_math_focus_keyword":"peso","rank_math_canonical_url":"","rank_math_robots":null,"rank_math_advanced_robots":"","rank_math_facebook_title":"","rank_math_facebook_description":"","rank_math_facebook_image":"","rank_math_facebook_image_id":"","rank_math_twitter_title":"","rank_math_twitter_description":"","rank_math_twitter_image":"","rank_math_twitter_card_type":"","rank_math_schema_Article":"","rank_math_schema_FAQPage":"","rank_math_schema_HowTo":"","rank_math_rich_snippet":"","rank_math_primary_category":"85","rank_math_seo_score":"","rank_math_internal_links_processed":"1"},"categories":[1629,1631],"tags":[8,30],"class_list":["post-2076","post","type-post","status-publish","format-standard","has-post-thumbnail","hentry","category-disturbios-do-sono","category-insonia","tag-apneia","tag-cpap"],"blocksy_meta":{"styles_descriptor":{"styles":{"desktop":"","tablet":"","mobile":""},"google_fonts":[],"version":7}},"acf":[],"_links":{"self":[{"href":"https:\/\/www.cpaps.com.br\/mundo-do-sono\/wp-json\/wp\/v2\/posts\/2076","targetHints":{"allow":["GET"]}}],"collection":[{"href":"https:\/\/www.cpaps.com.br\/mundo-do-sono\/wp-json\/wp\/v2\/posts"}],"about":[{"href":"https:\/\/www.cpaps.com.br\/mundo-do-sono\/wp-json\/wp\/v2\/types\/post"}],"author":[{"embeddable":true,"href":"https:\/\/www.cpaps.com.br\/mundo-do-sono\/wp-json\/wp\/v2\/users\/69"}],"replies":[{"embeddable":true,"href":"https:\/\/www.cpaps.com.br\/mundo-do-sono\/wp-json\/wp\/v2\/comments?post=2076"}],"version-history":[{"count":1,"href":"https:\/\/www.cpaps.com.br\/mundo-do-sono\/wp-json\/wp\/v2\/posts\/2076\/revisions"}],"predecessor-version":[{"id":20247,"href":"https:\/\/www.cpaps.com.br\/mundo-do-sono\/wp-json\/wp\/v2\/posts\/2076\/revisions\/20247"}],"wp:featuredmedia":[{"embeddable":true,"href":"https:\/\/www.cpaps.com.br\/mundo-do-sono\/wp-json\/wp\/v2\/media\/2077"}],"wp:attachment":[{"href":"https:\/\/www.cpaps.com.br\/mundo-do-sono\/wp-json\/wp\/v2\/media?parent=2076"}],"wp:term":[{"taxonomy":"category","embeddable":true,"href":"https:\/\/www.cpaps.com.br\/mundo-do-sono\/wp-json\/wp\/v2\/categories?post=2076"},{"taxonomy":"post_tag","embeddable":true,"href":"https:\/\/www.cpaps.com.br\/mundo-do-sono\/wp-json\/wp\/v2\/tags?post=2076"}],"curies":[{"name":"wp","href":"https:\/\/api.w.org\/{rel}","templated":true}]}}