{"id":16030,"date":"2024-11-06T10:04:44","date_gmt":"2024-11-06T13:04:44","guid":{"rendered":"https:\/\/www.cpaps.com.br\/blog\/?p=16030"},"modified":"2026-06-19T11:41:06","modified_gmt":"2026-06-19T14:41:06","slug":"deficiencia-de-vitaminas-pode-provocar-insonia","status":"publish","type":"post","link":"https:\/\/www.cpaps.com.br\/mundo-do-sono\/deficiencia-de-vitaminas-pode-provocar-insonia\/","title":{"rendered":"Defici\u00eancia de vitaminas pode provocar ins\u00f4nia"},"content":{"rendered":"<p><span style=\"font-weight: 400;\">J\u00e1 imaginou se a sua ins\u00f4nia for motivada por falta de <\/span><b>vitaminas<\/b><span style=\"font-weight: 400;\">? Acredite, a defici\u00eancia de algumas vitaminas essenciais pode influenciar diretamente o seu descanso, levando \u00e0 <\/span><b>ins\u00f4nia<\/b><span style=\"font-weight: 400;\"> e outros problemas do <\/span><b>sono<\/b><span style=\"font-weight: 400;\">.<\/span><\/p>\n<p><span style=\"font-weight: 400;\">Quer saber mais? Descubra com a\u00a0 <\/span><a href=\"https:\/\/www.cpaps.com.br\/\"><span style=\"font-weight: 400;\">CPAPS<\/span><\/a> <span style=\"font-weight: 400;\">\u00a0quais as vitaminas essenciais para o sono e como manter os <\/span><b>nutrientes<\/b><span style=\"font-weight: 400;\"> balanceados para garantir noites mais tranquilas.<\/span><\/p>\n<p style=\"text-align: center;\"><b><i>Leia tamb\u00e9m &#8211; <\/i><\/b><a href=\"https:\/\/www.cpaps.com.br\/blog\/quais-as-causas-da-insonia\/\"><i><span style=\"font-weight: 400;\">O que causa a ins\u00f4nia?<\/span><\/i><\/a><\/p>\n<h2><b>A rela\u00e7\u00e3o entre vitaminas e sono<\/b><\/h2>\n<p><span style=\"font-weight: 400;\">Vitaminas como a <\/span><b>D, B6 e B12 <\/b><span style=\"font-weight: 400;\">desempenham pap\u00e9is fundamentais no funcionamento do organismo, especialmente na regula\u00e7\u00e3o do <\/span><b>ciclo do sono<\/b><span style=\"font-weight: 400;\">. Quando esses nutrientes est\u00e3o em n\u00edveis insuficientes, podem surgir dificuldades para adormecer, sono fragmentado e at\u00e9 ins\u00f4nia. Esses problemas, por sua vez, afetam a qualidade de vida e o bem-estar geral, criando um ciclo vicioso de <\/span><b>cansa\u00e7o<\/b><span style=\"font-weight: 400;\"> e baixa energia.<\/span><\/p><div id=\"cpaps-3495684481\" class=\"cpaps-desktop-single-post-content cpaps-entity-placement\" style=\"margin-left: auto;margin-right: auto;text-align: center;\"><a data-no-instant=\"1\" href=\"https:\/\/www.cpaps.com.br\/mascaras?utm_source=blog&#038;utm_medium=banner&#038;utm_campaign=mascaras\" rel=\"noopener\" class=\"a2t-link\" target=\"_blank\" aria-label=\"Banner_desktop___Meio_de_pagina001\"><img loading=\"lazy\" decoding=\"async\" src=\"https:\/\/www.cpaps.com.br\/mundo-do-sono\/wp-content\/uploads\/2025\/03\/Banner_desktop___Meio_de_pagina001.webp\" alt=\"\"  srcset=\"https:\/\/www.cpaps.com.br\/mundo-do-sono\/wp-content\/uploads\/2025\/03\/Banner_desktop___Meio_de_pagina001.webp 1920w, https:\/\/www.cpaps.com.br\/mundo-do-sono\/wp-content\/uploads\/2025\/03\/Banner_desktop___Meio_de_pagina001-768x111.webp 768w, https:\/\/www.cpaps.com.br\/mundo-do-sono\/wp-content\/uploads\/2025\/03\/Banner_desktop___Meio_de_pagina001-1024x148.webp 1024w, https:\/\/www.cpaps.com.br\/mundo-do-sono\/wp-content\/uploads\/2025\/03\/Banner_desktop___Meio_de_pagina001-1536x222.webp 1536w\" sizes=\"(max-width: 1920px) 100vw, 1920px\" width=\"1920\" height=\"277\"   \/><\/a><\/div>\n<h4><b>Vitamina D: A regente do Ciclo Circadiano<\/b><\/h4>\n<p><span style=\"font-weight: 400;\">A <\/span><b>vitamina D<\/b><span style=\"font-weight: 400;\">, al\u00e9m de essencial para a sa\u00fade \u00f3ssea e imunol\u00f3gica, regula o<\/span> <b>ciclo circadiano<\/b><span style=\"font-weight: 400;\">, que controla o momento de sentir sono e estar acordado. Sua defici\u00eancia pode desregular esse processo, provocando ins\u00f4nia e dificuldade para atingir um sono profundo. Estudos sugerem que baixos n\u00edveis de vitamina D est\u00e3o diretamente ligados a <\/span><b>dist\u00farbios do sono<\/b><span style=\"font-weight: 400;\">, como a <\/span><b>apneia<\/b><span style=\"font-weight: 400;\">.<\/span><\/p>\n<h4><b>Vitamina B6: A produtora de serotonina e melatonina<\/b><\/h4>\n<p><span style=\"font-weight: 400;\">A <\/span><b>vitamina B6<\/b><span style=\"font-weight: 400;\"> \u00e9 crucial para a produ\u00e7\u00e3o de neurotransmissores como a serotonina e a <\/span><b>melatonina<\/b><span style=\"font-weight: 400;\">, ambos fundamentais para o controle do sono. A serotonina promove o relaxamento e o bem-estar, preparando o corpo para adormecer, enquanto a melatonina regula o sono em si. Sem vitamina B6 suficiente, o corpo pode ter dificuldades para produzir esses horm\u00f4nios em n\u00edveis adequados, resultando em dificuldades para dormir.<\/span><\/p>\n<p><b><i>Leia tamb\u00e9m:<\/i><\/b><a href=\"https:\/\/www.cpaps.com.br\/blog\/suplemento-de-melatonina\/\" target=\"_blank\" rel=\"noopener\"> <span style=\"font-weight: 400;\">Mito x verdade: suplemento de melatonina cura a ins\u00f4nia<\/span><\/a><\/p>\n<h4><b>Vitamina B12: A guardi\u00e3 do Ciclo do Sono<\/b><\/h4>\n<p><span style=\"font-weight: 400;\">A <\/span><b>vitamina B12<\/b><span style=\"font-weight: 400;\"> est\u00e1 diretamente envolvida na manuten\u00e7\u00e3o do ciclo de sono e vig\u00edlia, garantindo que voc\u00ea tenha sono \u00e0 noite e esteja alerta durante o dia. Sua defici\u00eancia pode causar<\/span><b> fadiga<\/b><span style=\"font-weight: 400;\">, <\/span><b>sonol\u00eancia<\/b><span style=\"font-weight: 400;\"> diurna e dificuldade em manter uma rotina de sono regular, contribuindo para quadros de ins\u00f4nia.<\/span><\/p>\n<p><b><i>Leia tamb\u00e9m: <\/i><\/b><a href=\"https:\/\/www.cpaps.com.br\/blog\/o-que-comer-antes-de-dormir\/\" target=\"_blank\" rel=\"noopener\"><i><span style=\"font-weight: 400;\">O que comer antes de dormir para ajudar a evitar ins\u00f4nia?<\/span><\/i><\/a><\/p>\n<h2><b>Como manter as vitaminas balanceadas para dormir melhor<\/b><\/h2>\n<p><span style=\"font-weight: 400;\">Para evitar que a defici\u00eancia de vitaminas prejudique o seu sono, \u00e9 fundamental manter uma <\/span><b>alimenta\u00e7\u00e3o equilibrada<\/b><span style=\"font-weight: 400;\">. Incluir alimentos ricos em vitamina D, como peixes gordurosos e ovos, al\u00e9m de fontes de vitaminas B6 e B12, como carnes, peixes, gr\u00e3os integrais e vegetais, pode ser a chave para noites mais tranquilas.\u00a0<\/span><\/p>\n<p><span style=\"font-weight: 400;\">Em casos de defici\u00eancia, a suplementa\u00e7\u00e3o pode ser recomendada por um profissional de sa\u00fade.<\/span><\/p>\n<h2><b>Tenha as melhores noites de sono com a CPAPS<\/b><\/h2>\n<p><span style=\"font-weight: 400;\">Agora que voc\u00ea j\u00e1 sabe tudo sobre a rela\u00e7\u00e3o das vitaminas com o sono, o que acha de descobrir novas maneiras de cuidar da sua sa\u00fade todos os dias? A <\/span><b>CPAPS <\/b><span style=\"font-weight: 400;\">\u00e9 refer\u00eancia no tratamento da apneia do sono e tem um blog com dicas di\u00e1rias para cuidar do seu bem-estar como um todo!\u00a0<\/span><\/p>\n<p><span style=\"font-weight: 400;\">Tenha acesso a conte\u00fados exclusivos, que trazem novidades e tend\u00eancias relevantes sobre qualidade do sono e qualidade de vida! <\/span><a href=\"https:\/\/www.cpaps.com.br\/blog\/\" target=\"_blank\" rel=\"noopener\"><b>Conhe\u00e7a as principais not\u00edcias do nosso blog para se atualizar!<\/b><\/a><\/p>\n<h3><b>Aproveite alguns conte\u00fados que podem ser do seu interesse!<\/b><\/h3>\n<p><a href=\"https:\/\/www.cpaps.com.br\/blog\/zolpidem-entenda-os-riscos-do-uso-incorreto\/\" target=\"_blank\" rel=\"noopener\"><span style=\"font-weight: 400;\">Zolpidem: entenda os riscos do uso incorreto<\/span><\/a><\/p>\n<p><a href=\"https:\/\/www.cpaps.com.br\/blog\/acessorios-que-melhoram-seu-tratamento-com-cpap\/\" target=\"_blank\" rel=\"noopener\"><span style=\"font-weight: 400;\">Acess\u00f3rios que melhoram seu tratamento com CPAP<\/span><\/a><\/p>\n<p><b>Fonte: <\/b><a href=\"https:\/\/www.metropoles.com\/colunas\/claudia-meireles\/confira-as-melhores-vitaminas-para-dormir-melhor-e-onde-encontra-las\" target=\"_blank\" rel=\"noopener\"><span style=\"font-weight: 400;\">Metr\u00f3polis<\/span><\/a><b>\u00a0<\/b><\/p>\n\n\n<div class=\"kk-star-ratings kksr-auto kksr-align-center kksr-valign-bottom\"\n    data-payload='{&quot;align&quot;:&quot;center&quot;,&quot;id&quot;:&quot;16030&quot;,&quot;slug&quot;:&quot;default&quot;,&quot;valign&quot;:&quot;bottom&quot;,&quot;ignore&quot;:&quot;&quot;,&quot;reference&quot;:&quot;auto&quot;,&quot;class&quot;:&quot;&quot;,&quot;count&quot;:&quot;2&quot;,&quot;legendonly&quot;:&quot;&quot;,&quot;readonly&quot;:&quot;&quot;,&quot;score&quot;:&quot;4.5&quot;,&quot;starsonly&quot;:&quot;&quot;,&quot;best&quot;:&quot;5&quot;,&quot;gap&quot;:&quot;5&quot;,&quot;greet&quot;:&quot;Avalie este post&quot;,&quot;legend&quot;:&quot;4.5\\\/5 - (2 votos)&quot;,&quot;size&quot;:&quot;24&quot;,&quot;title&quot;:&quot;Defici\u00eancia de vitaminas pode provocar ins\u00f4nia&quot;,&quot;width&quot;:&quot;128&quot;,&quot;_legend&quot;:&quot;{score}\\\/{best} - ({count} {votes})&quot;,&quot;font_factor&quot;:&quot;1.25&quot;}'>\n            \n<div class=\"kksr-stars\">\n    \n<div class=\"kksr-stars-inactive\">\n            <div class=\"kksr-star\" data-star=\"1\" style=\"padding-right: 5px\">\n            \n\n<div class=\"kksr-icon\" style=\"width: 24px; height: 24px;\"><\/div>\n        <\/div>\n            <div class=\"kksr-star\" data-star=\"2\" style=\"padding-right: 5px\">\n            \n\n<div class=\"kksr-icon\" style=\"width: 24px; height: 24px;\"><\/div>\n        <\/div>\n            <div class=\"kksr-star\" data-star=\"3\" style=\"padding-right: 5px\">\n            \n\n<div class=\"kksr-icon\" style=\"width: 24px; height: 24px;\"><\/div>\n        <\/div>\n            <div class=\"kksr-star\" data-star=\"4\" style=\"padding-right: 5px\">\n            \n\n<div class=\"kksr-icon\" style=\"width: 24px; height: 24px;\"><\/div>\n        <\/div>\n            <div class=\"kksr-star\" data-star=\"5\" style=\"padding-right: 5px\">\n            \n\n<div class=\"kksr-icon\" style=\"width: 24px; height: 24px;\"><\/div>\n        <\/div>\n    <\/div>\n    \n<div class=\"kksr-stars-active\" style=\"width: 128px;\">\n            <div class=\"kksr-star\" style=\"padding-right: 5px\">\n            \n\n<div class=\"kksr-icon\" style=\"width: 24px; height: 24px;\"><\/div>\n        <\/div>\n            <div class=\"kksr-star\" style=\"padding-right: 5px\">\n            \n\n<div class=\"kksr-icon\" style=\"width: 24px; height: 24px;\"><\/div>\n        <\/div>\n            <div class=\"kksr-star\" style=\"padding-right: 5px\">\n            \n\n<div class=\"kksr-icon\" style=\"width: 24px; height: 24px;\"><\/div>\n        <\/div>\n            <div class=\"kksr-star\" style=\"padding-right: 5px\">\n            \n\n<div class=\"kksr-icon\" style=\"width: 24px; height: 24px;\"><\/div>\n        <\/div>\n            <div class=\"kksr-star\" style=\"padding-right: 5px\">\n            \n\n<div class=\"kksr-icon\" style=\"width: 24px; height: 24px;\"><\/div>\n        <\/div>\n    <\/div>\n<\/div>\n                \n\n<div class=\"kksr-legend\" style=\"font-size: 19.2px;\">\n            4.5\/5 - (2 votos)    <\/div>\n    <\/div>\n","protected":false},"excerpt":{"rendered":"<p>Algumas vitaminas espec\u00edficas s\u00e3o essenciais para a regula\u00e7\u00e3o do nosso sono. Quer saber quais? Descubra com a CPAPS!<\/p>\n","protected":false},"author":69,"featured_media":16033,"comment_status":"open","ping_status":"closed","sticky":false,"template":"","format":"standard","meta":{"_acf_changed":false,"_gspb_post_css":"","footnotes":"","rank_math_title":"","rank_math_description":"Algumas vitaminas espec\u00edficas s\u00e3o essenciais para a regula\u00e7\u00e3o do nosso sono. Quer saber quais? Descubra com a CPAPS!","rank_math_focus_keyword":"Vitaminas","rank_math_canonical_url":"","rank_math_robots":null,"rank_math_advanced_robots":"","rank_math_facebook_title":"","rank_math_facebook_description":"","rank_math_facebook_image":"","rank_math_facebook_image_id":"","rank_math_twitter_title":"","rank_math_twitter_description":"","rank_math_twitter_image":"","rank_math_twitter_card_type":"","rank_math_schema_Article":"","rank_math_schema_FAQPage":"","rank_math_schema_HowTo":"","rank_math_rich_snippet":"","rank_math_primary_category":"","rank_math_seo_score":"","rank_math_internal_links_processed":"1"},"categories":[1629,1631],"tags":[1171,1216],"class_list":["post-16030","post","type-post","status-publish","format-standard","has-post-thumbnail","hentry","category-disturbios-do-sono","category-insonia","tag-ciclo-circadiano","tag-vitaminas"],"blocksy_meta":{"styles_descriptor":{"styles":{"desktop":"","tablet":"","mobile":""},"google_fonts":[],"version":7}},"acf":[],"_links":{"self":[{"href":"https:\/\/www.cpaps.com.br\/mundo-do-sono\/wp-json\/wp\/v2\/posts\/16030","targetHints":{"allow":["GET"]}}],"collection":[{"href":"https:\/\/www.cpaps.com.br\/mundo-do-sono\/wp-json\/wp\/v2\/posts"}],"about":[{"href":"https:\/\/www.cpaps.com.br\/mundo-do-sono\/wp-json\/wp\/v2\/types\/post"}],"author":[{"embeddable":true,"href":"https:\/\/www.cpaps.com.br\/mundo-do-sono\/wp-json\/wp\/v2\/users\/69"}],"replies":[{"embeddable":true,"href":"https:\/\/www.cpaps.com.br\/mundo-do-sono\/wp-json\/wp\/v2\/comments?post=16030"}],"version-history":[{"count":1,"href":"https:\/\/www.cpaps.com.br\/mundo-do-sono\/wp-json\/wp\/v2\/posts\/16030\/revisions"}],"predecessor-version":[{"id":20063,"href":"https:\/\/www.cpaps.com.br\/mundo-do-sono\/wp-json\/wp\/v2\/posts\/16030\/revisions\/20063"}],"wp:featuredmedia":[{"embeddable":true,"href":"https:\/\/www.cpaps.com.br\/mundo-do-sono\/wp-json\/wp\/v2\/media\/16033"}],"wp:attachment":[{"href":"https:\/\/www.cpaps.com.br\/mundo-do-sono\/wp-json\/wp\/v2\/media?parent=16030"}],"wp:term":[{"taxonomy":"category","embeddable":true,"href":"https:\/\/www.cpaps.com.br\/mundo-do-sono\/wp-json\/wp\/v2\/categories?post=16030"},{"taxonomy":"post_tag","embeddable":true,"href":"https:\/\/www.cpaps.com.br\/mundo-do-sono\/wp-json\/wp\/v2\/tags?post=16030"}],"curies":[{"name":"wp","href":"https:\/\/api.w.org\/{rel}","templated":true}]}}