{"id":15372,"date":"2024-05-24T10:46:22","date_gmt":"2024-05-24T13:46:22","guid":{"rendered":"https:\/\/www.cpaps.com.br\/blog\/?p=15372"},"modified":"2026-06-19T11:41:18","modified_gmt":"2026-06-19T14:41:18","slug":"diferencas-entre-cpap-bipap-vpap","status":"publish","type":"post","link":"https:\/\/www.cpaps.com.br\/mundo-do-sono\/diferencas-entre-cpap-bipap-vpap\/","title":{"rendered":"Diferen\u00e7as entre CPAP, BiPAP e VPAP: saiba qual \u00e9 o ideal para voc\u00ea"},"content":{"rendered":"\n<p class=\"wp-block-paragraph\">Se voc\u00ea chegou at\u00e9 aqui buscando entender as <strong>diferen\u00e7as entre CPAP, BiPAP e VPAP<\/strong>, saiba que essa \u00e9 uma d\u00favida muito comum, especialmente entre quem recebeu o diagn\u00f3stico de <strong>apneia do sono<\/strong> ou outros dist\u00farbios respirat\u00f3rios.<\/p>\n\n\n\n<p class=\"wp-block-paragraph\">Saber como cada aparelho funciona e para quem \u00e9 indicado \u00e9 essencial para garantir um tratamento eficaz, confort\u00e1vel e alinhado \u00e0s suas necessidades. Neste artigo, voc\u00ea vai entender o que \u00e9 apneia do sono, como atuam esses dispositivos, suas particularidades, al\u00e9m dos benef\u00edcios e diferenciais de cada um.<\/p>\n\n\n\n<h2 class=\"wp-block-heading\" id=\"o-que-e-apneia-do-sono-e-hipopneia\"><strong>O que \u00e9 apneia do sono e hipopneia?<\/strong><\/h2>\n\n\n\n<p class=\"wp-block-paragraph\">A <strong>apneia obstrutiva do sono (AOS)<\/strong> \u00e9 um dist\u00farbio caracterizado por <strong>pausas na respira\u00e7\u00e3o durante o sono<\/strong>, causadas pelo relaxamento dos m\u00fasculos da garganta, que bloqueiam a passagem de ar.<\/p>\n\n\n\n<p class=\"wp-block-paragraph\">Essas pausas podem ser totais, chamadas de <strong>apneia<\/strong>, ou parciais, conhecidas como <strong>hipopneia<\/strong>, quando h\u00e1 uma redu\u00e7\u00e3o significativa do fluxo de ar, mas n\u00e3o uma obstru\u00e7\u00e3o completa.<\/p><div id=\"cpaps-703147908\" class=\"cpaps-desktop-single-post-content cpaps-entity-placement\" style=\"margin-left: auto;margin-right: auto;text-align: center;\"><a data-no-instant=\"1\" href=\"https:\/\/www.cpaps.com.br\/mascaras?utm_source=blog&#038;utm_medium=banner&#038;utm_campaign=mascaras\" rel=\"noopener\" class=\"a2t-link\" target=\"_blank\" aria-label=\"Banner_desktop___Meio_de_pagina001\"><img loading=\"lazy\" decoding=\"async\" src=\"https:\/\/www.cpaps.com.br\/mundo-do-sono\/wp-content\/uploads\/2025\/03\/Banner_desktop___Meio_de_pagina001.webp\" alt=\"\"  srcset=\"https:\/\/www.cpaps.com.br\/mundo-do-sono\/wp-content\/uploads\/2025\/03\/Banner_desktop___Meio_de_pagina001.webp 1920w, https:\/\/www.cpaps.com.br\/mundo-do-sono\/wp-content\/uploads\/2025\/03\/Banner_desktop___Meio_de_pagina001-768x111.webp 768w, https:\/\/www.cpaps.com.br\/mundo-do-sono\/wp-content\/uploads\/2025\/03\/Banner_desktop___Meio_de_pagina001-1024x148.webp 1024w, https:\/\/www.cpaps.com.br\/mundo-do-sono\/wp-content\/uploads\/2025\/03\/Banner_desktop___Meio_de_pagina001-1536x222.webp 1536w\" sizes=\"(max-width: 1920px) 100vw, 1920px\" width=\"1920\" height=\"277\"   \/><\/a><\/div>\n\n\n\n<p class=\"wp-block-paragraph\">Esse problema vai muito al\u00e9m do ronco. Ele impacta diretamente a qualidade do sono e pode causar:<\/p>\n\n\n\n<ul class=\"wp-block-list\">\n<li>Cansa\u00e7o excessivo durante o dia<br><\/li>\n\n\n\n<li>Dificuldade de concentra\u00e7\u00e3o e mem\u00f3ria<br><\/li>\n\n\n\n<li>Irritabilidade e altera\u00e7\u00f5es de humor<br><\/li>\n\n\n\n<li>Sonol\u00eancia ao dirigir<br><\/li>\n\n\n\n<li>Risco aumentado de <strong>hipertens\u00e3o<\/strong>, <strong>diabetes<\/strong>, <strong>AVC<\/strong> e <strong>infarto<\/strong><strong><br><\/strong><\/li>\n\n\n\n<li>Disfun\u00e7\u00f5es hormonais, como queda da testosterona, que pode gerar <strong>disfun\u00e7\u00e3o er\u00e9til<\/strong><strong><br><\/strong><\/li>\n<\/ul>\n\n\n\n<p class=\"wp-block-paragraph\">Se voc\u00ea quer entender melhor todos os sinais e consequ\u00eancias da apneia, vale conferir nosso artigo completo sobre os <a href=\"https:\/\/www.cpaps.com.br\/blog\/quais-sao-os-sintomas-da-apneia-do-sono\/\">sintomas da apneia do sono<\/a>.<\/p>\n\n\n\n<h2 class=\"wp-block-heading\" id=\"o-que-e-cpap-e-como-funciona\"><strong>O que \u00e9 CPAP e como funciona?<\/strong><\/h2>\n\n\n\n<p class=\"wp-block-paragraph\">O <strong>CPAP (Continuous Positive Airway Pressure)<\/strong> \u00e9 o tratamento padr\u00e3o para apneia obstrutiva do sono. Ele funciona mantendo uma <strong>press\u00e3o de ar cont\u00ednua<\/strong> nas vias respirat\u00f3rias, impedindo que elas colapsem durante o sono.<\/p>\n\n\n\n<figure class=\"wp-block-image size-full is-resized\"><img loading=\"lazy\" decoding=\"async\" width=\"520\" height=\"520\" src=\"https:\/\/www.cpaps.com.br\/mundo-do-sono\/wp-content\/uploads\/2024\/05\/mascara-nasal-nuance-philips-respironics-08.png\" alt=\"cpap nasal\" class=\"wp-image-17758\" style=\"width:720px;height:auto\"\/><\/figure>\n\n\n\n<p class=\"wp-block-paragraph\">O fluxo de ar \u00e9 enviado por meio de uma <strong>m\u00e1scara CPAP<\/strong>, que pode ser nasal, oronasal ou de almofadas nasais, criando uma esp\u00e9cie de \u201ctrava de ar\u201d que mant\u00e9m a passagem livre.<\/p>\n\n\n\n<p class=\"wp-block-paragraph\">O CPAP \u00e9 especialmente eficaz em casos de <strong>apneia moderada a grave<\/strong>, proporcionando um sono mais profundo, reparador e seguro.<\/p>\n\n\n\n<p class=\"wp-block-paragraph\">Se quiser entender em detalhes, acesse nosso artigo<a href=\"https:\/\/www.cpaps.com.br\/blog\/para-que-serve-o-cpap\/\"> Para que serve o CPAP?<\/a>.<\/p>\n\n\n\n<h3 class=\"wp-block-heading\" id=\"tipos-de-cpap\"><strong>Tipos de CPAP<\/strong><\/h3>\n\n\n\n<p class=\"wp-block-paragraph\">O CPAP possui dois principais modelos:<\/p>\n\n\n\n<ul class=\"wp-block-list\">\n<li><strong>CPAP Fixo:<\/strong> fornece uma press\u00e3o \u00fanica e constante durante toda a noite. \u00c9 configurado ap\u00f3s a realiza\u00e7\u00e3o da polissonografia e indicado quando a press\u00e3o ideal do paciente \u00e9 bem definida.<br><\/li>\n\n\n\n<li><strong>CPAP Autom\u00e1tico:<\/strong> ajusta a press\u00e3o automaticamente, dentro de um limite m\u00ednimo e m\u00e1ximo, conforme a necessidade do paciente ao longo da noite. Isso oferece mais conforto e facilidade na adapta\u00e7\u00e3o. Confira nosso conte\u00fado sobre <a href=\"https:\/\/www.cpaps.com.br\/blog\/cpap-fixo-ou-automatico-entenda-as-diferencas\/\">CPAP fixo ou autom\u00e1tico: entenda as diferen\u00e7as<\/a>.<br><\/li>\n<\/ul>\n\n\n\n<h2 class=\"wp-block-heading\" id=\"o-que-e-bipap-e-como-funciona\"><strong>O que \u00e9 BiPAP e como funciona?<\/strong><\/h2>\n\n\n\n<p class=\"wp-block-paragraph\">O <strong>BiPAP (Bilevel Positive Airway Pressure)<\/strong> tamb\u00e9m \u00e9 um equipamento de ventila\u00e7\u00e3o n\u00e3o invasiva, mas, ao contr\u00e1rio do CPAP, ele oferece <strong>dois n\u00edveis de press\u00e3o<\/strong>:<\/p>\n\n\n\n<ul class=\"wp-block-list\">\n<li>Uma press\u00e3o mais alta na inspira\u00e7\u00e3o (<strong>IPAP<\/strong>)<br><\/li>\n\n\n\n<li>Uma press\u00e3o mais baixa na expira\u00e7\u00e3o (<strong>EPAP<\/strong>)<br><\/li>\n<\/ul>\n\n\n\n<p class=\"wp-block-paragraph\">Essa varia\u00e7\u00e3o torna o BiPAP mais indicado para pacientes que t\u00eam dificuldade para exalar contra uma press\u00e3o cont\u00ednua, como ocorre com o CPAP.<\/p>\n\n\n\n<p class=\"wp-block-paragraph\">Ele \u00e9 comumente utilizado em:<\/p>\n\n\n\n<ul class=\"wp-block-list\">\n<li>Apneia central do sono<br><\/li>\n\n\n\n<li>Doen\u00e7as neuromusculares<br><\/li>\n\n\n\n<li>DPOC (Doen\u00e7a Pulmonar Obstrutiva Cr\u00f4nica)<br><\/li>\n\n\n\n<li>Insufici\u00eancia respirat\u00f3ria<br><\/li>\n<\/ul>\n\n\n\n<p class=\"wp-block-paragraph\">Se quiser se aprofundar, acesse o artigo<a href=\"https:\/\/www.cpaps.com.br\/blog\/cpap-vs-bipap-descubra-qual-e-o-ideal-para-voce\/\"> CPAP vs BiPAP: descubra qual \u00e9 o ideal para voc\u00ea<\/a>.<\/p>\n\n\n\n<h3 class=\"wp-block-heading\" id=\"tipos-de-bipap\"><strong>Tipos de BiPAP<\/strong><\/h3>\n\n\n\n<ul class=\"wp-block-list\">\n<li><strong>BiPAP com dois n\u00edveis de press\u00e3o:<\/strong> ajusta automaticamente IPAP e EPAP.<br><\/li>\n\n\n\n<li><strong>BiPAP S\/T:<\/strong> usado quando \u00e9 necess\u00e1rio garantir uma frequ\u00eancia respirat\u00f3ria m\u00ednima, especialmente em casos mais graves.<br><\/li>\n<\/ul>\n\n\n\n<h2 class=\"wp-block-heading\" id=\"o-que-e-vpap-e-como-funciona\"><strong>O que \u00e9 VPAP e como funciona?<\/strong><\/h2>\n\n\n\n<p class=\"wp-block-paragraph\">O <strong>VPAP (Variable Positive Airway Pressure)<\/strong> \u00e9, na pr\u00e1tica, uma nomenclatura da marca <strong>ResMed<\/strong> para seus dispositivos de press\u00e3o bin\u00edvel, portanto, \u00e9 um tipo de BiPAP, mas com algoritmos avan\u00e7ados.<\/p>\n\n\n\n<p class=\"wp-block-paragraph\">Al\u00e9m de ajustar dois n\u00edveis de press\u00e3o (inspira\u00e7\u00e3o e expira\u00e7\u00e3o), o VPAP traz recursos como:<\/p>\n\n\n\n<ul class=\"wp-block-list\">\n<li>Ajustes autom\u00e1ticos ainda mais precisos<br><\/li>\n\n\n\n<li>Modos de ventila\u00e7\u00e3o espec\u00edficos (S, T, S\/T, VAuto)<br><\/li>\n\n\n\n<li>Mais conforto para pacientes com doen\u00e7as respirat\u00f3rias complexas<br><\/li>\n<\/ul>\n\n\n\n<p class=\"wp-block-paragraph\">Voc\u00ea pode conhecer mais detalhes no artigo<a href=\"https:\/\/www.cpaps.com.br\/blog\/vpap-resmed-conheca-os-top-de-linha-para-o-seu-tratamento\/\"> VPAP ResMed: conhe\u00e7a os top de linha<\/a>.<\/p>\n\n\n\n<figure class=\"wp-block-image size-large\"><img loading=\"lazy\" decoding=\"async\" width=\"1024\" height=\"602\" src=\"https:\/\/www.cpaps.com.br\/mundo-do-sono\/wp-content\/uploads\/2024\/05\/01-1024x602.jpg\" alt=\"Diferen\u00e7as entre CPAP, BiPAP e VPAP\" class=\"wp-image-17757\" srcset=\"https:\/\/www.cpaps.com.br\/mundo-do-sono\/wp-content\/uploads\/2024\/05\/01-1024x602.jpg 1024w, https:\/\/www.cpaps.com.br\/mundo-do-sono\/wp-content\/uploads\/2024\/05\/01-768x451.jpg 768w, https:\/\/www.cpaps.com.br\/mundo-do-sono\/wp-content\/uploads\/2024\/05\/01-1536x903.jpg 1536w, https:\/\/www.cpaps.com.br\/mundo-do-sono\/wp-content\/uploads\/2024\/05\/01-2048x1204.jpg 2048w\" sizes=\"auto, (max-width: 1024px) 100vw, 1024px\" \/><\/figure>\n\n\n\n<h2 class=\"wp-block-heading\" id=\"acessorios-que-podem-acompanhar-cpap-bipap-e-vpap\"><strong>Acess\u00f3rios que podem acompanhar CPAP, BiPAP e VPAP<\/strong><\/h2>\n\n\n\n<p class=\"wp-block-paragraph\">Independente do equipamento, alguns acess\u00f3rios s\u00e3o indispens\u00e1veis para garantir conforto e efic\u00e1cia no tratamento:<\/p>\n\n\n\n<ul class=\"wp-block-list\">\n<li><strong>M\u00e1scaras<\/strong><br><\/li>\n\n\n\n<li><strong>Umidificadores<\/strong><br><\/li>\n\n\n\n<li><strong>Filtros de ar<\/strong><strong><br><\/strong><\/li>\n\n\n\n<li><strong>Tubos aquecidos<\/strong><strong><br><\/strong><\/li>\n\n\n\n<li><strong>Suporte de tubo e organizadores<\/strong><strong><br><\/strong><\/li>\n\n\n\n<li><strong>Acess\u00f3rios de limpeza<\/strong><strong><br><\/strong><\/li>\n<\/ul>\n\n\n\n<p class=\"wp-block-paragraph\">Veja a lista completa no artigo <a href=\"https:\/\/www.cpaps.com.br\/blog\/acessorios-que-melhoram-seu-tratamento-com-cpap\/\">Acess\u00f3rios que melhoram o seu tratamento com CPAP<\/a>.<\/p>\n\n\n\n<h2 class=\"wp-block-heading\" id=\"quais-profissionais-podem-indicar-o-aparelho\"><strong>Quais profissionais podem indicar o aparelho?<\/strong><\/h2>\n\n\n\n<p class=\"wp-block-paragraph\">A indica\u00e7\u00e3o desses aparelhos \u00e9 feita, preferencialmente, por:<\/p>\n\n\n\n<ul class=\"wp-block-list\">\n<li><strong>M\u00e9dicos do sono<\/strong><strong><br><\/strong><\/li>\n\n\n\n<li><strong>Pneumologistas<\/strong><strong><br><\/strong><\/li>\n\n\n\n<li><strong>Otorrinolaringologistas<\/strong><strong><br><\/strong><\/li>\n\n\n\n<li><strong>Neurologistas (em casos de apneia central ou doen\u00e7as neuromusculares)<\/strong><strong><br><\/strong><\/li>\n<\/ul>\n\n\n\n<p class=\"wp-block-paragraph\">\u00c9 necess\u00e1rio realizar um exame de <strong>polissonografia<\/strong>, que permite avaliar os eventos de apneia e determinar o tipo de aparelho e os par\u00e2metros corretos.<\/p>\n\n\n\n<h2 class=\"wp-block-heading\" id=\"precisa-de-receita-para-comprar-cpap\"><strong>Precisa de receita para comprar CPAP?<\/strong><\/h2>\n\n\n\n<p class=\"wp-block-paragraph\">Uma d\u00favida muito comum \u00e9 se \u00e9 necess\u00e1rio apresentar receita para comprar um CPAP, BiPAP ou VPAP. A resposta \u00e9: <strong>n\u00e3o \u00e9 exigido apresentar uma receita para efetuar a compra<\/strong>, mas isso n\u00e3o significa que voc\u00ea deva iniciar o uso sem orienta\u00e7\u00e3o.<\/p>\n\n\n\n<p class=\"wp-block-paragraph\">Na pr\u00e1tica, \u00e9 <strong>fundamental contar com acompanhamento m\u00e9dico<\/strong>, especialmente de um especialista em sono, que vai avaliar a sua necessidade, indicar o tipo de aparelho ideal e, principalmente, configurar corretamente os par\u00e2metros, como os n\u00edveis de press\u00e3o.<\/p>\n\n\n\n<p class=\"wp-block-paragraph\">O exame de <a href=\"https:\/\/www.cpaps.com.br\/blog\/polissonografia-saiba-tudo-sobre-o-exame\/\"><strong>polissonografia<\/strong><\/a> \u00e9 indispens\u00e1vel nesse processo. \u00c9 ele quem vai determinar a gravidade da sua <strong>apneia do sono<\/strong> (se leve, moderada ou grave) e se o CPAP realmente \u00e9 o tratamento mais indicado para o seu caso.<\/p>\n\n\n\n<p class=\"wp-block-paragraph\"><strong>Usar o aparelho sem orienta\u00e7\u00e3o m\u00e9dica pode trazer riscos.<\/strong> Press\u00f5es mal ajustadas, por exemplo, podem gerar desconforto, <strong>tonturas, dores de cabe\u00e7a, ressecamento das vias a\u00e9reas<\/strong> e at\u00e9 ins\u00f4nia. Al\u00e9m disso, nem todos os quadros de apneia s\u00e3o tratados da mesma forma, por isso, o tratamento precisa ser personalizado e acompanhado de perto.<\/p>\n\n\n\n<h2 class=\"wp-block-heading\" id=\"conheca-a-cpaps-sua-parceira-no-tratamento-do-sono\"><strong>Conhe\u00e7a a CPAPS: sua parceira no tratamento do sono<\/strong><\/h2>\n\n\n\n<p class=\"wp-block-paragraph\">A <strong>CPAPS<\/strong> \u00e9 refer\u00eancia nacional em equipamentos para tratamento da apneia do sono e outros dist\u00farbios respirat\u00f3rios. Na CPAPS, voc\u00ea encontra:<\/p>\n\n\n\n<ul class=\"wp-block-list\">\n<li>Modelos de <strong>CPAP, BiPAP e VPAP<\/strong> de marcas l\u00edderes no mercado<br><\/li>\n\n\n\n<li>M\u00e1scaras, umidificadores e acess\u00f3rios para seu conforto<br><\/li>\n\n\n\n<li>Atendimento especializado para te ajudar a escolher o melhor equipamento<br><\/li>\n\n\n\n<li>Loja online com entrega r\u00e1pida em todo o Brasil<br><\/li>\n\n\n\n<li>Pontos f\u00edsicos em v\u00e1rias cidades<br><\/li>\n<\/ul>\n\n\n\n<p class=\"wp-block-paragraph\">Al\u00e9m disso, somos parceiros do<a href=\"https:\/\/www.cpaps.com.br\/blog\/cpap-solidario\/\"> CPAP Solid\u00e1rio<\/a>, uma iniciativa que conecta doadores a pacientes que n\u00e3o t\u00eam condi\u00e7\u00f5es financeiras para adquirir um aparelho. <a href=\"https:\/\/www.cpaps.com.br\/blog\/cpap-solidario\/\">Entenda como participar<\/a>!<\/p>\n\n\n\n<p class=\"wp-block-paragraph\">Acesse o<a href=\"https:\/\/www.cpaps.com.br\/blog\/\"> Portal Mundo do Sono<\/a> para explorar conte\u00fados sobre sa\u00fade do sono, bem-estar e qualidade de vida.<\/p>\n\n\n\n<h2 class=\"wp-block-heading\" id=\"fontes-consultadas\"><strong>Fontes consultadas<\/strong><\/h2>\n\n\n\n<ul class=\"wp-block-list\">\n<li><a href=\"https:\/\/www.cdra.com.br\/cpap-e-bipap\" target=\"_blank\" rel=\"noopener\">CDRA &#8211; CPAP e BiPAP<br><\/a><\/li>\n\n\n\n<li><a href=\"https:\/\/cmosdrake.com.br\/blog\/bipap-e-cpap\/\" target=\"_blank\" rel=\"noopener\">CMOS Drake &#8211; CPAP e BiPAP<br><\/a><\/li>\n\n\n\n<li><a href=\"https:\/\/sleepcare.com.br\/qual-a-diferenca-entre-cpap-x-bipap\/\" target=\"_blank\" rel=\"noopener\">Sleep Care &#8211; Diferen\u00e7a entre CPAP e BiPAP<br><\/a><\/li>\n\n\n\n<li><a href=\"https:\/\/www-verywellhealth-com.translate.goog\/what-is-bipap-3015273\" target=\"_blank\" rel=\"noopener\">Verywell Health &#8211; What is BiPAP<br><\/a><\/li>\n<\/ul>\n\n\n\n<p class=\"wp-block-paragraph\"><a href=\"https:\/\/physicalcare.com.br\/voce-ja-ouviu-falar-em-cpap-e-binivel-bipap-vpap-sabe-o-que-e-e-para-que-serve\/\" target=\"_blank\" rel=\"noopener\">Physical Care &#8211; O que \u00e9 CPAP, BiPAP e VPAP<\/a><\/p>\n\n\n<div class=\"kk-star-ratings kksr-auto kksr-align-center kksr-valign-bottom\"\n    data-payload='{&quot;align&quot;:&quot;center&quot;,&quot;id&quot;:&quot;15372&quot;,&quot;slug&quot;:&quot;default&quot;,&quot;valign&quot;:&quot;bottom&quot;,&quot;ignore&quot;:&quot;&quot;,&quot;reference&quot;:&quot;auto&quot;,&quot;class&quot;:&quot;&quot;,&quot;count&quot;:&quot;0&quot;,&quot;legendonly&quot;:&quot;&quot;,&quot;readonly&quot;:&quot;&quot;,&quot;score&quot;:&quot;0&quot;,&quot;starsonly&quot;:&quot;&quot;,&quot;best&quot;:&quot;5&quot;,&quot;gap&quot;:&quot;5&quot;,&quot;greet&quot;:&quot;Avalie este post&quot;,&quot;legend&quot;:&quot;0\\\/5 - (0 voto)&quot;,&quot;size&quot;:&quot;24&quot;,&quot;title&quot;:&quot;Diferen\u00e7as entre CPAP, BiPAP e VPAP: saiba qual \u00e9 o ideal para voc\u00ea&quot;,&quot;width&quot;:&quot;0&quot;,&quot;_legend&quot;:&quot;{score}\\\/{best} - ({count} {votes})&quot;,&quot;font_factor&quot;:&quot;1.25&quot;}'>\n            \n<div class=\"kksr-stars\">\n    \n<div class=\"kksr-stars-inactive\">\n            <div class=\"kksr-star\" data-star=\"1\" style=\"padding-right: 5px\">\n            \n\n<div class=\"kksr-icon\" style=\"width: 24px; height: 24px;\"><\/div>\n        <\/div>\n            <div class=\"kksr-star\" data-star=\"2\" style=\"padding-right: 5px\">\n            \n\n<div class=\"kksr-icon\" style=\"width: 24px; height: 24px;\"><\/div>\n        <\/div>\n            <div class=\"kksr-star\" data-star=\"3\" style=\"padding-right: 5px\">\n            \n\n<div class=\"kksr-icon\" style=\"width: 24px; height: 24px;\"><\/div>\n        <\/div>\n            <div class=\"kksr-star\" data-star=\"4\" style=\"padding-right: 5px\">\n            \n\n<div class=\"kksr-icon\" style=\"width: 24px; height: 24px;\"><\/div>\n        <\/div>\n            <div class=\"kksr-star\" data-star=\"5\" style=\"padding-right: 5px\">\n            \n\n<div class=\"kksr-icon\" style=\"width: 24px; height: 24px;\"><\/div>\n        <\/div>\n    <\/div>\n    \n<div class=\"kksr-stars-active\" style=\"width: 0px;\">\n            <div class=\"kksr-star\" style=\"padding-right: 5px\">\n            \n\n<div class=\"kksr-icon\" style=\"width: 24px; height: 24px;\"><\/div>\n        <\/div>\n            <div class=\"kksr-star\" style=\"padding-right: 5px\">\n            \n\n<div class=\"kksr-icon\" style=\"width: 24px; height: 24px;\"><\/div>\n        <\/div>\n            <div class=\"kksr-star\" style=\"padding-right: 5px\">\n            \n\n<div class=\"kksr-icon\" style=\"width: 24px; height: 24px;\"><\/div>\n        <\/div>\n            <div class=\"kksr-star\" style=\"padding-right: 5px\">\n            \n\n<div class=\"kksr-icon\" style=\"width: 24px; height: 24px;\"><\/div>\n        <\/div>\n            <div class=\"kksr-star\" style=\"padding-right: 5px\">\n            \n\n<div class=\"kksr-icon\" style=\"width: 24px; height: 24px;\"><\/div>\n        <\/div>\n    <\/div>\n<\/div>\n                \n\n<div class=\"kksr-legend\" style=\"font-size: 19.2px;\">\n            <span class=\"kksr-muted\">Avalie este post<\/span>\n    <\/div>\n    <\/div>\n","protected":false},"excerpt":{"rendered":"<p>Diferen\u00e7as entre CPAP, BiPAP e VPAP. Entenda como funcionam, indica\u00e7\u00f5es, benef\u00edcios e escolha o ideal para voc\u00ea.<\/p>\n","protected":false},"author":69,"featured_media":15373,"comment_status":"open","ping_status":"closed","sticky":false,"template":"","format":"standard","meta":{"_acf_changed":false,"_gspb_post_css":"","footnotes":"","rank_math_title":"","rank_math_description":"Diferen\u00e7as entre CPAP, BiPAP e VPAP. Entenda como funcionam, indica\u00e7\u00f5es, benef\u00edcios e escolha o ideal para voc\u00ea.","rank_math_focus_keyword":"Diferen\u00e7as entre CPAP,BiPAP e VPAP","rank_math_canonical_url":"","rank_math_robots":null,"rank_math_advanced_robots":"","rank_math_facebook_title":"","rank_math_facebook_description":"","rank_math_facebook_image":"","rank_math_facebook_image_id":"","rank_math_twitter_title":"","rank_math_twitter_description":"","rank_math_twitter_image":"","rank_math_twitter_card_type":"","rank_math_schema_Article":"","rank_math_schema_FAQPage":"","rank_math_schema_HowTo":"","rank_math_rich_snippet":"","rank_math_primary_category":"2","rank_math_seo_score":"80","rank_math_internal_links_processed":"1"},"categories":[1629,1631],"tags":[49,30],"class_list":["post-15372","post","type-post","status-publish","format-standard","has-post-thumbnail","hentry","category-disturbios-do-sono","category-insonia","tag-bipap","tag-cpap"],"blocksy_meta":{"styles_descriptor":{"styles":{"desktop":"","tablet":"","mobile":""},"google_fonts":[],"version":7}},"acf":[],"_links":{"self":[{"href":"https:\/\/www.cpaps.com.br\/mundo-do-sono\/wp-json\/wp\/v2\/posts\/15372","targetHints":{"allow":["GET"]}}],"collection":[{"href":"https:\/\/www.cpaps.com.br\/mundo-do-sono\/wp-json\/wp\/v2\/posts"}],"about":[{"href":"https:\/\/www.cpaps.com.br\/mundo-do-sono\/wp-json\/wp\/v2\/types\/post"}],"author":[{"embeddable":true,"href":"https:\/\/www.cpaps.com.br\/mundo-do-sono\/wp-json\/wp\/v2\/users\/69"}],"replies":[{"embeddable":true,"href":"https:\/\/www.cpaps.com.br\/mundo-do-sono\/wp-json\/wp\/v2\/comments?post=15372"}],"version-history":[{"count":1,"href":"https:\/\/www.cpaps.com.br\/mundo-do-sono\/wp-json\/wp\/v2\/posts\/15372\/revisions"}],"predecessor-version":[{"id":17759,"href":"https:\/\/www.cpaps.com.br\/mundo-do-sono\/wp-json\/wp\/v2\/posts\/15372\/revisions\/17759"}],"wp:featuredmedia":[{"embeddable":true,"href":"https:\/\/www.cpaps.com.br\/mundo-do-sono\/wp-json\/wp\/v2\/media\/15373"}],"wp:attachment":[{"href":"https:\/\/www.cpaps.com.br\/mundo-do-sono\/wp-json\/wp\/v2\/media?parent=15372"}],"wp:term":[{"taxonomy":"category","embeddable":true,"href":"https:\/\/www.cpaps.com.br\/mundo-do-sono\/wp-json\/wp\/v2\/categories?post=15372"},{"taxonomy":"post_tag","embeddable":true,"href":"https:\/\/www.cpaps.com.br\/mundo-do-sono\/wp-json\/wp\/v2\/tags?post=15372"}],"curies":[{"name":"wp","href":"https:\/\/api.w.org\/{rel}","templated":true}]}}