{"id":15265,"date":"2024-04-10T09:44:24","date_gmt":"2024-04-10T12:44:24","guid":{"rendered":"https:\/\/www.cpaps.com.br\/blog\/?p=15265"},"modified":"2024-04-10T09:44:24","modified_gmt":"2024-04-10T12:44:24","slug":"falta-de-sono-impacta-a-saude-mental","status":"publish","type":"post","link":"https:\/\/www.cpaps.com.br\/mundo-do-sono\/falta-de-sono-impacta-a-saude-mental\/","title":{"rendered":"Falta de sono impacta a sa\u00fade mental"},"content":{"rendered":"<p><span style=\"font-weight: 400;\">Voc\u00ea sabia que a <\/span><b>falta de sono<\/b><span style=\"font-weight: 400;\"> n\u00e3o afeta apenas o seu corpo, mas tamb\u00e9m a sa\u00fade mental? Um estudo recente divulgado pela Ag\u00eancia Einstein revelou como dormir mal pode influenciar diretamente nossas emo\u00e7\u00f5es positivas e aumentar os sintomas de ansiedade.\u00a0<\/span><\/p>\n<p><span style=\"font-weight: 400;\">Neste artigo, a <\/span><a href=\"https:\/\/www.cpaps.com.br\/\"><b>CPAPS<\/b><\/a><span style=\"font-weight: 400;\"> explora mais sobre esse tema e como evitar que a <\/span><b>falta de sono<\/b><span style=\"font-weight: 400;\"> se torne um problema constante. Tenha uma boa leitura!\u00a0<\/span><\/p>\n<p style=\"text-align: center;\"><b><i>Leia tamb\u00e9m &#8211; <\/i><\/b><a href=\"https:\/\/www.cpaps.com.br\/blog\/falta-de-sono-prejudica-a-memoria\/\" target=\"_blank\" rel=\"noopener\"><i><span style=\"font-weight: 400;\">Falta de sono prejudica a mem\u00f3ria<\/span><\/i><\/a><\/p>\n<h2><b>Consequ\u00eancias da falta de sono: uma an\u00e1lise cient\u00edfica<\/b><\/h2>\n<p><span style=\"font-weight: 400;\">A pesquisa realizada pela Universidade de Montana examinou estudos realizados ao longo de 50 anos, revelando uma liga\u00e7\u00e3o s\u00f3lida entre a <\/span><b>falta de sono<\/b><span style=\"font-weight: 400;\"> e o funcionamento emocional. Descobriu-se que a priva\u00e7\u00e3o do sono est\u00e1 associada a uma redu\u00e7\u00e3o nas emo\u00e7\u00f5es positivas, como alegria e contentamento, e um aumento nos sintomas de ansiedade. Mesmo pequenas redu\u00e7\u00f5es no tempo de sono, como apenas uma ou duas horas a menos do que o habitual, podem ter efeitos significativos em nosso estado emocional.<\/span><\/p><div id=\"cpaps-559897699\" class=\"cpaps-desktop-single-post-content cpaps-entity-placement\" style=\"margin-left: auto;margin-right: auto;text-align: center;\"><a data-no-instant=\"1\" href=\"https:\/\/www.cpaps.com.br\/mascaras?utm_source=blog&#038;utm_medium=banner&#038;utm_campaign=mascaras\" rel=\"noopener\" class=\"a2t-link\" target=\"_blank\" aria-label=\"Banner_desktop___Meio_de_pagina001\"><img loading=\"lazy\" decoding=\"async\" src=\"https:\/\/www.cpaps.com.br\/mundo-do-sono\/wp-content\/uploads\/2025\/03\/Banner_desktop___Meio_de_pagina001.webp\" alt=\"\"  srcset=\"https:\/\/www.cpaps.com.br\/mundo-do-sono\/wp-content\/uploads\/2025\/03\/Banner_desktop___Meio_de_pagina001.webp 1920w, https:\/\/www.cpaps.com.br\/mundo-do-sono\/wp-content\/uploads\/2025\/03\/Banner_desktop___Meio_de_pagina001-768x111.webp 768w, https:\/\/www.cpaps.com.br\/mundo-do-sono\/wp-content\/uploads\/2025\/03\/Banner_desktop___Meio_de_pagina001-1024x148.webp 1024w, https:\/\/www.cpaps.com.br\/mundo-do-sono\/wp-content\/uploads\/2025\/03\/Banner_desktop___Meio_de_pagina001-1536x222.webp 1536w\" sizes=\"(max-width: 1920px) 100vw, 1920px\" width=\"1920\" height=\"277\"   \/><\/a><\/div>\n<h2><b>Aumento nos sintomas de ansiedade<\/b><\/h2>\n<p><span style=\"font-weight: 400;\">Al\u00e9m da redu\u00e7\u00e3o nas emo\u00e7\u00f5es positivas, a <\/span><b>falta de sono<\/b><span style=\"font-weight: 400;\"> tamb\u00e9m est\u00e1 associada a um aumento nos sintomas de ansiedade. Mesmo pequenas redu\u00e7\u00f5es no tempo de sono, como dormir uma ou duas horas a menos do que o habitual, podem levar a sentimentos exacerbados de preocupa\u00e7\u00e3o e nervosismo.<\/span><\/p>\n<h2><b>Risco de transtornos do humor<\/b><\/h2>\n<p><span style=\"font-weight: 400;\">Os resultados do estudo indicam que a priva\u00e7\u00e3o de sono pode aumentar significativamente o risco de desenvolver transtornos do humor a longo prazo. Depress\u00e3o, ansiedade e transtorno do estresse p\u00f3s-traum\u00e1tico s\u00e3o apenas alguns exemplos dos problemas de sa\u00fade mental que podem surgir como resultado da <\/span><b>falta de sono<\/b><span style=\"font-weight: 400;\"> cr\u00f4nica.<\/span><\/p>\n<p><b><i>+ Leia mais:<\/i><\/b> <a href=\"https:\/\/www.cpaps.com.br\/blog\/apneia-do-sono-sintomas\/\" target=\"_blank\" rel=\"noopener\"><i><span style=\"font-weight: 400;\">Apneia do sono: 4 sintomas que podem indicar a doen\u00e7a<\/span><\/i><\/a><\/p>\n<h2><b>An\u00e1lise dos estudos sobre a falta de sono<\/b><\/h2>\n<p><span style=\"font-weight: 400;\">A an\u00e1lise dos estudos incluiu mais de 5.000 participantes de 28 pa\u00edses, proporcionando uma vis\u00e3o abrangente dos efeitos da <\/span><b>falta de sono<\/b><span style=\"font-weight: 400;\"> no funcionamento emocional. Os pesquisadores examinaram tanto a priva\u00e7\u00e3o aguda quanto a cr\u00f4nica do sono, assim como o impacto do sono fragmentado na sa\u00fade mental.<\/span><\/p>\n<h2><b>Emo\u00e7\u00f5es negativas<\/b><\/h2>\n<p><span style=\"font-weight: 400;\">Embora as emo\u00e7\u00f5es positivas sejam consistentemente afetadas pela <\/span><b>falta de sono<\/b><span style=\"font-weight: 400;\">, as emo\u00e7\u00f5es negativas como medo, raiva, desgosto e estresse tamb\u00e9m podem ser impactadas, embora de forma menos consistente. Isso sugere que a priva\u00e7\u00e3o de sono pode ter efeitos generalizados sobre o estado emocional das pessoas.<\/span><\/p>\n<h2><b>Melhora do sono \u00e9 com a CPAPS!<\/b><\/h2>\n<p><span style=\"font-weight: 400;\">Os resultados desse estudo destacam a import\u00e2ncia de priorizar o sono adequado para a sa\u00fade mental e o bem-estar geral. Promover h\u00e1bitos de sono saud\u00e1veis e estar ciente sobre os perigos da priva\u00e7\u00e3o de sono pode ajudar a mitigar os impactos negativos na sa\u00fade mental.\u00a0<\/span><\/p>\n<p><span style=\"font-weight: 400;\">Portanto, \u00e9 essencial que voc\u00ea reconhe\u00e7a a import\u00e2ncia de uma boa noite de sono e busque estrat\u00e9gias para garantir que esteja obtendo a quantidade adequada de descanso todas as noites. Por isso, conte com o Blog Cpaps e tenha acesso a conte\u00fados que v\u00e3o te ajudar a ter noites de sono revigorantes. <\/span><a href=\"https:\/\/www.cpaps.com.br\/blog\/\" target=\"_blank\" rel=\"noopener\"><b>Conhe\u00e7a as not\u00edcias do nosso blog para se atualizar!<\/b><\/a><\/p>\n<h3><b>Aproveite alguns conte\u00fados que podem ser do seu interesse!<\/b><\/h3>\n<p><a href=\"https:\/\/www.cpaps.com.br\/blog\/insonia-conheca-causas-e-o-tratamento\/\" target=\"_blank\" rel=\"noopener\"><span style=\"font-weight: 400;\">Ins\u00f4nia: conhe\u00e7a as causas e o tratamento<\/span><\/a><\/p>\n<p><a href=\"https:\/\/www.cpaps.com.br\/blog\/falta-de-sono-ajuda-medica\/\" target=\"_blank\" rel=\"noopener\"><span style=\"font-weight: 400;\">Falta de sono: Como saber quando preciso buscar ajuda m\u00e9dica?<\/span><\/a><\/p>\n<p><b>Fonte<\/b><span style=\"font-weight: 400;\">: <\/span><a href=\"https:\/\/www.estadao.com.br\/saude\/dormir-mal-afeta-nossas-emocoes-positivas-entenda\/\" target=\"_blank\" rel=\"noopener\"><span style=\"font-weight: 400;\">Estad\u00e3o<\/span><\/a><\/p>\n\n\n<div class=\"kk-star-ratings kksr-auto kksr-align-center kksr-valign-bottom\"\n    data-payload='{&quot;align&quot;:&quot;center&quot;,&quot;id&quot;:&quot;15265&quot;,&quot;slug&quot;:&quot;default&quot;,&quot;valign&quot;:&quot;bottom&quot;,&quot;ignore&quot;:&quot;&quot;,&quot;reference&quot;:&quot;auto&quot;,&quot;class&quot;:&quot;&quot;,&quot;count&quot;:&quot;0&quot;,&quot;legendonly&quot;:&quot;&quot;,&quot;readonly&quot;:&quot;&quot;,&quot;score&quot;:&quot;0&quot;,&quot;starsonly&quot;:&quot;&quot;,&quot;best&quot;:&quot;5&quot;,&quot;gap&quot;:&quot;5&quot;,&quot;greet&quot;:&quot;Avalie este post&quot;,&quot;legend&quot;:&quot;0\\\/5 - (0 voto)&quot;,&quot;size&quot;:&quot;24&quot;,&quot;title&quot;:&quot;Falta de sono impacta a sa\u00fade mental&quot;,&quot;width&quot;:&quot;0&quot;,&quot;_legend&quot;:&quot;{score}\\\/{best} - ({count} {votes})&quot;,&quot;font_factor&quot;:&quot;1.25&quot;}'>\n            \n<div class=\"kksr-stars\">\n    \n<div class=\"kksr-stars-inactive\">\n            <div class=\"kksr-star\" data-star=\"1\" style=\"padding-right: 5px\">\n            \n\n<div class=\"kksr-icon\" style=\"width: 24px; height: 24px;\"><\/div>\n        <\/div>\n            <div class=\"kksr-star\" data-star=\"2\" style=\"padding-right: 5px\">\n            \n\n<div class=\"kksr-icon\" style=\"width: 24px; height: 24px;\"><\/div>\n        <\/div>\n            <div class=\"kksr-star\" data-star=\"3\" style=\"padding-right: 5px\">\n            \n\n<div class=\"kksr-icon\" style=\"width: 24px; height: 24px;\"><\/div>\n        <\/div>\n            <div class=\"kksr-star\" data-star=\"4\" style=\"padding-right: 5px\">\n            \n\n<div class=\"kksr-icon\" style=\"width: 24px; height: 24px;\"><\/div>\n        <\/div>\n            <div class=\"kksr-star\" data-star=\"5\" style=\"padding-right: 5px\">\n            \n\n<div class=\"kksr-icon\" style=\"width: 24px; height: 24px;\"><\/div>\n        <\/div>\n    <\/div>\n    \n<div class=\"kksr-stars-active\" style=\"width: 0px;\">\n            <div class=\"kksr-star\" style=\"padding-right: 5px\">\n            \n\n<div class=\"kksr-icon\" style=\"width: 24px; height: 24px;\"><\/div>\n        <\/div>\n            <div class=\"kksr-star\" style=\"padding-right: 5px\">\n            \n\n<div class=\"kksr-icon\" style=\"width: 24px; height: 24px;\"><\/div>\n        <\/div>\n            <div class=\"kksr-star\" style=\"padding-right: 5px\">\n            \n\n<div class=\"kksr-icon\" style=\"width: 24px; height: 24px;\"><\/div>\n        <\/div>\n            <div class=\"kksr-star\" style=\"padding-right: 5px\">\n            \n\n<div class=\"kksr-icon\" style=\"width: 24px; height: 24px;\"><\/div>\n        <\/div>\n            <div class=\"kksr-star\" style=\"padding-right: 5px\">\n            \n\n<div class=\"kksr-icon\" style=\"width: 24px; height: 24px;\"><\/div>\n        <\/div>\n    <\/div>\n<\/div>\n                \n\n<div class=\"kksr-legend\" style=\"font-size: 19.2px;\">\n            <span class=\"kksr-muted\">Avalie este post<\/span>\n    <\/div>\n    <\/div>\n","protected":false},"excerpt":{"rendered":"<p>Voc\u00ea j\u00e1 sabe como a falta de sono pode impactar sua sa\u00fade? Leia na \u00edntegra o nosso conte\u00fado de hoje do Blog da CPAPS e fique por dentro!<\/p>\n","protected":false},"author":2,"featured_media":15266,"comment_status":"open","ping_status":"closed","sticky":false,"template":"","format":"standard","meta":{"_acf_changed":false,"_gspb_post_css":"","footnotes":"","rank_math_title":"","rank_math_description":"Voc\u00ea j\u00e1 sabe como a falta de sono pode impactar sua sa\u00fade? Leia na \u00edntegra o nosso conte\u00fado de hoje do Blog da CPAPS e fique por dentro!","rank_math_focus_keyword":"falta de sono","rank_math_canonical_url":"","rank_math_robots":null,"rank_math_advanced_robots":"","rank_math_facebook_title":"","rank_math_facebook_description":"","rank_math_facebook_image":"","rank_math_facebook_image_id":"","rank_math_twitter_title":"","rank_math_twitter_description":"","rank_math_twitter_image":"","rank_math_twitter_card_type":"","rank_math_schema_Article":"","rank_math_schema_FAQPage":"","rank_math_schema_HowTo":"","rank_math_rich_snippet":"","rank_math_primary_category":"2","rank_math_seo_score":"","rank_math_internal_links_processed":"1"},"categories":[1654,1653],"tags":[],"class_list":["post-15265","post","type-post","status-publish","format-standard","has-post-thumbnail","hentry","category-ansiedade","category-saude-mental"],"blocksy_meta":{"styles_descriptor":{"styles":{"desktop":"","tablet":"","mobile":""},"google_fonts":[],"version":7}},"acf":[],"_links":{"self":[{"href":"https:\/\/www.cpaps.com.br\/mundo-do-sono\/wp-json\/wp\/v2\/posts\/15265","targetHints":{"allow":["GET"]}}],"collection":[{"href":"https:\/\/www.cpaps.com.br\/mundo-do-sono\/wp-json\/wp\/v2\/posts"}],"about":[{"href":"https:\/\/www.cpaps.com.br\/mundo-do-sono\/wp-json\/wp\/v2\/types\/post"}],"author":[{"embeddable":true,"href":"https:\/\/www.cpaps.com.br\/mundo-do-sono\/wp-json\/wp\/v2\/users\/2"}],"replies":[{"embeddable":true,"href":"https:\/\/www.cpaps.com.br\/mundo-do-sono\/wp-json\/wp\/v2\/comments?post=15265"}],"version-history":[{"count":0,"href":"https:\/\/www.cpaps.com.br\/mundo-do-sono\/wp-json\/wp\/v2\/posts\/15265\/revisions"}],"wp:featuredmedia":[{"embeddable":true,"href":"https:\/\/www.cpaps.com.br\/mundo-do-sono\/wp-json\/wp\/v2\/media\/15266"}],"wp:attachment":[{"href":"https:\/\/www.cpaps.com.br\/mundo-do-sono\/wp-json\/wp\/v2\/media?parent=15265"}],"wp:term":[{"taxonomy":"category","embeddable":true,"href":"https:\/\/www.cpaps.com.br\/mundo-do-sono\/wp-json\/wp\/v2\/categories?post=15265"},{"taxonomy":"post_tag","embeddable":true,"href":"https:\/\/www.cpaps.com.br\/mundo-do-sono\/wp-json\/wp\/v2\/tags?post=15265"}],"curies":[{"name":"wp","href":"https:\/\/api.w.org\/{rel}","templated":true}]}}