{"id":14680,"date":"2023-08-07T09:00:52","date_gmt":"2023-08-07T12:00:52","guid":{"rendered":"https:\/\/www.cpaps.com.br\/blog\/?p=14680"},"modified":"2026-06-18T21:29:56","modified_gmt":"2026-06-19T00:29:56","slug":"alergias-no-inverno-dicas-uteis-para-evitar","status":"publish","type":"post","link":"https:\/\/www.cpaps.com.br\/mundo-do-sono\/alergias-no-inverno-dicas-uteis-para-evitar\/","title":{"rendered":"Alergias no inverno: por que elas pioram e como se proteger de forma eficaz"},"content":{"rendered":"\n<p class=\"wp-block-paragraph\">O aumento dos casos de <strong>alergias no inverno<\/strong> n\u00e3o \u00e9 coincid\u00eancia. \u00c9 uma condi\u00e7\u00e3o amplamente documentada na literatura m\u00e9dica e reconhecida por \u00f3rg\u00e3os de sa\u00fade no Brasil e no mundo.<\/p>\n\n\n\n<p class=\"wp-block-paragraph\">De acordo com dados da Organiza\u00e7\u00e3o Mundial de Alergia (WAO) e da Associa\u00e7\u00e3o Brasileira de Alergia e Imunologia (ASBAI), cerca de <strong>30% da popula\u00e7\u00e3o brasileira convive com algum tipo de alergia respirat\u00f3ria<\/strong>, e os n\u00fameros sobem expressivamente nas esta\u00e7\u00f5es mais frias.<\/p>\n\n\n\n<p class=\"wp-block-paragraph\">Isso ocorre porque, no inverno, as condi\u00e7\u00f5es ambientais mudam drasticamente: o <strong>ar seco<\/strong>, a <strong>queda da umidade<\/strong>, o <strong>aumento de poluentes no ar<\/strong> e o <strong>h\u00e1bito de manter os ambientes fechados<\/strong> criam um cen\u00e1rio altamente favor\u00e1vel para a prolifera\u00e7\u00e3o de <strong>\u00e1caros, fungos, mofo e poeira dom\u00e9stica<\/strong>, os principais gatilhos das crises al\u00e9rgicas.<\/p>\n\n\n\n<p class=\"wp-block-paragraph\">O impacto \u00e9 significativo tanto na qualidade de vida quanto na sa\u00fade respirat\u00f3ria, e pode agravar quadros de <strong>rinite, asma, sinusite, dermatite at\u00f3pica<\/strong> e outras condi\u00e7\u00f5es inflamat\u00f3rias.<\/p><div id=\"cpaps-926823702\" class=\"cpaps-desktop-single-post-content cpaps-entity-placement\" style=\"margin-left: auto;margin-right: auto;text-align: center;\"><a data-no-instant=\"1\" href=\"https:\/\/www.cpaps.com.br\/mascaras?utm_source=blog&#038;utm_medium=banner&#038;utm_campaign=mascaras\" rel=\"noopener\" class=\"a2t-link\" target=\"_blank\" aria-label=\"Banner_desktop___Meio_de_pagina001\"><img loading=\"lazy\" decoding=\"async\" src=\"https:\/\/www.cpaps.com.br\/mundo-do-sono\/wp-content\/uploads\/2025\/03\/Banner_desktop___Meio_de_pagina001.webp\" alt=\"\"  srcset=\"https:\/\/www.cpaps.com.br\/mundo-do-sono\/wp-content\/uploads\/2025\/03\/Banner_desktop___Meio_de_pagina001.webp 1920w, https:\/\/www.cpaps.com.br\/mundo-do-sono\/wp-content\/uploads\/2025\/03\/Banner_desktop___Meio_de_pagina001-768x111.webp 768w, https:\/\/www.cpaps.com.br\/mundo-do-sono\/wp-content\/uploads\/2025\/03\/Banner_desktop___Meio_de_pagina001-1024x148.webp 1024w, https:\/\/www.cpaps.com.br\/mundo-do-sono\/wp-content\/uploads\/2025\/03\/Banner_desktop___Meio_de_pagina001-1536x222.webp 1536w\" sizes=\"(max-width: 1920px) 100vw, 1920px\" width=\"1920\" height=\"277\"   \/><\/a><\/div>\n\n\n\n<h2 class=\"wp-block-heading\" id=\"por-que-as-alergias-pioram-no-inverno\"><strong>Por que as alergias pioram no inverno?<\/strong><\/h2>\n\n\n\n<p class=\"wp-block-paragraph\">Existem fatores ambientais e biol\u00f3gicos bem estabelecidos que explicam esse aumento:<\/p>\n\n\n\n<ul class=\"wp-block-list\">\n<li><strong>Redu\u00e7\u00e3o da umidade relativa do ar:<\/strong> O ar seco resseca as mucosas do nariz, da garganta e dos pulm\u00f5es, prejudica os mecanismos de defesa do sistema respirat\u00f3rio tornando-o mais suscet\u00edvel \u00e0 a\u00e7\u00e3o de al\u00e9rgenos e agentes irritantes.<br><\/li>\n\n\n\n<li><strong>Ambientes fechados e pouca ventila\u00e7\u00e3o:<\/strong> No frio, \u00e9 comum manter portas e janelas fechadas para conservar o calor, o que favorece o ac\u00famulo de <strong>\u00e1caros da poeira, mofo e fungos<\/strong>.<br><\/li>\n\n\n\n<li><strong>Aumento da polui\u00e7\u00e3o atmosf\u00e9rica:<\/strong> A invers\u00e3o t\u00e9rmica, comum no inverno, faz com que os poluentes fiquem mais concentrados no n\u00edvel do solo, irritando ainda mais as vias a\u00e9reas.<br><\/li>\n\n\n\n<li><strong>Sobreposi\u00e7\u00e3o de v\u00edrus respirat\u00f3rios:<\/strong> o aumento da exposi\u00e7\u00e3o a infec\u00e7\u00f5es virais no inverno como gripes e resfriados sobrecarrega o sistema respirat\u00f3rio, agravando quadros al\u00e9rgicos.<br><\/li>\n<\/ul>\n\n\n\n<figure class=\"wp-block-image size-large\"><img loading=\"lazy\" decoding=\"async\" width=\"1024\" height=\"819\" src=\"https:\/\/www.cpaps.com.br\/mundo-do-sono\/wp-content\/uploads\/2023\/08\/retrato-de-jovem-indiano-doente-assoar-o-nariz-em-tecido-de-papel-1024x819.jpg\" alt=\"alergias no inverno\" class=\"wp-image-17753\" srcset=\"https:\/\/www.cpaps.com.br\/mundo-do-sono\/wp-content\/uploads\/2023\/08\/retrato-de-jovem-indiano-doente-assoar-o-nariz-em-tecido-de-papel-1024x819.jpg 1024w, https:\/\/www.cpaps.com.br\/mundo-do-sono\/wp-content\/uploads\/2023\/08\/retrato-de-jovem-indiano-doente-assoar-o-nariz-em-tecido-de-papel-768x614.jpg 768w, https:\/\/www.cpaps.com.br\/mundo-do-sono\/wp-content\/uploads\/2023\/08\/retrato-de-jovem-indiano-doente-assoar-o-nariz-em-tecido-de-papel-1536x1229.jpg 1536w, https:\/\/www.cpaps.com.br\/mundo-do-sono\/wp-content\/uploads\/2023\/08\/retrato-de-jovem-indiano-doente-assoar-o-nariz-em-tecido-de-papel-2048x1638.jpg 2048w\" sizes=\"auto, (max-width: 1024px) 100vw, 1024px\" \/><\/figure>\n\n\n\n<p class=\"wp-block-paragraph\">Esses fatores, combinados, explicam a forte correla\u00e7\u00e3o entre inverno e o aumento expressivo de problemas respirat\u00f3rios de origem al\u00e9rgica.<\/p>\n\n\n\n<h3 class=\"wp-block-heading\" id=\"quais-sao-as-alergias-mais-comuns-no-inverno\"><strong>Quais s\u00e3o as alergias mais comuns no inverno?<\/strong><\/h3>\n\n\n\n<h3 class=\"wp-block-heading\" id=\"1-rinite-alergica\"><strong>1. Rinite al\u00e9rgica<\/strong><\/h3>\n\n\n\n<p class=\"wp-block-paragraph\"><strong>Preval\u00eancia no Brasil<\/strong><strong><br><\/strong>Afeta cerca de <strong>30% da popula\u00e7\u00e3o<\/strong>. Entre crian\u00e7as de 13 a 14 anos, a taxa pode chegar a <strong>35%<\/strong> (Belo Horizonte), com tend\u00eancia de crescimento ao longo dos anos.<\/p>\n\n\n\n<p class=\"wp-block-paragraph\"><strong>O que \u00e9<\/strong><strong><br><\/strong>\u00c9 uma inflama\u00e7\u00e3o das mucosas do nariz causada por rea\u00e7\u00f5es a al\u00e9rgenos (poeira, \u00e1caros, mofo).<\/p>\n\n\n\n<p class=\"wp-block-paragraph\"><strong>Desencadeadores<\/strong><strong><br><\/strong>\u00c1caros dom\u00e9sticos, fungos, p\u00f3len, mofo e pelos de animais, intensificando-se no inverno por causa do ar seco e ambiente fechado.<\/p>\n\n\n\n<p class=\"wp-block-paragraph\"><strong>Sintomas<\/strong><strong><br><\/strong>Espirros repetitivos, coriza clara, nariz entupido, coceira no nariz e nos olhos, que podem prejudicar o sono e causar cansa\u00e7o diurno.<\/p>\n\n\n\n<p class=\"wp-block-paragraph\"><strong>Tratamento<\/strong><strong><br><\/strong>Uso de anti-histam\u00ednicos, sprays nasais com corticoster\u00f3ides e, em casos persistentes, imunoterapia (vacina\u00e7\u00e3o) sob supervis\u00e3o m\u00e9dica.<\/p>\n\n\n\n<p class=\"wp-block-paragraph\"><strong>M\u00e9dico indicado<\/strong><strong><br><\/strong>Alergologista ou otorrinolaringologista \u2014 realiza testes (cut\u00e2neo ou IgE) para identificar al\u00e9rgenos espec\u00edficos.<\/p>\n\n\n\n<p class=\"wp-block-paragraph\"><strong>Como prevenir<\/strong><\/p>\n\n\n\n<ul class=\"wp-block-list\">\n<li>Lavar roupas de cama em \u00e1gua quente (\u226554\u202f\u00b0C);<\/li>\n\n\n\n<li>Trocar as roupas de cama semanalmente;<br><\/li>\n\n\n\n<li>Usar capas anti\u00e1caro em colch\u00e3o e travesseiro;<br><\/li>\n\n\n\n<li>Ventilar ambientes e usar purificadores com filtro HEPA;<br><\/li>\n\n\n\n<li>Limpar superf\u00edcies com pano \u00famido e evitar carpetes felpudos.<\/li>\n\n\n\n<li>Manter os filtros do ar condicionado sempre limpos;<\/li>\n\n\n\n<li>Dar prefer\u00eancia pelo uso do aspirador de p\u00f3 ao inv\u00e9s da vassoura.<br><\/li>\n<\/ul>\n\n\n\n<h3 class=\"wp-block-heading\" id=\"2-sinusite-alergica\"><strong>2. Sinusite al\u00e9rgica<\/strong><\/h3>\n\n\n\n<p class=\"wp-block-paragraph\"><strong>Preval\u00eancia no Brasil<\/strong><strong><br><\/strong>N\u00e3o h\u00e1 dados isolados, mas estima-se que entre <strong>0,5% e 4,5%<\/strong> dos al\u00e9rgicos desenvolvem sinusite cr\u00f4nica, especialmente quando a <strong>rinite n\u00e3o \u00e9 tratada<\/strong>.<\/p>\n\n\n\n<p class=\"wp-block-paragraph\"><strong>O que \u00e9<\/strong><strong><br><\/strong>Inflama\u00e7\u00e3o dos seios da face (cavidades faciais) causada por reten\u00e7\u00e3o de muco e inflama\u00e7\u00e3o, geralmente decorrente da rinite al\u00e9rgica.<\/p>\n\n\n\n<p class=\"wp-block-paragraph\"><strong>Desencadeadores<\/strong><strong><br><\/strong>Rinite n\u00e3o controlada, tabagismo, polui\u00e7\u00e3o, ar seco e exposi\u00e7\u00e3o a al\u00e9rgenos.<\/p>\n\n\n\n<p class=\"wp-block-paragraph\"><strong>Sintomas<\/strong><strong><br><\/strong>Dor ou press\u00e3o na regi\u00e3o facial (testa, bochechas), congest\u00e3o nasal intensa, secre\u00e7\u00e3o clara ou amarelada, febre leve, dor de cabe\u00e7a persistente.<\/p>\n\n\n\n<p class=\"wp-block-paragraph\"><strong>Tratamento<\/strong><strong><br><\/strong>Sprays nasais com corticoster\u00f3ides, anti-histam\u00ednicos, descongestionantes por curto prazo, hidrata\u00e7\u00e3o nasal com soro fisiol\u00f3gico. Em casos graves, antibi\u00f3ticos ou cirurgia (rinossinusite cr\u00f4nica).<\/p>\n\n\n\n<p class=\"wp-block-paragraph\"><strong>M\u00e9dico indicado<\/strong><strong><br><\/strong>Otorrinolaringologista \u2014 poss\u00edvel uso de tomografia para avaliar anatomia dos seios nasais.<\/p>\n\n\n\n<p class=\"wp-block-paragraph\"><strong>Como prevenir<\/strong><\/p>\n\n\n\n<ul class=\"wp-block-list\">\n<li>Controlar rinite com os mesmos cuidados;<br><\/li>\n\n\n\n<li>Evitar ambientes secos e fumantes;<br><\/li>\n\n\n\n<li>Fazer lavagens nasais regulares;<br><\/li>\n\n\n\n<li>Corrigir infiltra\u00e7\u00f5es e usar desumidificador<br><\/li>\n<\/ul>\n\n\n\n<h3 class=\"wp-block-heading\" id=\"3-asma\"><strong>3. Asma<\/strong><\/h3>\n\n\n\n<p class=\"wp-block-paragraph\"><strong>Preval\u00eancia no Brasil<\/strong><strong><br><\/strong>Atinge entre <strong>10% e 31%<\/strong>, com estimativa de <strong>6,4 milh\u00f5es de adultos<\/strong> diagnosticados.<\/p>\n\n\n\n<p class=\"wp-block-paragraph\"><strong>O que \u00e9<\/strong><strong><br><\/strong>Doen\u00e7a cr\u00f4nica que causa inflama\u00e7\u00e3o e obstru\u00e7\u00e3o revers\u00edvel das vias respirat\u00f3rias, com epis\u00f3dios de chiado, tosse e falta de ar.<\/p>\n\n\n\n<p class=\"wp-block-paragraph\"><strong>Desencadeadores<\/strong><strong><br><\/strong>Ar frio e seco, al\u00e9rgenos (\u00e1caros, mofo), polui\u00e7\u00e3o, exerc\u00edcios, emo\u00e7\u00f5es fortes e infec\u00e7\u00f5es respirat\u00f3rias.<\/p>\n\n\n\n<p class=\"wp-block-paragraph\"><strong>Sintomas<\/strong><strong><br><\/strong>Chiado no peito, dificuldade para respirar, tosse seca (principalmente \u00e0 noite), sensa\u00e7\u00e3o de aperto no peito e crises respirat\u00f3rias.<\/p>\n\n\n\n<p class=\"wp-block-paragraph\"><strong>Tratamento<\/strong><strong><br><\/strong>Broncodilatadores (al\u00edvio imediato), corticoster\u00f3ides inalados (controle inflamat\u00f3rio) e, em casos al\u00e9rgicos, anti-histam\u00ednicos e imunoterapia.<\/p>\n\n\n\n<p class=\"wp-block-paragraph\"><strong>M\u00e9dico indicado<\/strong><strong><br><\/strong>Pneumologista ou alergologista essenciais para diagn\u00f3stico com espirometria e ajustes de tratamento.<\/p>\n\n\n\n<p class=\"wp-block-paragraph\"><strong>Como prevenir<\/strong><\/p>\n\n\n\n<ul class=\"wp-block-list\">\n<li>Controlar rinite;<br><\/li>\n\n\n\n<li>Manter boa ventila\u00e7\u00e3o e ambiente livre de al\u00e9rgenos;<br><\/li>\n\n\n\n<li>Evitar tabagismo (passivo e ativo);<br><\/li>\n\n\n\n<li>Monitorar a umidade e usar purificadores;<br><\/li>\n\n\n\n<li>Ades\u00e3o rigorosa ao tratamento para evitar descompensa\u00e7\u00e3o.<br><\/li>\n<\/ul>\n\n\n\n<h3 class=\"wp-block-heading\" id=\"4-dermatite-atopica\"><strong>4. Dermatite at\u00f3pica<\/strong><\/h3>\n\n\n\n<p class=\"wp-block-paragraph\"><strong>Preval\u00eancia no Brasil<\/strong><strong><br><\/strong>Acomete <strong>7\u20138% das crian\u00e7as<\/strong>, <strong>5% dos adolescentes<\/strong> e cerca de <strong>3% dos adultos<\/strong>, com comorbidades como asma e rinite.<\/p>\n\n\n\n<p class=\"wp-block-paragraph\"><strong>O que \u00e9<\/strong><strong><br><\/strong>Doen\u00e7a inflamat\u00f3ria cr\u00f4nica da pele, caracterizada por prurido, ressecamento e barreira cut\u00e2nea comprometida.<\/p>\n\n\n\n<p class=\"wp-block-paragraph\"><strong>Desencadeadores<\/strong><strong><br><\/strong>Banhos quentes, ar seco, ambientes com fungos, detergentes e uso excessivo de hidratantes com qu\u00edmica agressiva.<\/p>\n\n\n\n<p class=\"wp-block-paragraph\"><strong>Sintomas<\/strong><strong><br><\/strong>Pele seca, coceira intensa, vermelhid\u00e3o, descama\u00e7\u00e3o, fissuras e, eventualmente, infec\u00e7\u00f5es secund\u00e1rias.<\/p>\n\n\n\n<p class=\"wp-block-paragraph\"><strong>Tratamento<\/strong><strong><br><\/strong>Hidratantes intensivos, corticosteroides t\u00f3picos, anti-histam\u00ednicos, monitoramento para evitar super-hidrata\u00e7\u00e3o inadequada.<\/p>\n\n\n\n<p class=\"wp-block-paragraph\"><strong>M\u00e9dico indicado<\/strong><strong><br><\/strong>Dermatologista ou alergologista.<\/p>\n\n\n\n<p class=\"wp-block-paragraph\"><strong>Como prevenir<\/strong><\/p>\n\n\n\n<ul class=\"wp-block-list\">\n<li>Evitar banhos quentes;<br><\/li>\n\n\n\n<li>Usar produtos hipoalerg\u00eanicos;<br><\/li>\n\n\n\n<li>Hidratar a pele logo ap\u00f3s o banho;<br><\/li>\n\n\n\n<li>Evitar l\u00e3 e tecidos irritantes;<br><\/li>\n\n\n\n<li>Manter ambiente arejado, sem mofo, com umidifica\u00e7\u00e3o adequada<br><\/li>\n<\/ul>\n\n\n\n<h3 class=\"wp-block-heading\" id=\"5-urticaria-ao-frio\"><strong>5. Urtic\u00e1ria ao frio<\/strong><\/h3>\n\n\n\n<p class=\"wp-block-paragraph\"><strong>Preval\u00eancia no Brasil<\/strong><strong><br><\/strong>Acomete aproximadamente <strong>0,05%<\/strong> da popula\u00e7\u00e3o, com incid\u00eancia maior em mulheres jovens; entre as urtic\u00e1rias f\u00edsicas, 8\u201337% respondem ao frio.<\/p>\n\n\n\n<p class=\"wp-block-paragraph\"><strong>O que \u00e9<\/strong><strong><br><\/strong>Rea\u00e7\u00e3o al\u00e9rgica rara, onde o frio provoca libera\u00e7\u00e3o de histamina, gerando p\u00e1pulas (urticas) e angioedema.<\/p>\n\n\n\n<p class=\"wp-block-paragraph\"><strong>Desencadeadores<\/strong><strong><br><\/strong>Exposi\u00e7\u00e3o ao vento frio, \u00e1gua fria, alimentos gelados ou ambientes muito frios.<\/p>\n\n\n\n<p class=\"wp-block-paragraph\"><strong>Sintomas<\/strong><strong><br><\/strong>Manchas vermelhas, coceira intensa, incha\u00e7o localizado ou generalizado, podendo evoluir para sintomas respirat\u00f3rios em casos graves.<\/p>\n\n\n\n<p class=\"wp-block-paragraph\"><strong>Tratamento<\/strong><strong><br><\/strong>Anti-histam\u00ednicos de segunda gera\u00e7\u00e3o regularmente e, casos graves, corticosteroides orais ou epinefrina sob orienta\u00e7\u00e3o m\u00e9dica.<\/p>\n\n\n\n<p class=\"wp-block-paragraph\"><strong>M\u00e9dico indicado<\/strong><strong><br><\/strong>Alergologista \u2014 confirma\u00e7\u00e3o por teste de provoca\u00e7\u00e3o ao frio.<\/p>\n\n\n\n<p class=\"wp-block-paragraph\"><strong>Como prevenir<\/strong><\/p>\n\n\n\n<ul class=\"wp-block-list\">\n<li>Evitar exposi\u00e7\u00e3o direta ao frio e vento;<br><\/li>\n\n\n\n<li>Usar roupas adequadas (luvas, cachecol);<br><\/li>\n\n\n\n<li>Evitar \u00e1gua fria;<br><\/li>\n\n\n\n<li>Aque\u00e7a o ambiente antes de se expor;<br><\/li>\n\n\n\n<li>Em casos de gravidade, carregar medica\u00e7\u00e3o de emerg\u00eancia<\/li>\n<\/ul>\n\n\n\n<h2 class=\"wp-block-heading\" id=\"sintomas-que-merecem-atencao\"><strong>Sintomas que merecem aten\u00e7\u00e3o<\/strong><\/h2>\n\n\n\n<ul class=\"wp-block-list\">\n<li><strong>Congest\u00e3o nasal constante<\/strong><strong><br><\/strong><\/li>\n\n\n\n<li><strong>Espirros em sequ\u00eancia, especialmente ao acordar<\/strong><strong><br><\/strong><\/li>\n\n\n\n<li><strong>Coceira no nariz, olhos, garganta e\/ou pele<\/strong><strong><br><\/strong><\/li>\n\n\n\n<li><strong>Tosse seca e irritativa, especialmente \u00e0 noite ou ao deitar<\/strong><strong><br><\/strong><\/li>\n\n\n\n<li><strong>Chiado no peito e falta de ar<\/strong><strong><br><\/strong><\/li>\n\n\n\n<li><strong>Manchas vermelhas ou \u00e1reas da pele muito ressecadas e irritadas<\/strong><strong><br><\/strong><\/li>\n<\/ul>\n\n\n\n<p class=\"wp-block-paragraph\">Se esses sintomas se tornam frequentes durante o inverno, \u00e9 indispens\u00e1vel buscar avalia\u00e7\u00e3o m\u00e9dica especializada.<\/p>\n\n\n\n<h2 class=\"wp-block-heading\" id=\"estrategias-eficazes-para-prevenir-alergias-no-inverno\"><strong>Estrat\u00e9gias eficazes para prevenir alergias no inverno<\/strong><\/h2>\n\n\n\n<p class=\"wp-block-paragraph\">As recomenda\u00e7\u00f5es s\u00e3o baseadas nas diretrizes da ASBAI, WAO, Sleep Foundation e Harvard Health.<\/p>\n\n\n\n<h3 class=\"wp-block-heading\" id=\"controle-ambiental-rigoroso\"><strong>Controle ambiental rigoroso<\/strong><\/h3>\n\n\n\n<ul class=\"wp-block-list\">\n<li><strong>Mantenha os ambientes bem ventilados<\/strong>, abrindo janelas diariamente, mesmo no frio.<br><\/li>\n\n\n\n<li><strong>Use capas anti\u00e1caro<\/strong> em colch\u00f5es, travesseiros e almofadas. S\u00e3o comprovadamente eficazes na redu\u00e7\u00e3o de crises.<br><\/li>\n\n\n\n<li><strong>Lave roupas de cama semanalmente em \u00e1gua acima de 54\u00baC<\/strong>, eliminando \u00e1caros e seus res\u00edduos.<br><\/li>\n\n\n\n<li><strong>Controle a umidade:<\/strong> use desumidificadores em locais propensos a mofo e ventile bem arm\u00e1rios e banheiros.<br><\/li>\n\n\n\n<li><strong>Invista em purificadores de ar com filtro HEPA<\/strong>, que ret\u00eam at\u00e9 99,97% de part\u00edculas suspensas, incluindo al\u00e9rgenos.<br><\/li>\n<\/ul>\n\n\n\n<h3 class=\"wp-block-heading\" id=\"cuidados-com-a-rotina\"><strong>Cuidados com a rotina<\/strong><\/h3>\n\n\n\n<ul class=\"wp-block-list\">\n<li><strong>Hidrate-se constantemente<\/strong>, tanto ingerindo l\u00edquidos quanto utilizando hidratantes corporais espec\u00edficos, especialmente para quem sofre de dermatite.<br><\/li>\n\n\n\n<li><strong>Evite banhos muito quentes e demorados.<\/strong> Eles removem a camada lip\u00eddica da pele, respons\u00e1vel pela prote\u00e7\u00e3o contra agress\u00f5es externas.<br><\/li>\n\n\n\n<li><strong>Higienize as vias nasais diariamente<\/strong> com soro fisiol\u00f3gico, ajudando na remo\u00e7\u00e3o de al\u00e9rgenos.<br><\/li>\n\n\n\n<li><strong>Mantenha animais de estima\u00e7\u00e3o fora dos quartos<\/strong>, lave suas camas com frequ\u00eancia e escove-os regularmente.<br><\/li>\n<\/ul>\n\n\n\n<h2 class=\"wp-block-heading\" id=\"tratamento-quando-a-prevencao-nao-e-suficiente\"><strong>Tratamento: quando a preven\u00e7\u00e3o n\u00e3o \u00e9 suficiente<\/strong><\/h2>\n\n\n\n<p class=\"wp-block-paragraph\">Apesar de todos os cuidados, nem sempre \u00e9 poss\u00edvel evitar 100% das crises. Nestes casos, o acompanhamento m\u00e9dico \u00e9 indispens\u00e1vel. O tratamento pode incluir:<\/p>\n\n\n\n<ul class=\"wp-block-list\">\n<li><strong>Anti-histam\u00ednicos orais<\/strong>, que aliviam espirros, coriza e coceira;<br><\/li>\n\n\n\n<li><strong>Corticosteroides nasais<\/strong>, eficazes no controle da inflama\u00e7\u00e3o da mucosa nasal;<br><\/li>\n\n\n\n<li><strong>Broncodilatadores<\/strong>, essenciais no controle da asma;<br><\/li>\n\n\n\n<li><strong>Imunoterapia espec\u00edfica (vacinas para alergia)<\/strong>, indicada para casos persistentes, oferecendo controle de longo prazo e melhoria significativa na qualidade de vida.<br><\/li>\n<\/ul>\n\n\n\n<h2 class=\"wp-block-heading\" id=\"conclusao\"><strong>Conclus\u00e3o<\/strong><\/h2>\n\n\n\n<p class=\"wp-block-paragraph\">As <strong>alergias no inverno<\/strong> s\u00e3o uma realidade que impacta milh\u00f5es de brasileiros todos os anos, comprometendo n\u00e3o apenas a sa\u00fade respirat\u00f3ria, mas tamb\u00e9m o sono, o bem-estar e a qualidade de vida.<\/p>\n\n\n\n<p class=\"wp-block-paragraph\">Por\u00e9m, com informa\u00e7\u00e3o de qualidade, controle ambiental rigoroso, acompanhamento m\u00e9dico especializado e o suporte de empresas comprometidas como a <strong>CPAPS<\/strong>, \u00e9 poss\u00edvel atravessar o inverno de forma segura, saud\u00e1vel e muito mais confort\u00e1vel.<\/p>\n\n\n\n<p class=\"wp-block-paragraph\"><strong>Cuidar do ambiente \u00e9 cuidar da sua sa\u00fade. E n\u00f3s estamos aqui para te ajudar nesse caminho.<\/strong><\/p>\n\n\n\n<h2 class=\"wp-block-heading\" id=\"como-a-cpaps-pode-te-ajudar-com-eficacia\"><strong>Como a CPAPS pode te ajudar com efic\u00e1cia<\/strong><\/h2>\n\n\n\n<p class=\"wp-block-paragraph\">A <strong>CPAPS<\/strong>, refer\u00eancia nacional em sa\u00fade do sono e qualidade respirat\u00f3ria, entende profundamente os desafios enfrentados por quem convive com <strong>alergias no inverno<\/strong>.<\/p>\n\n\n\n<p class=\"wp-block-paragraph\">\u2714\ufe0f Oferecemos uma linha completa de <strong>solu\u00e7\u00f5es para controle ambiental<\/strong>, como <strong>purificadores de ar, umidificadores, travesseiros e capas antial\u00e9rgicas<\/strong>, todos validados por padr\u00f5es internacionais de qualidade.<\/p>\n\n\n\n<p class=\"wp-block-paragraph\">\u2714\ufe0f Nossa equipe \u00e9 composta por profissionais capacitados, especializados em orientar cada paciente na escolha da solu\u00e7\u00e3o mais adequada para seu quadro de alergia, asma, rinite ou apneia.<\/p>\n\n\n\n<p class=\"wp-block-paragraph\">\u2714\ufe0f Atuamos de forma integrada, n\u00e3o apenas fornecendo produtos, mas tamb\u00e9m <strong>educando, acolhendo e oferecendo suporte t\u00e9cnico cont\u00ednuo<\/strong>, tanto para pacientes quanto para fam\u00edlias.<\/p>\n\n\n\n<p class=\"wp-block-paragraph\">\u2714\ufe0f Al\u00e9m disso, atrav\u00e9s do nosso <a href=\"https:\/\/www.cpaps.com.br\/blog\/cpap-solidario\/\"><strong>Projeto CPAPS Solid\u00e1rio<\/strong><\/a>, promovemos o acesso democr\u00e1tico a equipamentos de sa\u00fade respirat\u00f3ria, sempre alinhados \u00e0s melhores pr\u00e1ticas cl\u00ednicas e cient\u00edficas.<\/p>\n\n\n\n<p class=\"wp-block-paragraph\">Fale com a CPAPS:<br>\ud83d\udcde 0800 601 9922<br>\ud83d\udcac WhatsApp: <a href=\"http:\/\/www.cpaps.com.br\/whatsapp\">Clique aqui para acessar<br><\/a> \ud83c\udf10 Acesse o <a href=\"https:\/\/www.cpaps.com.br\/blog\/\">Portal Mundo do Sono<\/a> para se aprofundar em conte\u00fados, conhecer hist\u00f3rias reais e encontrar ajuda confi\u00e1vel para sua jornada com a apneia do sono.<\/p>\n\n\n\n<h2 class=\"wp-block-heading\" id=\"fontes\"><strong>Fontes<\/strong><\/h2>\n\n\n\n<ul class=\"wp-block-list\">\n<li><a href=\"https:\/\/www.clinicacroce.com.br\/\" target=\"_blank\" rel=\"noopener\">Cl\u00ednica Croce<br><\/a><\/li>\n\n\n\n<li><a href=\"https:\/\/hospitalevandroribeiro.com.br\/\" target=\"_blank\" rel=\"noopener\">Hospital Evandro Ribeiro<br><\/a><\/li>\n\n\n\n<li><a href=\"https:\/\/www.thermofisher.com\/allergy\/wo\/en\/home.html\" target=\"_blank\" rel=\"noopener\">Thermo Fisher Scientific &#8211; Allergy Insider<br><\/a><\/li>\n\n\n\n<li><a href=\"https:\/\/www.sleepfoundation.org\/\" target=\"_blank\" rel=\"noopener\">Sleep Foundation<br><\/a><\/li>\n\n\n\n<li>Harvard Health Publishing<br><\/li>\n\n\n\n<li><a href=\"https:\/\/www.worldallergy.org\/\" target=\"_blank\" rel=\"noopener\">Organiza\u00e7\u00e3o Mundial de Alergia (WAO)<br><\/a><\/li>\n\n\n\n<li><a href=\"https:\/\/asbai.org.br\/\" target=\"_blank\" rel=\"noopener\">Associa\u00e7\u00e3o Brasileira de Alergia e Imunologia (ASBAI)<\/a><\/li>\n<\/ul>\n\n\n<div class=\"kk-star-ratings kksr-auto kksr-align-center kksr-valign-bottom\"\n    data-payload='{&quot;align&quot;:&quot;center&quot;,&quot;id&quot;:&quot;14680&quot;,&quot;slug&quot;:&quot;default&quot;,&quot;valign&quot;:&quot;bottom&quot;,&quot;ignore&quot;:&quot;&quot;,&quot;reference&quot;:&quot;auto&quot;,&quot;class&quot;:&quot;&quot;,&quot;count&quot;:&quot;0&quot;,&quot;legendonly&quot;:&quot;&quot;,&quot;readonly&quot;:&quot;&quot;,&quot;score&quot;:&quot;0&quot;,&quot;starsonly&quot;:&quot;&quot;,&quot;best&quot;:&quot;5&quot;,&quot;gap&quot;:&quot;5&quot;,&quot;greet&quot;:&quot;Avalie este post&quot;,&quot;legend&quot;:&quot;0\\\/5 - (0 voto)&quot;,&quot;size&quot;:&quot;24&quot;,&quot;title&quot;:&quot;Alergias no inverno: por que elas pioram e como se proteger de forma eficaz&quot;,&quot;width&quot;:&quot;0&quot;,&quot;_legend&quot;:&quot;{score}\\\/{best} - ({count} {votes})&quot;,&quot;font_factor&quot;:&quot;1.25&quot;}'>\n            \n<div class=\"kksr-stars\">\n    \n<div class=\"kksr-stars-inactive\">\n            <div class=\"kksr-star\" data-star=\"1\" style=\"padding-right: 5px\">\n            \n\n<div class=\"kksr-icon\" style=\"width: 24px; height: 24px;\"><\/div>\n        <\/div>\n            <div class=\"kksr-star\" data-star=\"2\" style=\"padding-right: 5px\">\n            \n\n<div class=\"kksr-icon\" style=\"width: 24px; height: 24px;\"><\/div>\n        <\/div>\n            <div class=\"kksr-star\" data-star=\"3\" style=\"padding-right: 5px\">\n            \n\n<div class=\"kksr-icon\" style=\"width: 24px; height: 24px;\"><\/div>\n        <\/div>\n            <div class=\"kksr-star\" data-star=\"4\" style=\"padding-right: 5px\">\n            \n\n<div class=\"kksr-icon\" style=\"width: 24px; height: 24px;\"><\/div>\n        <\/div>\n            <div class=\"kksr-star\" data-star=\"5\" style=\"padding-right: 5px\">\n            \n\n<div class=\"kksr-icon\" style=\"width: 24px; height: 24px;\"><\/div>\n        <\/div>\n    <\/div>\n    \n<div class=\"kksr-stars-active\" style=\"width: 0px;\">\n            <div class=\"kksr-star\" style=\"padding-right: 5px\">\n            \n\n<div class=\"kksr-icon\" style=\"width: 24px; height: 24px;\"><\/div>\n        <\/div>\n            <div class=\"kksr-star\" style=\"padding-right: 5px\">\n            \n\n<div class=\"kksr-icon\" style=\"width: 24px; height: 24px;\"><\/div>\n        <\/div>\n            <div class=\"kksr-star\" style=\"padding-right: 5px\">\n            \n\n<div class=\"kksr-icon\" style=\"width: 24px; height: 24px;\"><\/div>\n        <\/div>\n            <div class=\"kksr-star\" style=\"padding-right: 5px\">\n            \n\n<div class=\"kksr-icon\" style=\"width: 24px; height: 24px;\"><\/div>\n        <\/div>\n            <div class=\"kksr-star\" style=\"padding-right: 5px\">\n            \n\n<div class=\"kksr-icon\" style=\"width: 24px; height: 24px;\"><\/div>\n        <\/div>\n    <\/div>\n<\/div>\n                \n\n<div class=\"kksr-legend\" style=\"font-size: 19.2px;\">\n            <span class=\"kksr-muted\">Avalie este post<\/span>\n    <\/div>\n    <\/div>\n","protected":false},"excerpt":{"rendered":"<p>As alergias no inverno disparam com o frio. Entenda as causas, os sintomas e as estrat\u00e9gias comprovadas para prevenir e controlar esse problema.<\/p>\n","protected":false},"author":70,"featured_media":14681,"comment_status":"open","ping_status":"closed","sticky":false,"template":"","format":"standard","meta":{"_acf_changed":false,"_gspb_post_css":"","footnotes":"","rank_math_title":"","rank_math_description":"As alergias no inverno disparam com o frio. Entenda as causas, os sintomas e as estrat\u00e9gias comprovadas para prevenir e controlar esse problema.","rank_math_focus_keyword":"alergias no inverno","rank_math_canonical_url":"","rank_math_robots":null,"rank_math_advanced_robots":"","rank_math_facebook_title":"","rank_math_facebook_description":"","rank_math_facebook_image":"","rank_math_facebook_image_id":"","rank_math_twitter_title":"","rank_math_twitter_description":"","rank_math_twitter_image":"","rank_math_twitter_card_type":"","rank_math_schema_Article":"","rank_math_schema_FAQPage":"","rank_math_schema_HowTo":"","rank_math_rich_snippet":"","rank_math_primary_category":"2","rank_math_seo_score":"75","rank_math_internal_links_processed":"1"},"categories":[1630,1629],"tags":[315,921,358],"class_list":["post-14680","post","type-post","status-publish","format-standard","has-post-thumbnail","hentry","category-apneia-do-sono-disturbios-do-sono","category-disturbios-do-sono","tag-alergia-respiratoria","tag-alergias","tag-inverno"],"blocksy_meta":{"styles_descriptor":{"styles":{"desktop":"","tablet":"","mobile":""},"google_fonts":[],"version":7}},"acf":[],"_links":{"self":[{"href":"https:\/\/www.cpaps.com.br\/mundo-do-sono\/wp-json\/wp\/v2\/posts\/14680","targetHints":{"allow":["GET"]}}],"collection":[{"href":"https:\/\/www.cpaps.com.br\/mundo-do-sono\/wp-json\/wp\/v2\/posts"}],"about":[{"href":"https:\/\/www.cpaps.com.br\/mundo-do-sono\/wp-json\/wp\/v2\/types\/post"}],"author":[{"embeddable":true,"href":"https:\/\/www.cpaps.com.br\/mundo-do-sono\/wp-json\/wp\/v2\/users\/70"}],"replies":[{"embeddable":true,"href":"https:\/\/www.cpaps.com.br\/mundo-do-sono\/wp-json\/wp\/v2\/comments?post=14680"}],"version-history":[{"count":1,"href":"https:\/\/www.cpaps.com.br\/mundo-do-sono\/wp-json\/wp\/v2\/posts\/14680\/revisions"}],"predecessor-version":[{"id":17755,"href":"https:\/\/www.cpaps.com.br\/mundo-do-sono\/wp-json\/wp\/v2\/posts\/14680\/revisions\/17755"}],"wp:featuredmedia":[{"embeddable":true,"href":"https:\/\/www.cpaps.com.br\/mundo-do-sono\/wp-json\/wp\/v2\/media\/14681"}],"wp:attachment":[{"href":"https:\/\/www.cpaps.com.br\/mundo-do-sono\/wp-json\/wp\/v2\/media?parent=14680"}],"wp:term":[{"taxonomy":"category","embeddable":true,"href":"https:\/\/www.cpaps.com.br\/mundo-do-sono\/wp-json\/wp\/v2\/categories?post=14680"},{"taxonomy":"post_tag","embeddable":true,"href":"https:\/\/www.cpaps.com.br\/mundo-do-sono\/wp-json\/wp\/v2\/tags?post=14680"}],"curies":[{"name":"wp","href":"https:\/\/api.w.org\/{rel}","templated":true}]}}