{"id":13402,"date":"2023-01-03T08:00:56","date_gmt":"2023-01-03T11:00:56","guid":{"rendered":"https:\/\/www.cpaps.com.br\/blog\/?p=13402"},"modified":"2026-06-18T21:30:06","modified_gmt":"2026-06-19T00:30:06","slug":"sono-no-trabalho-pode-causar-demissao","status":"publish","type":"post","link":"https:\/\/www.cpaps.com.br\/mundo-do-sono\/sono-no-trabalho-pode-causar-demissao\/","title":{"rendered":"Apneia pode causar sono no trabalho e levar \u00e0 demiss\u00e3o"},"content":{"rendered":"<p><span style=\"font-weight: 400;\">A <\/span><b>apneia do sono<\/b><span style=\"font-weight: 400;\"> afeta mais do que o sono, j\u00e1 que o dist\u00farbio causa sintomas podem se manifestar no humor, desempenho sexual, sa\u00fade f\u00edsica e, claro, ocasionar um grande cansa\u00e7o. Contudo, uma das consequ\u00eancias que mais se destaca \u00e9 a sonol\u00eancia durante o dia, o que pode levar ao sono no trabalho &#8211; levando at\u00e9 mesmo \u00e0 <\/span><b>demiss\u00e3o<\/b><span style=\"font-weight: 400;\">. Continue a leitura para entender como lidar com este problema.<\/span><\/p>\n<p style=\"text-align: center;\"><b><i>Leia tamb\u00e9m:<\/i><\/b><a href=\"https:\/\/www.cpaps.com.br\/blog\/apneia-do-sono-e-trabalho\/\" target=\"_blank\" rel=\"noopener\"> <b>Entenda como a apneia do sono pode interferir em seu trabalho<\/b><\/a><\/p>\n<h2><b>Sono no trabalho pode levar \u00e0 demiss\u00e3o<\/b><\/h2>\n<p><span style=\"font-weight: 400;\">Em si, a sensa\u00e7\u00e3o de sonol\u00eancia durante o per\u00edodo de trabalho n\u00e3o causa demiss\u00e3o. Contudo, as consequ\u00eancias desse sono podem levar a uma. Principalmente quando falamos em cochilos durante o per\u00edodo de trabalho, que podem ser motivo para uma demiss\u00e3o por justa causa. Especialmente quando se entende que a soneca est\u00e1 atrapalhando o trabalho.<\/span><\/p>\n<p><span style=\"font-weight: 400;\">Por outro lado, em casos de trabalhos noturnos a situa\u00e7\u00e3o pode ser um pouco diferente, de acordo com o TRT de S\u00e3o Paulo. Entende-se que o sono faz parte da natureza humana &#8211; uma necessidade biol\u00f3gica. Assim, por n\u00e3o serem seres not\u00edvagos, as pessoas n\u00e3o est\u00e3o adaptadas aos h\u00e1bitos e trabalhos noturnos &#8211; e que estes podem causar problemas de adapta\u00e7\u00e3o e inclusive afetar a sa\u00fade.<\/span><\/p><div id=\"cpaps-1244460981\" class=\"cpaps-desktop-single-post-content cpaps-entity-placement\" style=\"margin-left: auto;margin-right: auto;text-align: center;\"><a data-no-instant=\"1\" href=\"https:\/\/www.cpaps.com.br\/mascaras?utm_source=blog&#038;utm_medium=banner&#038;utm_campaign=mascaras\" rel=\"noopener\" class=\"a2t-link\" target=\"_blank\" aria-label=\"Banner_desktop___Meio_de_pagina001\"><img loading=\"lazy\" decoding=\"async\" src=\"https:\/\/www.cpaps.com.br\/mundo-do-sono\/wp-content\/uploads\/2025\/03\/Banner_desktop___Meio_de_pagina001.webp\" alt=\"\"  srcset=\"https:\/\/www.cpaps.com.br\/mundo-do-sono\/wp-content\/uploads\/2025\/03\/Banner_desktop___Meio_de_pagina001.webp 1920w, https:\/\/www.cpaps.com.br\/mundo-do-sono\/wp-content\/uploads\/2025\/03\/Banner_desktop___Meio_de_pagina001-768x111.webp 768w, https:\/\/www.cpaps.com.br\/mundo-do-sono\/wp-content\/uploads\/2025\/03\/Banner_desktop___Meio_de_pagina001-1024x148.webp 1024w, https:\/\/www.cpaps.com.br\/mundo-do-sono\/wp-content\/uploads\/2025\/03\/Banner_desktop___Meio_de_pagina001-1536x222.webp 1536w\" sizes=\"(max-width: 1920px) 100vw, 1920px\" width=\"1920\" height=\"277\"   \/><\/a><\/div>\n<p><span style=\"font-weight: 400;\">Dessa forma, \u00e9 considerado demiss\u00e3o de excessivo rigor quando o profissional que trabalha durante \u00e0 noite \u00e9 pego dormindo.<\/span><\/p>\n<p><span style=\"font-weight: 400;\">Contudo, o assunto est\u00e1 aberto a interpreta\u00e7\u00f5es e diferentes especialistas t\u00eam pontos de vista diferentes sobre o assunto.<\/span><\/p>\n<p><b><i>+Leia mais:<\/i><\/b><a href=\"https:\/\/www.cpaps.com.br\/blog\/trabalho-noturno-altera-sono\/\" target=\"_blank\" rel=\"noopener\"> <b>Como o trabalho noturno altera a rotina de sono?<\/b><\/a><\/p>\n<p><span style=\"font-weight: 400;\">No entanto, vale ressaltar que os profissionais noturnos n\u00e3o s\u00e3o os \u00fanicos que podem ser impactados pelo sono durante\u00a0 o expediente. Pessoas que trabalham durante o dia tamb\u00e9m podem sofrer com sonol\u00eancia, principalmente se tiverem algum dist\u00farbio do sono, como a apneia.<\/span><\/p>\n<h2><b>Entenda a rela\u00e7\u00e3o entre apneia do sono e sono no trabalho<\/b><\/h2>\n<p><span style=\"font-weight: 400;\">Quem lida com dist\u00farbios do sono, como \u00e9 o caso da apneia, pode enfrentar uma s\u00e9rie de problemas relacionados \u00e0 sa\u00fade. Um deles \u00e9 o aumento da press\u00e3o arterial e a possibilidade de desenvolver diabetes a longo prazo s\u00e3o algumas delas. Contudo, a sonol\u00eancia excessiva e constante \u00e9 um dos sintomas mais f\u00e1ceis de identificar, o que prejudica a rotina do dia a dia.<\/span><\/p>\n<p><span style=\"font-weight: 400;\">Neste caso, \u00e9 normal que pessoas com apneia sintam dificuldades para se concentrar durante o trabalho ou em atividades mais passivas, como palestras e reuni\u00f5es. Isso acontece por conta da baixa qualidade do sono do paciente.<\/span><\/p>\n<figure id=\"attachment_13404\" aria-describedby=\"caption-attachment-13404\" style=\"width: 1000px\" class=\"wp-caption aligncenter\"><img loading=\"lazy\" decoding=\"async\" class=\"size-full wp-image-13404\" src=\"https:\/\/www.cpaps.com.br\/blog\/wp-content\/uploads\/2022\/05\/sono-no-trabalho-pode-gerar-erros.jpg\" alt=\"sono no trabalho pode gerar erros\" width=\"1000\" height=\"667\" srcset=\"https:\/\/www.cpaps.com.br\/mundo-do-sono\/wp-content\/uploads\/2022\/05\/sono-no-trabalho-pode-gerar-erros.jpg 1000w, https:\/\/www.cpaps.com.br\/mundo-do-sono\/wp-content\/uploads\/2022\/05\/sono-no-trabalho-pode-gerar-erros-768x512.jpg 768w\" sizes=\"auto, (max-width: 1000px) 100vw, 1000px\" \/><figcaption id=\"caption-attachment-13404\" class=\"wp-caption-text\">O sono no trabalho pode levar a uma queda de rendimento e erros, al\u00e9m de te tornar disperso.<\/figcaption><\/figure>\n<p><span style=\"font-weight: 400;\">Dessa forma, faz-se necess\u00e1rio que os apneicos busquem o tratamento correto para o dist\u00farbio. Assim, \u00e9 poss\u00edvel descansar melhor durante a noite e manter um maior rendimento nas atividades de rotina e trabalho durante o dia a dia. Portanto, as chances de cometer erros ou acabar cochilando no per\u00edodo de expediente diminuem.<\/span><\/p>\n<h2><b>Como tirar o sono no trabalho: confira 3 dicas<\/b><\/h2>\n<p><span style=\"font-weight: 400;\">Agora que j\u00e1 entendeu como o sono no trabalho pode diminuir a sua produtividade e levar a erros, vamos conversar sobre formas que voc\u00ea pode contornar o problema. Para isso, trouxemos 3 dicas imperd\u00edveis de como tirar o sono no trabalho para te ajudar a render melhor. Continue a leitura e confira agora mesmo!<\/span><\/p>\n<h3><span style=\"font-weight: 400;\">1. Fa\u00e7a pequenas pausas durante o dia<\/span><\/h3>\n<p><span style=\"font-weight: 400;\">Fazer pequenas pausas para respirar um pouco de ar fresco, andar e se alongar pode te ajudar a controlar a vontade de dormir durante o seu per\u00edodo de trabalho. Isso ajuda a \u201cdescansar\u201d um pouco, saindo daquela rotina.<\/span><\/p>\n<h3><span style=\"font-weight: 400;\">2. Opte por lanches nutritivos<\/span><\/h3>\n<p><span style=\"font-weight: 400;\">Da mesma forma que as refei\u00e7\u00f5es exageradas, come\u00e7ar o dia sem comer nada tamb\u00e9m pode te deixar mais sonolento e let\u00e1rgico. Por isso, \u00e9 importante consumir alguns lanches \u201cmenores\u201d, com bons valores nutricionais e de r\u00e1pida digest\u00e3o.<\/span><\/p>\n<h3><span style=\"font-weight: 400;\">3. Mantenha o ambiente iluminado<\/span><\/h3>\n<p><span style=\"font-weight: 400;\">A presen\u00e7a da luz natural \u00e9 essencial para que o nosso corpo entenda que estamos em estado de vig\u00edlia, ou seja, que devemos estar acordados e atentos. Isso se deve ao fato de que a melatonina, horm\u00f4nio liberado durante o sono e respons\u00e1vel pela vontade de dormir, tem sua produ\u00e7\u00e3o interrompida quando entramos em contato com a luz.<\/span><\/p>\n<p><b><i>+Leia mais:<\/i><\/b><a href=\"https:\/\/www.cpaps.com.br\/blog\/sono-no-trabalho\/\" target=\"_blank\" rel=\"noopener\"> <b>5 dicas para acabar com o sono no trabalho<\/b><\/a><\/p>\n<h2><b>Jornada de sono para pessoas adultas<\/b><\/h2>\n<p><span style=\"font-weight: 400;\">A jornada de sono ideal para pessoas adultas \u00e9 um componente crucial para a manuten\u00e7\u00e3o da sa\u00fade e do bem-estar. De acordo com especialistas, a quantidade adequada de sono para adultos varia entre 7 e 9 horas por noite. Durante o sono, o corpo passa por diferentes est\u00e1gios, incluindo o sono REM (Movimento R\u00e1pido dos Olhos) e o sono profundo, ambos essenciais para a regenera\u00e7\u00e3o f\u00edsica e mental. Uma jornada de sono consistente e de qualidade contribui para a melhoria da concentra\u00e7\u00e3o, do humor, da mem\u00f3ria e da capacidade cognitiva, al\u00e9m de fortalecer o sistema imunol\u00f3gico e reduzir o risco de doen\u00e7as cr\u00f4nicas.<\/span><\/p>\n<h2><b>Ansiedade pr\u00e9-jornada do trabalho e falta de sono<\/b><\/h2>\n<p><span style=\"font-weight: 400;\">A ansiedade pr\u00e9-jornada do trabalho pode ser um dos principais fatores causadores da falta de sono em adultos. O estresse relacionado \u00e0s responsabilidades profissionais, preocupa\u00e7\u00f5es com prazos, press\u00e3o por desempenho e conflitos no ambiente de trabalho podem desencadear sintomas de ansiedade que interferem na qualidade do sono. O ciclo vicioso entre ansiedade e falta de sono pode resultar em um impacto significativo na sa\u00fade f\u00edsica e mental, aumentando o risco de dist\u00farbios do sono, como ins\u00f4nia e apneia.<\/span><\/p>\n<h2><b>Dicas para diminuir o sono durante o trabalho<\/b><\/h2>\n<p><span style=\"font-weight: 400;\">Para diminuir o sono durante o trabalho e aumentar a produtividade, \u00e9 importante adotar h\u00e1bitos saud\u00e1veis e estrat\u00e9gias eficazes. Manter uma rotina de sono consistente, priorizar a qualidade do sono durante a noite e evitar o consumo excessivo de cafe\u00edna e alimentos pesados antes de dormir s\u00e3o medidas essenciais para promover um descanso adequado. Al\u00e9m disso, praticar t\u00e9cnicas de relaxamento, como respira\u00e7\u00e3o profunda, medita\u00e7\u00e3o ou pequenas pausas para alongamento ao longo do dia, pode ajudar a reduzir a sonol\u00eancia e aumentar o foco e a concentra\u00e7\u00e3o no trabalho.<\/span><\/p>\n<h2><b>Apneia do sono<\/b><\/h2>\n<p><span style=\"font-weight: 400;\">A apneia do sono \u00e9 um dist\u00farbio comum caracterizado por pausas na respira\u00e7\u00e3o durante o sono. Essas pausas, podem ocorrer v\u00e1rias vezes por hora e resultar em interrup\u00e7\u00f5es no sono, levando a sintomas como ronco alto, sonol\u00eancia diurna, cansa\u00e7o cr\u00f4nico e dificuldade de concentra\u00e7\u00e3o. A apneia do sono pode ser causada por diversos fatores, incluindo obesidade, anatomia da via a\u00e9rea superior, idade avan\u00e7ada e hist\u00f3rico familiar. O diagn\u00f3stico e tratamento precoces da apneia do sono s\u00e3o essenciais para prevenir complica\u00e7\u00f5es graves, como doen\u00e7as cardiovasculares, hipertens\u00e3o e diabetes.<\/span><\/p>\n<h2><b>Tratar a apneia do sono tamb\u00e9m \u00e9 indispens\u00e1vel<\/b><\/h2>\n<p><span style=\"font-weight: 400;\">Al\u00e9m de seguir nossas dicas, tamb\u00e9m \u00e9 importante fazer o tratamento do dist\u00farbio da apneia. Contudo, como \u00e9 feita a terapia respirat\u00f3ria para tratar a apneia do sono? Bom, contamos isso para voc\u00ea a seguir. Confira!<\/span><\/p>\n<p><span style=\"font-weight: 400;\">O tratamento contra a apneia do sono \u00e9 feito com alguns equipamentos. O mais comum \u00e9 o CPAP, que \u00e9 respons\u00e1vel por enviar um fluxo de ar positivo para as vias respirat\u00f3rias, impedindo que haja a obstru\u00e7\u00e3o delas.<\/span><\/p>\n<p><b>+<\/b><b><i>Leia mais:<\/i><\/b><a href=\"https:\/\/www.cpaps.com.br\/blog\/apneia-do-sono-tem-cura\/\" target=\"_blank\" rel=\"noopener\"> <b>A apneia do sono tem cura? Descubra agora mesmo!<\/b><\/a><\/p>\n<p><span style=\"font-weight: 400;\">Contudo, o CPAP n\u00e3o \u00e9 o \u00fanico equipamento utilizado para tratar a apneia do sono. A m\u00e1scara para CPAP, que fica em contato com o paciente e funciona como uma esp\u00e9cie de \u201ccaminho\u201d para o ar enviado pelo aparelho. Al\u00e9m disso, outros equipamentos como a queixeira podem fazer bem ao seu tratamento.<\/span><\/p>\n<p><span style=\"font-weight: 400;\">No entanto, iniciar o tratamento contra o dist\u00farbio pode n\u00e3o ser uma tarefa t\u00e3o f\u00e1cil, principalmente quando o assunto \u00e9 a escolha dos equipamentos corretos. Para isso, \u00e9 importante consultar um m\u00e9dico do sono para te ajudar a encontrar os melhores equipamentos.<\/span><\/p>\n<p><span style=\"font-weight: 400;\">Confira nossas sugest\u00f5es de equipamentos:<\/span><\/p>\n<ul>\n<li style=\"font-weight: 400;\" aria-level=\"1\"><a href=\"https:\/\/www.cpaps.com.br\/cpaps-e-bipap\/cpap-s10-airsense-autoset-resmed\" target=\"_blank\" rel=\"noopener\"><b>CPAP autom\u00e1tico S10 AutoSet com Umidificador &#8211; ResMed<\/b><\/a><\/li>\n<\/ul>\n<ul>\n<li style=\"font-weight: 400;\" aria-level=\"1\"><a href=\"https:\/\/www.cpaps.com.br\/queixeira-sullivan-resmed\" target=\"_blank\" rel=\"noopener\"><b>Queixeira Sullivan Resmed<\/b><\/a><\/li>\n<\/ul>\n<ul>\n<li style=\"font-weight: 400;\" aria-level=\"1\"><a href=\"https:\/\/www.cpaps.com.br\/mascaras\/mascara-facial-amara-view-philips-respironics\" target=\"_blank\" rel=\"noopener\"><b>M\u00e1scara facial Amara View &#8211; Philips Respironics<\/b><\/a><\/li>\n<\/ul>\n<p><span style=\"font-weight: 400;\">Al\u00e9m destes produtos, em nossa loja voc\u00ea encontra diversos equipamentos para tratar dist\u00farbios respirat\u00f3rios. L\u00e1 voc\u00ea encontra CPAPs, m\u00e1scaras, filtros, queixeiras, umidificadores, tubos traqueia, produtos de higieniza\u00e7\u00e3o e muito mais.<\/span><a href=\"https:\/\/www.cpaps.com.br\/promocao-cpap\" target=\"_blank\" rel=\"noopener\"> <b>Clique aqui e conhe\u00e7a nossa loja online agora mesmo!<\/b><\/a><\/p>\n<p><b>Fonte:<\/b><a href=\"https:\/\/oglobo.globo.com\/economia\/trt-sp-cochilo-eventual-no-trabalho-nao-justa-causa-para-dispensa-4593074\" target=\"_blank\" rel=\"noopener\"><b>O Globo<\/b><\/a><b>.<\/b><\/p>\n\n\n<div class=\"kk-star-ratings kksr-auto kksr-align-center kksr-valign-bottom\"\n    data-payload='{&quot;align&quot;:&quot;center&quot;,&quot;id&quot;:&quot;13402&quot;,&quot;slug&quot;:&quot;default&quot;,&quot;valign&quot;:&quot;bottom&quot;,&quot;ignore&quot;:&quot;&quot;,&quot;reference&quot;:&quot;auto&quot;,&quot;class&quot;:&quot;&quot;,&quot;count&quot;:&quot;0&quot;,&quot;legendonly&quot;:&quot;&quot;,&quot;readonly&quot;:&quot;&quot;,&quot;score&quot;:&quot;0&quot;,&quot;starsonly&quot;:&quot;&quot;,&quot;best&quot;:&quot;5&quot;,&quot;gap&quot;:&quot;5&quot;,&quot;greet&quot;:&quot;Avalie este post&quot;,&quot;legend&quot;:&quot;0\\\/5 - (0 voto)&quot;,&quot;size&quot;:&quot;24&quot;,&quot;title&quot;:&quot;Apneia pode causar sono no trabalho e levar \u00e0 demiss\u00e3o&quot;,&quot;width&quot;:&quot;0&quot;,&quot;_legend&quot;:&quot;{score}\\\/{best} - ({count} {votes})&quot;,&quot;font_factor&quot;:&quot;1.25&quot;}'>\n            \n<div class=\"kksr-stars\">\n    \n<div class=\"kksr-stars-inactive\">\n            <div class=\"kksr-star\" data-star=\"1\" style=\"padding-right: 5px\">\n            \n\n<div class=\"kksr-icon\" style=\"width: 24px; height: 24px;\"><\/div>\n        <\/div>\n            <div class=\"kksr-star\" data-star=\"2\" style=\"padding-right: 5px\">\n            \n\n<div class=\"kksr-icon\" style=\"width: 24px; height: 24px;\"><\/div>\n        <\/div>\n            <div class=\"kksr-star\" data-star=\"3\" style=\"padding-right: 5px\">\n            \n\n<div class=\"kksr-icon\" style=\"width: 24px; height: 24px;\"><\/div>\n        <\/div>\n            <div class=\"kksr-star\" data-star=\"4\" style=\"padding-right: 5px\">\n            \n\n<div class=\"kksr-icon\" style=\"width: 24px; height: 24px;\"><\/div>\n        <\/div>\n            <div class=\"kksr-star\" data-star=\"5\" style=\"padding-right: 5px\">\n            \n\n<div class=\"kksr-icon\" style=\"width: 24px; height: 24px;\"><\/div>\n        <\/div>\n    <\/div>\n    \n<div class=\"kksr-stars-active\" style=\"width: 0px;\">\n            <div class=\"kksr-star\" style=\"padding-right: 5px\">\n            \n\n<div class=\"kksr-icon\" style=\"width: 24px; height: 24px;\"><\/div>\n        <\/div>\n            <div class=\"kksr-star\" style=\"padding-right: 5px\">\n            \n\n<div class=\"kksr-icon\" style=\"width: 24px; height: 24px;\"><\/div>\n        <\/div>\n            <div class=\"kksr-star\" style=\"padding-right: 5px\">\n            \n\n<div class=\"kksr-icon\" style=\"width: 24px; height: 24px;\"><\/div>\n        <\/div>\n            <div class=\"kksr-star\" style=\"padding-right: 5px\">\n            \n\n<div class=\"kksr-icon\" style=\"width: 24px; height: 24px;\"><\/div>\n        <\/div>\n            <div class=\"kksr-star\" style=\"padding-right: 5px\">\n            \n\n<div class=\"kksr-icon\" style=\"width: 24px; height: 24px;\"><\/div>\n        <\/div>\n    <\/div>\n<\/div>\n                \n\n<div class=\"kksr-legend\" style=\"font-size: 19.2px;\">\n            <span class=\"kksr-muted\">Avalie este post<\/span>\n    <\/div>\n    <\/div>\n","protected":false},"excerpt":{"rendered":"<p>O sono no trabalho causado pela apneia pode levar \u00e0 queda do seu rendimento e pode levar \u00e0 sua demiss\u00e3o. Aprenda a contornar este problema!<\/p>\n","protected":false},"author":70,"featured_media":13403,"comment_status":"open","ping_status":"closed","sticky":false,"template":"","format":"standard","meta":{"_acf_changed":false,"_gspb_post_css":"","footnotes":"","rank_math_title":"","rank_math_description":"O sono no trabalho causado pela apneia pode levar \u00e0 queda do seu rendimento e pode levar \u00e0 sua demiss\u00e3o. Aprenda a contornar este problema!","rank_math_focus_keyword":"sono no trabalho","rank_math_canonical_url":"","rank_math_robots":null,"rank_math_advanced_robots":"","rank_math_facebook_title":"","rank_math_facebook_description":"","rank_math_facebook_image":"","rank_math_facebook_image_id":"","rank_math_twitter_title":"","rank_math_twitter_description":"","rank_math_twitter_image":"","rank_math_twitter_card_type":"","rank_math_schema_Article":"","rank_math_schema_FAQPage":"","rank_math_schema_HowTo":"","rank_math_rich_snippet":"","rank_math_primary_category":"","rank_math_seo_score":"","rank_math_internal_links_processed":"1"},"categories":[1630,1629],"tags":[8],"class_list":["post-13402","post","type-post","status-publish","format-standard","has-post-thumbnail","hentry","category-apneia-do-sono-disturbios-do-sono","category-disturbios-do-sono","tag-apneia"],"blocksy_meta":{"styles_descriptor":{"styles":{"desktop":"","tablet":"","mobile":""},"google_fonts":[],"version":7}},"acf":[],"_links":{"self":[{"href":"https:\/\/www.cpaps.com.br\/mundo-do-sono\/wp-json\/wp\/v2\/posts\/13402","targetHints":{"allow":["GET"]}}],"collection":[{"href":"https:\/\/www.cpaps.com.br\/mundo-do-sono\/wp-json\/wp\/v2\/posts"}],"about":[{"href":"https:\/\/www.cpaps.com.br\/mundo-do-sono\/wp-json\/wp\/v2\/types\/post"}],"author":[{"embeddable":true,"href":"https:\/\/www.cpaps.com.br\/mundo-do-sono\/wp-json\/wp\/v2\/users\/70"}],"replies":[{"embeddable":true,"href":"https:\/\/www.cpaps.com.br\/mundo-do-sono\/wp-json\/wp\/v2\/comments?post=13402"}],"version-history":[{"count":1,"href":"https:\/\/www.cpaps.com.br\/mundo-do-sono\/wp-json\/wp\/v2\/posts\/13402\/revisions"}],"predecessor-version":[{"id":19718,"href":"https:\/\/www.cpaps.com.br\/mundo-do-sono\/wp-json\/wp\/v2\/posts\/13402\/revisions\/19718"}],"wp:featuredmedia":[{"embeddable":true,"href":"https:\/\/www.cpaps.com.br\/mundo-do-sono\/wp-json\/wp\/v2\/media\/13403"}],"wp:attachment":[{"href":"https:\/\/www.cpaps.com.br\/mundo-do-sono\/wp-json\/wp\/v2\/media?parent=13402"}],"wp:term":[{"taxonomy":"category","embeddable":true,"href":"https:\/\/www.cpaps.com.br\/mundo-do-sono\/wp-json\/wp\/v2\/categories?post=13402"},{"taxonomy":"post_tag","embeddable":true,"href":"https:\/\/www.cpaps.com.br\/mundo-do-sono\/wp-json\/wp\/v2\/tags?post=13402"}],"curies":[{"name":"wp","href":"https:\/\/api.w.org\/{rel}","templated":true}]}}