{"id":1229,"date":"2016-04-04T15:03:27","date_gmt":"2016-04-04T18:03:27","guid":{"rendered":"https:\/\/www.cpaps.com.br\/blog\/?p=1229"},"modified":"2026-06-19T11:57:42","modified_gmt":"2026-06-19T14:57:42","slug":"semana-mundial-da-alergia-saiba-tudo-sobre-alergia-respiratoria","status":"publish","type":"post","link":"https:\/\/www.cpaps.com.br\/mundo-do-sono\/semana-mundial-da-alergia-saiba-tudo-sobre-alergia-respiratoria\/","title":{"rendered":"Semana Mundial da Alergia: saiba tudo sobre alergia respirat\u00f3ria"},"content":{"rendered":"<p><a href=\"https:\/\/www.cpaps.com.br\/blog\/wp-content\/uploads\/2016\/05\/casal-al\u00e9rgico.jpg\"><img loading=\"lazy\" decoding=\"async\" class=\"aligncenter size-medium wp-image-1230\" src=\"https:\/\/www.cpaps.com.br\/blog\/wp-content\/uploads\/2016\/05\/casal-al\u00e9rgico-300x200.jpg\" alt=\"casal-al\u00e9rgico\" width=\"300\" height=\"200\" \/><\/a><\/p>\n<p style=\"text-align: justify;\">As <strong>alergias respirat\u00f3rias<\/strong> s\u00e3o bastante comuns e costumam aumentar durante o outono e inverno, \u00e9poca em que o ar est\u00e1 mais seco e frio. Esta semana, de 04 a 10 de Abril, \u00e9 comemorada a <strong>Semana Mundial da Alergia<\/strong> e n\u00f3s, da <span style=\"text-decoration: underline;\"><span style=\"color: #0000ff;\"><a style=\"color: #0000ff; text-decoration: underline;\" title=\"CPAPS.com.br\" href=\"http:\/\/www.cpaps.com.br\/\" target=\"_blank\" rel=\"noopener\">CPAPS.com.br<\/a><\/span><\/span> vamos te ajudar a entender as causas, sintomas e tratamentos.<\/p>\n<p style=\"text-align: justify;\">Voc\u00ea sabia que cerca de 30% dos brasileiros sofrem com alguma <strong>alergia respirat\u00f3ria<\/strong>? Esse \u00e9 um dado da Associa\u00e7\u00e3o Brasileira de Alergia e Imunopatologia (ASBAI), que tamb\u00e9m aponta como <strong>rea\u00e7\u00f5es al\u00e9rgicas<\/strong> mais frequentes a asma, rinite e bronquite.<\/p>\n<h4 style=\"text-align: justify;\"><strong>O que \u00e9 alergia?<\/strong><\/h4>\n<p style=\"text-align: justify;\">A <strong>alergia<\/strong> \u00e9 uma resposta causada pela exposi\u00e7\u00e3o a uma determinada subst\u00e2ncia que seja estranha ao organismo de indiv\u00edduos sens\u00edveis. No caso da <strong>alergia respirat\u00f3ria<\/strong>, \u00e9 uma rea\u00e7\u00e3o causada pela inala\u00e7\u00e3o de componentes al\u00e9rgenos, que podem ser \u00e1caros, poeira, mofo, pelos de animais, cheiros fortes e at\u00e9 mesmo p\u00f3len de plantas.<\/p>\n<p style=\"text-align: justify;\">Os principais <strong>sintomas<\/strong> s\u00e3o: obstru\u00e7\u00e3o nasal, inflama\u00e7\u00e3o das vias a\u00e9reas, falta de ar, coceira no nariz, tosse, coriza e espirros. O desconforto causado pelos sintomas da <strong>alergia<\/strong> interferem diretamente na qualidade do <strong>sono.<\/strong> A alergia respirat\u00f3ria tamb\u00e9m pode desencadear outros dist\u00farbios, como a <strong>apneia obstrutiva do sono<\/strong>, que pode estar relacionada \u00e0 rinite.<\/p><div id=\"cpaps-3383372320\" class=\"cpaps-desktop-single-post-content cpaps-entity-placement\" style=\"margin-left: auto;margin-right: auto;text-align: center;\"><a data-no-instant=\"1\" href=\"https:\/\/www.cpaps.com.br\/mascaras?utm_source=blog&#038;utm_medium=banner&#038;utm_campaign=mascaras\" rel=\"noopener\" class=\"a2t-link\" target=\"_blank\" aria-label=\"Banner_desktop___Meio_de_pagina001\"><img loading=\"lazy\" decoding=\"async\" src=\"https:\/\/www.cpaps.com.br\/mundo-do-sono\/wp-content\/uploads\/2025\/03\/Banner_desktop___Meio_de_pagina001.webp\" alt=\"\"  srcset=\"https:\/\/www.cpaps.com.br\/mundo-do-sono\/wp-content\/uploads\/2025\/03\/Banner_desktop___Meio_de_pagina001.webp 1920w, https:\/\/www.cpaps.com.br\/mundo-do-sono\/wp-content\/uploads\/2025\/03\/Banner_desktop___Meio_de_pagina001-768x111.webp 768w, https:\/\/www.cpaps.com.br\/mundo-do-sono\/wp-content\/uploads\/2025\/03\/Banner_desktop___Meio_de_pagina001-1024x148.webp 1024w, https:\/\/www.cpaps.com.br\/mundo-do-sono\/wp-content\/uploads\/2025\/03\/Banner_desktop___Meio_de_pagina001-1536x222.webp 1536w\" sizes=\"(max-width: 1920px) 100vw, 1920px\" width=\"1920\" height=\"277\"   \/><\/a><\/div>\n<h4 style=\"text-align: justify;\"><strong>Como tratar a alergia e melhorar seu sono?<\/strong><\/h4>\n<p style=\"text-align: justify;\">Primeiro, marque duas consultas, uma com um m\u00e9dico <strong>alergista<\/strong> e outra com um especialista em medicina do sono. Eles v\u00e3o conseguir diagnosticar seu problema corretamente e indicar a solu\u00e7\u00e3o.<\/p>\n<p style=\"text-align: justify;\">As m\u00e1scaras nasais do <strong>CPAPS<\/strong>, com modelos personalizados, permitem tratar v\u00e1rios n\u00edveis de dist\u00farbios respirat\u00f3rios e s\u00e3o indicadas para auxiliar o paciente a receber ar puro nas narinas e conseguir dormir melhor. Mas lembre-se: o cuidado com a <span style=\"text-decoration: underline;\"><span style=\"color: #0000ff;\"><a style=\"color: #0000ff; text-decoration: underline;\" title=\"higieniza\u00e7\u00e3o\" href=\"https:\/\/www.cpaps.com.br\/blog\/como-fazer-limpeza-da-mascara-e-cpap\/\" target=\"_blank\" rel=\"noopener\">higieniza\u00e7\u00e3o<\/a><\/span><\/span> da m\u00e1scara e do seu CPAP \u00e9 imprescind\u00edvel para n\u00e3o agravar ainda mais as causas de <strong>alergias<\/strong>. A higieniza\u00e7\u00e3o correta vai contribuir para prevenir as <strong>alergias<\/strong> e garantir noites de <strong>sono<\/strong> mais tranquilas.<\/p>\n<p style=\"text-align: justify;\">Conte com o <span style=\"text-decoration: underline;\"><span style=\"color: #0000ff;\"><a style=\"color: #0000ff; text-decoration: underline;\" title=\"CPAPS.com.br\" href=\"http:\/\/www.cpaps.com.br\/\" target=\"_blank\" rel=\"noopener\">CPAPS.com.br<\/a><\/span><\/span>, a loja mais completa de produtos para apneia do sono e terapia respirat\u00f3ria que ir\u00e1 te auxiliar a ter um sono saud\u00e1vel e livre de complica\u00e7\u00f5es al\u00e9rgicas.<\/p>\n\n\n<div class=\"kk-star-ratings kksr-auto kksr-align-center kksr-valign-bottom\"\n    data-payload='{&quot;align&quot;:&quot;center&quot;,&quot;id&quot;:&quot;1229&quot;,&quot;slug&quot;:&quot;default&quot;,&quot;valign&quot;:&quot;bottom&quot;,&quot;ignore&quot;:&quot;&quot;,&quot;reference&quot;:&quot;auto&quot;,&quot;class&quot;:&quot;&quot;,&quot;count&quot;:&quot;0&quot;,&quot;legendonly&quot;:&quot;&quot;,&quot;readonly&quot;:&quot;&quot;,&quot;score&quot;:&quot;0&quot;,&quot;starsonly&quot;:&quot;&quot;,&quot;best&quot;:&quot;5&quot;,&quot;gap&quot;:&quot;5&quot;,&quot;greet&quot;:&quot;Avalie este post&quot;,&quot;legend&quot;:&quot;0\\\/5 - (0 voto)&quot;,&quot;size&quot;:&quot;24&quot;,&quot;title&quot;:&quot;Semana Mundial da Alergia: saiba tudo sobre alergia respirat\u00f3ria&quot;,&quot;width&quot;:&quot;0&quot;,&quot;_legend&quot;:&quot;{score}\\\/{best} - ({count} {votes})&quot;,&quot;font_factor&quot;:&quot;1.25&quot;}'>\n            \n<div class=\"kksr-stars\">\n    \n<div class=\"kksr-stars-inactive\">\n            <div class=\"kksr-star\" data-star=\"1\" style=\"padding-right: 5px\">\n            \n\n<div class=\"kksr-icon\" style=\"width: 24px; height: 24px;\"><\/div>\n        <\/div>\n            <div class=\"kksr-star\" data-star=\"2\" style=\"padding-right: 5px\">\n            \n\n<div class=\"kksr-icon\" style=\"width: 24px; height: 24px;\"><\/div>\n        <\/div>\n            <div class=\"kksr-star\" data-star=\"3\" style=\"padding-right: 5px\">\n            \n\n<div class=\"kksr-icon\" style=\"width: 24px; height: 24px;\"><\/div>\n        <\/div>\n            <div class=\"kksr-star\" data-star=\"4\" style=\"padding-right: 5px\">\n            \n\n<div class=\"kksr-icon\" style=\"width: 24px; height: 24px;\"><\/div>\n        <\/div>\n            <div class=\"kksr-star\" data-star=\"5\" style=\"padding-right: 5px\">\n            \n\n<div class=\"kksr-icon\" style=\"width: 24px; height: 24px;\"><\/div>\n        <\/div>\n    <\/div>\n    \n<div class=\"kksr-stars-active\" style=\"width: 0px;\">\n            <div class=\"kksr-star\" style=\"padding-right: 5px\">\n            \n\n<div class=\"kksr-icon\" style=\"width: 24px; height: 24px;\"><\/div>\n        <\/div>\n            <div class=\"kksr-star\" style=\"padding-right: 5px\">\n            \n\n<div class=\"kksr-icon\" style=\"width: 24px; height: 24px;\"><\/div>\n        <\/div>\n            <div class=\"kksr-star\" style=\"padding-right: 5px\">\n            \n\n<div class=\"kksr-icon\" style=\"width: 24px; height: 24px;\"><\/div>\n        <\/div>\n            <div class=\"kksr-star\" style=\"padding-right: 5px\">\n            \n\n<div class=\"kksr-icon\" style=\"width: 24px; height: 24px;\"><\/div>\n        <\/div>\n            <div class=\"kksr-star\" style=\"padding-right: 5px\">\n            \n\n<div class=\"kksr-icon\" style=\"width: 24px; height: 24px;\"><\/div>\n        <\/div>\n    <\/div>\n<\/div>\n                \n\n<div class=\"kksr-legend\" style=\"font-size: 19.2px;\">\n            <span class=\"kksr-muted\">Avalie este post<\/span>\n    <\/div>\n    <\/div>\n","protected":false},"excerpt":{"rendered":"<p>As alergias respirat\u00f3rias s\u00e3o bastante comuns e costumam aumentar durante o outono e inverno, \u00e9poca em que o ar est\u00e1 mais seco e frio. Esta semana, de 04 a 10 de Abril, \u00e9 comemorada a Semana Mundial da Alergia e n\u00f3s, da CPAPS.com.br vamos te ajudar a entender as causas, sintomas e tratamentos. Voc\u00ea sabia [&hellip;]<\/p>\n","protected":false},"author":71,"featured_media":1230,"comment_status":"open","ping_status":"closed","sticky":false,"template":"","format":"standard","meta":{"_acf_changed":false,"_gspb_post_css":"","footnotes":"","rank_math_title":"","rank_math_description":"Tire as principais d\u00favidas relacionadas \u00e0 alergia respirat\u00f3ria e as formas de tratamento indicadas por especialistas.","rank_math_focus_keyword":"alergia respirat\u00f3ria","rank_math_canonical_url":"","rank_math_robots":null,"rank_math_advanced_robots":"","rank_math_facebook_title":"","rank_math_facebook_description":"","rank_math_facebook_image":"","rank_math_facebook_image_id":"","rank_math_twitter_title":"","rank_math_twitter_description":"","rank_math_twitter_image":"","rank_math_twitter_card_type":"","rank_math_schema_Article":"","rank_math_schema_FAQPage":"","rank_math_schema_HowTo":"","rank_math_rich_snippet":"","rank_math_primary_category":"","rank_math_seo_score":"","rank_math_internal_links_processed":"1"},"categories":[1629,1632],"tags":[316,315,318,8,30],"class_list":["post-1229","post","type-post","status-publish","format-standard","has-post-thumbnail","hentry","category-disturbios-do-sono","category-ronco-disturbios-do-sono","tag-alergia","tag-alergia-respiratoria","tag-alergista","tag-apneia","tag-cpap"],"blocksy_meta":{"styles_descriptor":{"styles":{"desktop":"","tablet":"","mobile":""},"google_fonts":[],"version":7}},"acf":[],"_links":{"self":[{"href":"https:\/\/www.cpaps.com.br\/mundo-do-sono\/wp-json\/wp\/v2\/posts\/1229","targetHints":{"allow":["GET"]}}],"collection":[{"href":"https:\/\/www.cpaps.com.br\/mundo-do-sono\/wp-json\/wp\/v2\/posts"}],"about":[{"href":"https:\/\/www.cpaps.com.br\/mundo-do-sono\/wp-json\/wp\/v2\/types\/post"}],"author":[{"embeddable":true,"href":"https:\/\/www.cpaps.com.br\/mundo-do-sono\/wp-json\/wp\/v2\/users\/71"}],"replies":[{"embeddable":true,"href":"https:\/\/www.cpaps.com.br\/mundo-do-sono\/wp-json\/wp\/v2\/comments?post=1229"}],"version-history":[{"count":1,"href":"https:\/\/www.cpaps.com.br\/mundo-do-sono\/wp-json\/wp\/v2\/posts\/1229\/revisions"}],"predecessor-version":[{"id":20425,"href":"https:\/\/www.cpaps.com.br\/mundo-do-sono\/wp-json\/wp\/v2\/posts\/1229\/revisions\/20425"}],"wp:featuredmedia":[{"embeddable":true,"href":"https:\/\/www.cpaps.com.br\/mundo-do-sono\/wp-json\/wp\/v2\/media\/1230"}],"wp:attachment":[{"href":"https:\/\/www.cpaps.com.br\/mundo-do-sono\/wp-json\/wp\/v2\/media?parent=1229"}],"wp:term":[{"taxonomy":"category","embeddable":true,"href":"https:\/\/www.cpaps.com.br\/mundo-do-sono\/wp-json\/wp\/v2\/categories?post=1229"},{"taxonomy":"post_tag","embeddable":true,"href":"https:\/\/www.cpaps.com.br\/mundo-do-sono\/wp-json\/wp\/v2\/tags?post=1229"}],"curies":[{"name":"wp","href":"https:\/\/api.w.org\/{rel}","templated":true}]}}