{"id":11153,"date":"2022-05-03T10:00:49","date_gmt":"2022-05-03T13:00:49","guid":{"rendered":"https:\/\/www.cpaps.com.br\/blog\/?p=11153"},"modified":"2026-06-18T21:30:24","modified_gmt":"2026-06-19T00:30:24","slug":"mascara-feminina","status":"publish","type":"post","link":"https:\/\/www.cpaps.com.br\/mundo-do-sono\/mascara-feminina\/","title":{"rendered":"M\u00e1scara feminina: como \u00e9 o tratamento da apneia em mulheres"},"content":{"rendered":"<p><span style=\"font-weight: 400;\">O tratamento de apneia do sono para mulheres \u00e9 um assunto que, para elas, ainda \u00e9 um tabu. Afinal, ainda que se use uma <\/span><b>m\u00e1scara feminina<\/b><span style=\"font-weight: 400;\">, s\u00e3o poucas as mulheres que assumem que enfrentam problemas com dist\u00farbios do sono. E, quando recorrem ao tratamento, acabam desistindo por vergonha, ou n\u00e3o conseguem conciliar o momento de dormir com a rotina de utilizar um CPAP ao lado do parceiro ou parceira.<\/span><\/p>\n<p><span style=\"font-weight: 400;\">Existe, ainda, um estigma de que somente os homens sofrem de apneia do sono. Na maioria dos casos, eles s\u00e3o os pacientes que precisam de aux\u00edlio m\u00e9dico, com o intuito de n\u00e3o transformar o ronco em uma bola de neve que ir\u00e1 agravar outros problemas de sa\u00fade no futuro (como a obesidade, a hipertens\u00e3o e a diabetes). No entanto, segundo levantamento realizado pela <\/span><a href=\"https:\/\/www.uol.com.br\/vivabem\/noticias\/redacao\/2019\/06\/22\/40-das-pessoas-que-roncam-sao-mulheres-e-problema-aumenta-apos-menopausa.htm\" target=\"_blank\" rel=\"noopener\"><span style=\"font-weight: 400;\">Universidade Federal de S\u00e3o Paulo (Unifesp)<\/span><\/a><span style=\"font-weight: 400;\">, quase 40% das pessoas diagnosticadas com apneia do sono s\u00e3o mulheres.<\/span><\/p>\n<p><span style=\"font-weight: 400;\">Por diferen\u00e7as anat\u00f4micas e algumas fun\u00e7\u00f5es hormonais, os homens acabam sendo mais acometidos pela apneia do sono do que as mulheres. O que n\u00e3o significa, \u00e9 claro, que elas devam negligenciar caso tamb\u00e9m sejam diagnosticadas com o problema. E, sim, procurar um especialista para o tratamento do problema.<\/span><\/p>\n<p><span style=\"font-weight: 400;\">Assim como ocorre com eles, mulheres que roncam devem procurar um especialista, como o otorrinolaringologista, para analisar a necessidade de uma <\/span><a href=\"https:\/\/www.cpaps.com.br\/blog\/polissonografia-basal\/\"><b>polissonografia basal<\/b><\/a><span style=\"font-weight: 400;\">.\u00a0 \u00c9 por meio desse exame, que analisa o grau de gravidade do ronco, que ser\u00e1, por fim, indicado o melhor tipo de tratamento para a apneia.<\/span><\/p><div id=\"cpaps-703023190\" class=\"cpaps-desktop-single-post-content cpaps-entity-placement\" style=\"margin-left: auto;margin-right: auto;text-align: center;\"><a data-no-instant=\"1\" href=\"https:\/\/www.cpaps.com.br\/mascaras?utm_source=blog&#038;utm_medium=banner&#038;utm_campaign=mascaras\" rel=\"noopener\" class=\"a2t-link\" target=\"_blank\" aria-label=\"Banner_desktop___Meio_de_pagina001\"><img loading=\"lazy\" decoding=\"async\" src=\"https:\/\/www.cpaps.com.br\/mundo-do-sono\/wp-content\/uploads\/2025\/03\/Banner_desktop___Meio_de_pagina001.webp\" alt=\"\"  srcset=\"https:\/\/www.cpaps.com.br\/mundo-do-sono\/wp-content\/uploads\/2025\/03\/Banner_desktop___Meio_de_pagina001.webp 1920w, https:\/\/www.cpaps.com.br\/mundo-do-sono\/wp-content\/uploads\/2025\/03\/Banner_desktop___Meio_de_pagina001-768x111.webp 768w, https:\/\/www.cpaps.com.br\/mundo-do-sono\/wp-content\/uploads\/2025\/03\/Banner_desktop___Meio_de_pagina001-1024x148.webp 1024w, https:\/\/www.cpaps.com.br\/mundo-do-sono\/wp-content\/uploads\/2025\/03\/Banner_desktop___Meio_de_pagina001-1536x222.webp 1536w\" sizes=\"(max-width: 1920px) 100vw, 1920px\" width=\"1920\" height=\"277\"   \/><\/a><\/div>\n<h2><b>Fatores que propiciam o desenvolvimento da apneia<\/b><\/h2>\n<p><span style=\"font-weight: 400;\">Para o diagn\u00f3stico correto da apneia, \u00e9 preciso saber que o problema pode ser desenvolvido a partir de diversos fatores. Contudo, isso n\u00e3o significa que quem est\u00e1 passando por estas fases da vida obrigatoriamente v\u00e3o desenvolver o dist\u00farbio &#8211; mas vale aten\u00e7\u00e3o. Abaixo, contamos melhor sobre fatores que propiciam o aparecimento da apneia. Confira!<\/span><\/p>\n<h3><span style=\"font-weight: 400;\">Chegada da menopausa<\/span><\/h3>\n<p><span style=\"font-weight: 400;\">Segundo especialistas, na fase da menopausa (um momento em que a mulher tem a carga hormonal alterada drasticamente), as musculaturas da garganta feminina come\u00e7am a relaxar mais. Com isso, a paciente fica mais suscet\u00edvel a desenvolver o ronco, uma vez que as vias a\u00e9reas tendem a ficar bloqueadas mais facilmente, impedindo a passagem de ar.<\/span><\/p>\n<h3><span style=\"font-weight: 400;\">Altera\u00e7\u00f5es no peso<\/span><\/h3>\n<p><span style=\"font-weight: 400;\">O ganho de peso, assim como ocorre com os pacientes masculinos, tamb\u00e9m pode acabar por desencadear a apneia do sono em mulheres. Por isso, o sedentarismo deve ser evitado ao m\u00e1ximo, aliado a uma dieta balanceada. Explicamos detalhadamente como manter o peso em dia pode te ajudar a roncar menos <\/span><a href=\"https:\/\/www.cpaps.com.br\/blog\/se-eu-perder-peso-vou-curar-minha-apneia\/\"><b>nesse post aqui<\/b><\/a><span style=\"font-weight: 400;\">.<\/span><\/p>\n<h3><span style=\"font-weight: 400;\">Faixa et\u00e1ria<\/span><\/h3>\n<p><span style=\"font-weight: 400;\">Atrelada aos dois fatores citados acima, a faixa et\u00e1ria tamb\u00e9m pode determinar uma maior probabilidade de resultar em epis\u00f3dios de apneia do sono. Com a idade mais avan\u00e7ada, os m\u00fasculos de todo o corpo n\u00e3o s\u00e3o mais t\u00e3o firmes quanto na juventude, assim como ocorrem as altera\u00e7\u00f5es hormonais naturais da idade (como o climat\u00e9rio e a pr\u00f3pria menopausa). A diminui\u00e7\u00e3o das atividades de rotina e o fato de ficarmos muito mais tempo em repouso quando ficamos mais velhos tamb\u00e9m s\u00e3o fatores influentes no diagn\u00f3stico do dist\u00farbio do sono. Por isso, \u00e9 mais prov\u00e1vel uma mulher na faixa dos 40 anos ter apneia do que uma de 20.<\/span><\/p>\n<figure id=\"attachment_13328\" aria-describedby=\"caption-attachment-13328\" style=\"width: 1000px\" class=\"wp-caption alignleft\"><img loading=\"lazy\" decoding=\"async\" class=\"wp-image-13328 size-full\" src=\"https:\/\/www.cpaps.com.br\/blog\/wp-content\/uploads\/2021\/04\/mascara-feminina-e-CPAP.jpg\" alt=\"CPAP\" width=\"1000\" height=\"666\" srcset=\"https:\/\/www.cpaps.com.br\/mundo-do-sono\/wp-content\/uploads\/2021\/04\/mascara-feminina-e-CPAP.jpg 1000w, https:\/\/www.cpaps.com.br\/mundo-do-sono\/wp-content\/uploads\/2021\/04\/mascara-feminina-e-CPAP-768x511.jpg 768w\" sizes=\"auto, (max-width: 1000px) 100vw, 1000px\" \/><figcaption id=\"caption-attachment-13328\" class=\"wp-caption-text\">O tratamento da apneia do sono se d\u00e1 por meio da utiliza\u00e7\u00e3o de um aparelho CPAP.<\/figcaption><\/figure>\n<h2><b>M\u00e1scara feminina para o tratamento da apneia<\/b><\/h2>\n<p><span style=\"font-weight: 400;\">Agora que voc\u00ea j\u00e1 compreendeu mais sobre a apneia do sono em mulheres e seus fatores de risco, precisamos conversar melhor sobre o tratamento e, claro, a m\u00e1scara feminina ideal para elas. O tratamento para o problema se d\u00e1, principalmente, por meio da utiliza\u00e7\u00e3o de um aparelho CPAP, que envia um fluxo de ar positivo para as vias a\u00e9reas da paciente, impedindo a obstru\u00e7\u00e3o durante a noite.<\/span><\/p>\n<p><span style=\"font-weight: 400;\">Contudo, o uso de um aparelho de press\u00e3o positiva cont\u00ednua nas vias a\u00e9reas (CPAP) pode ser um desafio para as pacientes \u201cde primeira viagem\u201d. Afinal, deve ser mudado todo o h\u00e1bito antes de dormir, al\u00e9m de incluir rituais de higieniza\u00e7\u00e3o a cada semana, conforme j\u00e1 explicamos <\/span><a href=\"https:\/\/www.cpaps.com.br\/blog\/como-manter-a-rotina-de-limpeza-no-tratamento-da-apneia-do-sono\/\"><b>por aqui<\/b><\/a><span style=\"font-weight: 400;\">.<\/span><\/p>\n<p><span style=\"font-weight: 400;\">Al\u00e9m da fase da adapta\u00e7\u00e3o, uma mulher que inicia o tratamento de apneia do sono deve ter em mente que, ao realiz\u00e1-lo, ela est\u00e1 prolongando o seu tempo de vida e ganhando mais tempo de qualidade. Ao dormir melhor, com ajuda do aparelho, o desempenho no trabalho aumenta (j\u00e1 que, por causar sonol\u00eancia, a apneia resulta na queda de produtividade), os n\u00edveis de estresse s\u00e3o diminu\u00eddos, e os relacionamentos tamb\u00e9m s\u00e3o menos desgastados.<\/span><\/p>\n<p><span style=\"font-weight: 400;\">E, para isso, a CPAPS oferece total suporte e acolhimento \u00e0s mulheres que enfrentam a apneia do sono, mostrando que n\u00e3o existe motivo algum para desistir do tratamento ou sequer n\u00e3o tent\u00e1-lo. Dessa forma, nosso time de especialistas fez uma sele\u00e7\u00e3o das melhores m\u00e1scaras desenvolvidas exclusivamente para mulheres, com todas as dicas para manter o tratamento delas em dia e infal\u00edvel.<\/span><\/p>\n<h3><span style=\"font-weight: 400;\">1. M\u00e1scara nasal AirFit N10 feminina &#8211; ResMed<\/span><\/h3>\n<figure style=\"width: 800px\" class=\"wp-caption aligncenter\"><a href=\"https:\/\/www.cpaps.com.br\/mascara-nasal-airfit-n10-feminina-resmed\" target=\"_blank\" rel=\"noopener\"><img loading=\"lazy\" decoding=\"async\" src=\"https:\/\/www.cpaps.com.br\/media\/catalog\/product\/cache\/1\/image\/0dc2d03fe217f8c83829496872af24a0\/m\/a\/mascara-nasal-airfit-n10-resmed_1.jpg\" alt=\"M\u00e1scara nasal AirFit N10 - ResMed\" width=\"800\" height=\"800\" \/><\/a><figcaption class=\"wp-caption-text\">Possui design minimalista e intuitivo, sendo a preferida das mulheres que iniciam o tratamento da apneia.<\/figcaption><\/figure>\n<p><span style=\"font-weight: 400;\">A m\u00e1scara nasal <\/span><a href=\"https:\/\/www.cpaps.com.br\/mascara-nasal-airfit-n10-feminina-resmed\"><b>AirFit N10<\/b><\/a><span style=\"font-weight: 400;\"> \u00e9 compacta e de alto desempenho. Ela conta com almofadas menores, criadas com base no tamanho do nariz e na anatomia do rosto feminino, garantindo uma adapta\u00e7\u00e3o mais r\u00e1pida. Somado a todos esses benef\u00edcios, essa m\u00e1scara tem uma estrutura exclusiva que fornece uma linha de vis\u00e3o livre. Enquanto isso, a almofada Spring Air se apoia no rosto, fornecendo selagem otimizada.<\/span><\/p>\n<h3><span style=\"font-weight: 400;\">2. M\u00e1scara nasal Swift FX Feminina &#8211; ResMed<\/span><\/h3>\n<figure style=\"width: 800px\" class=\"wp-caption aligncenter\"><a href=\"https:\/\/www.cpaps.com.br\/mascara-nasal-swift-fx-feminina-resmed\" target=\"_blank\" rel=\"noopener\"><img loading=\"lazy\" decoding=\"async\" src=\"https:\/\/www.cpaps.com.br\/media\/catalog\/product\/cache\/1\/image\/0dc2d03fe217f8c83829496872af24a0\/m\/a\/mascara_swift_fx_feminina_resmed_2_.jpg\" alt=\"M\u00e1scara nasal Swift FX - ResMed\" width=\"800\" height=\"800\" \/><\/a><figcaption class=\"wp-caption-text\">\u00c9 uma excelente escolha para quem busca uma m\u00e1scara discreta, elegante, pr\u00e1tica e confort\u00e1vel.<\/figcaption><\/figure>\n<p><span style=\"font-weight: 400;\">A <\/span><a href=\"https:\/\/www.cpaps.com.br\/mascara-nasal-swift-fx-feminina-resmed\"><b>m\u00e1scara feminina Swift FX<\/b><\/a><span style=\"font-weight: 400;\"> \u00e9 uma excelente escolha para a maioria das mulheres que buscam uma m\u00e1scara nasal mais discreta, elegante, pr\u00e1tica e confort\u00e1vel para o tratamento da apneia obstrutiva do sono. Essa m\u00e1scara de CPAP foi desenvolvida especialmente para se adaptar aos contornos do rosto femino, proporcionando uma terapia mais adaptada para elas.<\/span><\/p>\n<h3><span style=\"font-weight: 400;\">3. M\u00e1scara nasal Mirage FX feminina &#8211; ResMed<\/span><\/h3>\n<figure style=\"width: 800px\" class=\"wp-caption aligncenter\"><a href=\"https:\/\/www.cpaps.com.br\/mascara-nasal-mirage-fx-feminina-resmed\" target=\"_blank\" rel=\"noopener\"><img loading=\"lazy\" decoding=\"async\" src=\"https:\/\/www.cpaps.com.br\/media\/catalog\/product\/cache\/1\/image\/0dc2d03fe217f8c83829496872af24a0\/m\/a\/mascara-mirage-fx-feminina-resmed-03.jpg\" alt=\"M\u00e1scara nasal Mirage FX - ResMed\" width=\"800\" height=\"800\" \/><\/a><figcaption class=\"wp-caption-text\">M\u00e1scara nasal de silicone leve, silenciosa e muito discreta projetada especialmente para mulheres.<\/figcaption><\/figure>\n<p><span style=\"font-weight: 400;\">Mais uma op\u00e7\u00e3o muito indicada para o p\u00fablico feminino \u00e9 a <\/span><a href=\"https:\/\/www.cpaps.com.br\/mascara-nasal-mirage-fx-feminina-resmed\"><b>m\u00e1scara nasal Mirage FX<\/b><\/a><span style=\"font-weight: 400;\">, que se destaca por sua leveza e facilidade de limpar e utilizar. Al\u00e9m disso, essa m\u00e1scara conta com um suporte de testa alado, que \u00e9 projetado para se movimentar, o que ajuda a manter a m\u00e1scara mais segura durante a noite &#8211; evitando vazamentos enquanto h\u00e1 realiza\u00e7\u00e3o do tratamento.<\/span><\/p>\n<h3><span style=\"font-weight: 400;\">4. M\u00e1scara nasal AirFit N20 feminina &#8211; ResMed<\/span><\/h3>\n<figure style=\"width: 1000px\" class=\"wp-caption aligncenter\"><a href=\"https:\/\/www.cpaps.com.br\/mascara-nasal-airfit-n20-feminina-resmed\" target=\"_blank\" rel=\"noopener\"><img loading=\"lazy\" decoding=\"async\" src=\"https:\/\/www.cpaps.com.br\/media\/catalog\/product\/cache\/1\/image\/0dc2d03fe217f8c83829496872af24a0\/m\/a\/mascara-nasal-airfit-n20-feminina-resmed.jpg\" alt=\"M\u00e1scara nasal AirFit N20 - ResMed\" width=\"1000\" height=\"1000\" \/><\/a><figcaption class=\"wp-caption-text\">Combina eleg\u00e2ncia, conforto, efici\u00eancia e a arma\u00e7\u00e3o flex\u00edvel com revestimento interno.<\/figcaption><\/figure>\n<p><span style=\"font-weight: 400;\">A <\/span><a href=\"https:\/\/www.cpaps.com.br\/mascara-nasal-airfit-n20-feminina-resmed\"><b>m\u00e1scara nasal AirFit N20<\/b><\/a><span style=\"font-weight: 400;\"> tem um design diferenciado para proporcionar maior conforto e efici\u00eancia \u00e0s mulheres. Com a inclus\u00e3o da nova almofada InfinitySeal e arma\u00e7\u00e3o flex\u00edvel com revestimento interno, essa m\u00e1scara \u00e9 mais adapt\u00e1vel do que as demais uma vez que oferece mais liberdade de movimento e uma veda\u00e7\u00e3o mais segura.<\/span><\/p>\n<p><span style=\"font-weight: 400;\">Todo o silicone nessa m\u00e1scara foi pensado para ser mais confort\u00e1vel e impedir a forma\u00e7\u00e3o de marcas e irrita\u00e7\u00f5es na pele. Ela \u00e9 flex\u00edvel e suave: a veda\u00e7\u00e3o da m\u00e1scara \u00e9 garantida por presilhas especiais, que prendem a almofada internamente. Dessa forma, voc\u00ea n\u00e3o precisa se preocupar na posi\u00e7\u00e3o na hora de dormir! Ah, e um b\u00f4nus: os clipes magn\u00e9ticos da arma\u00e7\u00e3o da AirFit N20 funcionam como m\u00e1gica, se alinhando sozinhos rapidamente com uma excelente fixa\u00e7\u00e3o.<\/span><\/p>\n<h3><span style=\"font-weight: 400;\">5. M\u00e1scara facial AirFit F20 feminina &#8211; ResMed<\/span><\/h3>\n<figure style=\"width: 800px\" class=\"wp-caption aligncenter\"><a href=\"https:\/\/www.cpaps.com.br\/mascara-facial-airfit-f20-feminina-resmed\" target=\"_blank\" rel=\"noopener\"><img loading=\"lazy\" decoding=\"async\" src=\"https:\/\/www.cpaps.com.br\/media\/catalog\/product\/cache\/1\/image\/0dc2d03fe217f8c83829496872af24a0\/m\/a\/mascara-facial-airfit-f20-feminina-07.jpg\" alt=\"M\u00e1scara facial AirFit F20 - ResMed\" width=\"800\" height=\"800\" \/><\/a><figcaption class=\"wp-caption-text\">Para as que preferem m\u00e1scaras faciais, a AirFit F20 \u00e9 a solu\u00e7\u00e3o ideal, com design elegante e pr\u00e1tico.<\/figcaption><\/figure>\n<p><span style=\"font-weight: 400;\">Se voc\u00ea prefere m\u00e1scaras faciais ao inv\u00e9s de nasais, a <\/span><a href=\"https:\/\/www.cpaps.com.br\/mascara-facial-airfit-f20-feminina-resmed\"><b>AirFit F20<\/b><\/a><span style=\"font-weight: 400;\"> ser\u00e1 perfeita para voc\u00ea. Ela traz conforto e efici\u00eancia, tamb\u00e9m com as almofadas InfinitySeal, arma\u00e7\u00e3o e fixador especialmente desenvolvidos para o rosto feminino. A m\u00e1scara AirFit F20 possui revestimento interno, garantindo contato suave e evitando marca\u00e7\u00f5es na pele.<\/span><\/p>\n<p><span style=\"font-weight: 400;\">Projetada para proporcionar conforto, liberdade de movimentos e veda\u00e7\u00e3o segura durante a noite, ela possui design elegante, ainda que tenha a praticidade como sua maior qualidade. Com isso, foi feita com bordas viradas para dentro, presas com al\u00e7as especiais para manter a veda\u00e7\u00e3o da m\u00e1scara durante os movimentos na hora de dormir.<\/span><\/p>\n<h2><b>Encontre todos os produtos para o tratamento da apneia<\/b><\/h2>\n<p><span style=\"font-weight: 400;\">Al\u00e9m de encontrar a m\u00e1scara feminina perfeita, em nossa loja online voc\u00ea tamb\u00e9m tem acesso a todos os equipamentos e acess\u00f3rios certos para o seu tratamento da apneia do sono. L\u00e1 voc\u00ea encontra m\u00e1scaras, CPAPs, umidificadores, queixeiras, travesseiros anti ronco e diversos outros produtos voltados para o seu conforto e sa\u00fade. <\/span><a href=\"https:\/\/www.cpaps.com.br\/\"><b>Clique aqui e conhe\u00e7a nossa loja agora mesmo!<\/b><\/a><\/p>\n\n\n<div class=\"kk-star-ratings kksr-auto kksr-align-center kksr-valign-bottom\"\n    data-payload='{&quot;align&quot;:&quot;center&quot;,&quot;id&quot;:&quot;11153&quot;,&quot;slug&quot;:&quot;default&quot;,&quot;valign&quot;:&quot;bottom&quot;,&quot;ignore&quot;:&quot;&quot;,&quot;reference&quot;:&quot;auto&quot;,&quot;class&quot;:&quot;&quot;,&quot;count&quot;:&quot;0&quot;,&quot;legendonly&quot;:&quot;&quot;,&quot;readonly&quot;:&quot;&quot;,&quot;score&quot;:&quot;0&quot;,&quot;starsonly&quot;:&quot;&quot;,&quot;best&quot;:&quot;5&quot;,&quot;gap&quot;:&quot;5&quot;,&quot;greet&quot;:&quot;Avalie este post&quot;,&quot;legend&quot;:&quot;0\\\/5 - (0 voto)&quot;,&quot;size&quot;:&quot;24&quot;,&quot;title&quot;:&quot;M\u00e1scara feminina: como \u00e9 o tratamento da apneia em mulheres&quot;,&quot;width&quot;:&quot;0&quot;,&quot;_legend&quot;:&quot;{score}\\\/{best} - ({count} {votes})&quot;,&quot;font_factor&quot;:&quot;1.25&quot;}'>\n            \n<div class=\"kksr-stars\">\n    \n<div class=\"kksr-stars-inactive\">\n            <div class=\"kksr-star\" data-star=\"1\" style=\"padding-right: 5px\">\n            \n\n<div class=\"kksr-icon\" style=\"width: 24px; height: 24px;\"><\/div>\n        <\/div>\n            <div class=\"kksr-star\" data-star=\"2\" style=\"padding-right: 5px\">\n            \n\n<div class=\"kksr-icon\" style=\"width: 24px; height: 24px;\"><\/div>\n        <\/div>\n            <div class=\"kksr-star\" data-star=\"3\" style=\"padding-right: 5px\">\n            \n\n<div class=\"kksr-icon\" style=\"width: 24px; height: 24px;\"><\/div>\n        <\/div>\n            <div class=\"kksr-star\" data-star=\"4\" style=\"padding-right: 5px\">\n            \n\n<div class=\"kksr-icon\" style=\"width: 24px; height: 24px;\"><\/div>\n        <\/div>\n            <div class=\"kksr-star\" data-star=\"5\" style=\"padding-right: 5px\">\n            \n\n<div class=\"kksr-icon\" style=\"width: 24px; height: 24px;\"><\/div>\n        <\/div>\n    <\/div>\n    \n<div class=\"kksr-stars-active\" style=\"width: 0px;\">\n            <div class=\"kksr-star\" style=\"padding-right: 5px\">\n            \n\n<div class=\"kksr-icon\" style=\"width: 24px; height: 24px;\"><\/div>\n        <\/div>\n            <div class=\"kksr-star\" style=\"padding-right: 5px\">\n            \n\n<div class=\"kksr-icon\" style=\"width: 24px; height: 24px;\"><\/div>\n        <\/div>\n            <div class=\"kksr-star\" style=\"padding-right: 5px\">\n            \n\n<div class=\"kksr-icon\" style=\"width: 24px; height: 24px;\"><\/div>\n        <\/div>\n            <div class=\"kksr-star\" style=\"padding-right: 5px\">\n            \n\n<div class=\"kksr-icon\" style=\"width: 24px; height: 24px;\"><\/div>\n        <\/div>\n            <div class=\"kksr-star\" style=\"padding-right: 5px\">\n            \n\n<div class=\"kksr-icon\" style=\"width: 24px; height: 24px;\"><\/div>\n        <\/div>\n    <\/div>\n<\/div>\n                \n\n<div class=\"kksr-legend\" style=\"font-size: 19.2px;\">\n            <span class=\"kksr-muted\">Avalie este post<\/span>\n    <\/div>\n    <\/div>\n","protected":false},"excerpt":{"rendered":"<p>Com tecnologia moderna, a CPAPS oferece a m\u00e1scara feminina certa para o tratamento de apneia do sono de mulheres. Confira as melhores op\u00e7\u00f5es!<\/p>\n","protected":false},"author":70,"featured_media":13327,"comment_status":"open","ping_status":"closed","sticky":false,"template":"","format":"standard","meta":{"_acf_changed":false,"_gspb_post_css":"","footnotes":"","rank_math_title":"%title% %page%","rank_math_description":"Com tecnologia moderna, a CPAPS oferece a m\u00e1scara feminina certa para o tratamento de apneia do sono de mulheres. Confira as melhores op\u00e7\u00f5es!","rank_math_focus_keyword":"m\u00e1scara feminina","rank_math_canonical_url":"","rank_math_robots":null,"rank_math_advanced_robots":"","rank_math_facebook_title":"","rank_math_facebook_description":"","rank_math_facebook_image":"","rank_math_facebook_image_id":"","rank_math_twitter_title":"","rank_math_twitter_description":"","rank_math_twitter_image":"","rank_math_twitter_card_type":"","rank_math_schema_Article":"","rank_math_schema_FAQPage":"","rank_math_schema_HowTo":"","rank_math_rich_snippet":"","rank_math_primary_category":"2","rank_math_seo_score":"","rank_math_internal_links_processed":"1"},"categories":[1630,1629],"tags":[8,622],"class_list":["post-11153","post","type-post","status-publish","format-standard","has-post-thumbnail","hentry","category-apneia-do-sono-disturbios-do-sono","category-disturbios-do-sono","tag-apneia","tag-mascara-feminina"],"blocksy_meta":{"styles_descriptor":{"styles":{"desktop":"","tablet":"","mobile":""},"google_fonts":[],"version":7}},"acf":[],"_links":{"self":[{"href":"https:\/\/www.cpaps.com.br\/mundo-do-sono\/wp-json\/wp\/v2\/posts\/11153","targetHints":{"allow":["GET"]}}],"collection":[{"href":"https:\/\/www.cpaps.com.br\/mundo-do-sono\/wp-json\/wp\/v2\/posts"}],"about":[{"href":"https:\/\/www.cpaps.com.br\/mundo-do-sono\/wp-json\/wp\/v2\/types\/post"}],"author":[{"embeddable":true,"href":"https:\/\/www.cpaps.com.br\/mundo-do-sono\/wp-json\/wp\/v2\/users\/70"}],"replies":[{"embeddable":true,"href":"https:\/\/www.cpaps.com.br\/mundo-do-sono\/wp-json\/wp\/v2\/comments?post=11153"}],"version-history":[{"count":1,"href":"https:\/\/www.cpaps.com.br\/mundo-do-sono\/wp-json\/wp\/v2\/posts\/11153\/revisions"}],"predecessor-version":[{"id":19739,"href":"https:\/\/www.cpaps.com.br\/mundo-do-sono\/wp-json\/wp\/v2\/posts\/11153\/revisions\/19739"}],"wp:featuredmedia":[{"embeddable":true,"href":"https:\/\/www.cpaps.com.br\/mundo-do-sono\/wp-json\/wp\/v2\/media\/13327"}],"wp:attachment":[{"href":"https:\/\/www.cpaps.com.br\/mundo-do-sono\/wp-json\/wp\/v2\/media?parent=11153"}],"wp:term":[{"taxonomy":"category","embeddable":true,"href":"https:\/\/www.cpaps.com.br\/mundo-do-sono\/wp-json\/wp\/v2\/categories?post=11153"},{"taxonomy":"post_tag","embeddable":true,"href":"https:\/\/www.cpaps.com.br\/mundo-do-sono\/wp-json\/wp\/v2\/tags?post=11153"}],"curies":[{"name":"wp","href":"https:\/\/api.w.org\/{rel}","templated":true}]}}