{"id":110,"date":"2022-02-10T10:00:52","date_gmt":"2022-02-10T13:00:52","guid":{"rendered":"https:\/\/www.cpaps.com.br\/blog\/?p=110"},"modified":"2026-06-19T11:42:10","modified_gmt":"2026-06-19T14:42:10","slug":"se-eu-perder-peso-vou-curar-minha-apneia","status":"publish","type":"post","link":"https:\/\/www.cpaps.com.br\/mundo-do-sono\/se-eu-perder-peso-vou-curar-minha-apneia\/","title":{"rendered":"Perder peso vai ajudar no tratamento da apneia do sono?"},"content":{"rendered":"<p><span style=\"font-weight: 400;\">O <\/span><b>sobrepeso<\/b><span style=\"font-weight: 400;\"> \u00e9 um problema que atinge a diversas pessoas no Brasil e no mundo. Al\u00e9m disso, os quilos a mais podem acarretar no agravamento ou desencadeamento de diversas doen\u00e7as, como problemas card\u00edacos, hipertens\u00e3o, diabetes e at\u00e9 mesmo a <\/span><b>apneia do sono<\/b><span style=\"font-weight: 400;\">. Portanto, podemos entender que <\/span><b>perder peso<\/b><span style=\"font-weight: 400;\"> pode ser uma \u00f3tima forma de amenizar os sintomas do dist\u00farbio do sono. Mas como podemos fazer isso? Contamos isso neste blog!<\/span><\/p>\n<p><span style=\"font-weight: 400;\">Conforme afirmado pelo <\/span><a href=\"https:\/\/www.crefito8.gov.br\/pr\/index.php\/sala-de-imprensa\/noticias\/495-perda-de-peso-pode-ser-primeira-opcao-contra-apneia-do-sono#:~:text=Obesidade%20e%20apneia%20do%20sono,indiv%C3%ADduo%20repouse%20durante%20o%20sono.\" target=\"_blank\" rel=\"noopener\"><span style=\"font-weight: 400;\">Conselho Regional de Fisioterapia e Terapia Ocupacional (CREFITO)<\/span><\/a><span style=\"font-weight: 400;\">, a apneia do sono e a <\/span><a href=\"https:\/\/www.cpaps.com.br\/blog\/obesidade\/\"><b>obesidade<\/b><\/a><span style=\"font-weight: 400;\"> andam de m\u00e3os dadas. Assim como afirmado pela institui\u00e7\u00e3o, uma pesquisa vinda da Su\u00e9cia comprovou que, para o tratamento do dist\u00farbio do sono, perder peso pode ser a primeira op\u00e7\u00e3o a se colocar em pr\u00e1tica.<\/span><\/p>\n<p><span style=\"font-weight: 400;\">Al\u00e9m disso, segundo um <\/span><a href=\"https:\/\/www.atsjournals.org\/doi\/full\/10.1164\/rccm.201903-0692OC\" target=\"_blank\" rel=\"noopener\"><span style=\"font-weight: 400;\">estudo<\/span><\/a><span style=\"font-weight: 400;\"> recente, os pacientes obesos (IMC superior a 30) que tamb\u00e9m eram acometidos pela apneia do sono, ao perder 10% do seu peso corporal, demonstraram uma melhora na apneia. Ainda segundo a pesquisa, cerca de 31% da apneia dos volunt\u00e1rios melhorou, em m\u00e9dia. Os pesquisadores chegaram a conclus\u00e3o que a diminui\u00e7\u00e3o da gordura, principalmente na l\u00edngua, representa uma diminui\u00e7\u00e3o do risco e sintomas da apneia.<\/span><\/p>\n<p><span style=\"font-weight: 400;\">Portanto, como voc\u00ea p\u00f4de ver acima, manter um peso saud\u00e1vel vai ajudar na melhora dos seus sintomas da apneia do sono. Por isso, neste conte\u00fado trouxemos uma s\u00e9rie de informa\u00e7\u00f5es sobre o assunto e, claro, um compilado completo de dicas que v\u00e3o te ajudar a perder peso ainda este ano. Continue lendo e fique por dentro de tudo agora mesmo!<\/span><\/p><div id=\"cpaps-2029667199\" class=\"cpaps-desktop-single-post-content cpaps-entity-placement\" style=\"margin-left: auto;margin-right: auto;text-align: center;\"><a data-no-instant=\"1\" href=\"https:\/\/www.cpaps.com.br\/mascaras?utm_source=blog&#038;utm_medium=banner&#038;utm_campaign=mascaras\" rel=\"noopener\" class=\"a2t-link\" target=\"_blank\" aria-label=\"Banner_desktop___Meio_de_pagina001\"><img loading=\"lazy\" decoding=\"async\" src=\"https:\/\/www.cpaps.com.br\/mundo-do-sono\/wp-content\/uploads\/2025\/03\/Banner_desktop___Meio_de_pagina001.webp\" alt=\"\"  srcset=\"https:\/\/www.cpaps.com.br\/mundo-do-sono\/wp-content\/uploads\/2025\/03\/Banner_desktop___Meio_de_pagina001.webp 1920w, https:\/\/www.cpaps.com.br\/mundo-do-sono\/wp-content\/uploads\/2025\/03\/Banner_desktop___Meio_de_pagina001-768x111.webp 768w, https:\/\/www.cpaps.com.br\/mundo-do-sono\/wp-content\/uploads\/2025\/03\/Banner_desktop___Meio_de_pagina001-1024x148.webp 1024w, https:\/\/www.cpaps.com.br\/mundo-do-sono\/wp-content\/uploads\/2025\/03\/Banner_desktop___Meio_de_pagina001-1536x222.webp 1536w\" sizes=\"(max-width: 1920px) 100vw, 1920px\" width=\"1920\" height=\"277\"   \/><\/a><\/div>\n<h2><b>Obesidade, sobrepeso e apneia: entenda a rela\u00e7\u00e3o<\/b><\/h2>\n<p><span style=\"font-weight: 400;\">Segundo diversos especialistas em sono saud\u00e1vel e apneia obstrutiva do sono, a obesidade tamb\u00e9m pode ser um dos fatores que influenciam o dist\u00farbio do sono. Isso ocorre porque o excesso de gordura corporal fica acumulado ao redor dos \u00f3rg\u00e3os, como acontece na parede da traqueia e nos m\u00fasculos da l\u00edngua.\u00a0<\/span><\/p>\n<p><span style=\"font-weight: 400;\">Dessa forma, o sobrepeso e obesidade acabam favorecendo a obstru\u00e7\u00e3o das vias a\u00e9reas e causando a apneia do sono. \u201cO excesso de peso dificulta a respira\u00e7\u00e3o, principalmente durante o sono. Esse estreitamento das vias a\u00e9reas favorece o ronco e, consequentemente, a apneia do sono\u201d, relata Eduardo Partata, fisioterapeuta da CPAPS.<\/span><\/p>\n<p><span style=\"font-weight: 400;\">Por outro lado, a apneia do sono tamb\u00e9m \u00e9 um fator que contribui para o desenvolvimento da obesidade. Isso se deve a um fato: durante o sono, o nosso corpo libera horm\u00f4nios que contribuem para a sensa\u00e7\u00e3o de saciedade. Outro ponto importante a se observar \u00e9 que quem possui apneia do sono acaba ficando mais indisposto, inclusive para realizar atividades f\u00edsicas.<\/span><\/p>\n<p><b>Leia tamb\u00e9m:<\/b><\/p>\n<p><b>+ <\/b><a href=\"https:\/\/www.cpaps.com.br\/blog\/obesidade\/\"><b>Voc\u00ea sabia que a obesidade pode causar o ronco? Entenda!<\/b><\/a><\/p>\n<p><b>+ <\/b><a href=\"https:\/\/www.cpaps.com.br\/blog\/cirurgia-bariatrica\/\"><b>A cirurgia bari\u00e1trica pode melhorar a apneia do sono?<\/b><\/a><\/p>\n<p><b>+ <\/b><a href=\"https:\/\/www.cpaps.com.br\/blog\/saude-respiratoria\/\"><b>10 dicas para renovar sua sa\u00fade respirat\u00f3ria ainda este ano<\/b><\/a><\/p>\n<p><span style=\"font-weight: 400;\">Al\u00e9m disso, conforme um artigo divulgado pela <\/span><a href=\"http:\/\/www.onlineijcs.org\/english\/sumario\/27\/pdf\/v27n2a02.pdf\" target=\"_blank\" rel=\"noopener\"><span style=\"font-weight: 400;\">Revista Brasileira de Cardiologia<\/span><\/a><span style=\"font-weight: 400;\">, foi comprovada a rela\u00e7\u00e3o entre a obesidade\/sobrepeso e a apneia do sono. Segundo os pesquisadores, dentre um grupo acometido por apneia do sono grave, cerca de 92% das pessoas que demonstravam sinais do dist\u00farbio do sono eram obesas. Ainda conforme o afirmado neste artigo, em casos onde h\u00e1 um aumento de 10% da massa corporal, h\u00e1 tamb\u00e9m um aumento significativo da gravidade da apneia, totalizando 32% de aumento de risco.<\/span><\/p>\n<h3><span style=\"font-weight: 400;\">Confira a diferen\u00e7a entre sobrepeso e obesidade<\/span><\/h3>\n<p><span style=\"font-weight: 400;\">Segundo informa\u00e7\u00f5es divulgadas no <\/span><a href=\"https:\/\/www.gov.br\/pt-br\/noticias\/saude-e-vigilancia-sanitaria\/2020\/10\/pesquisa-do-ibge-mostra-aumento-da-obesidade-entre-adultos\" target=\"_blank\" rel=\"noopener\"><span style=\"font-weight: 400;\">site oficial do Governo do Brasil<\/span><\/a><span style=\"font-weight: 400;\">, o excesso de peso se caracteriza por um \u00edndice de massa corporal (IMC) superior a 25. Contudo, em casos onde o IMC de uma pessoa se torna maior que 30, o problema \u00e9 caracterizado como obesidade. Para o c\u00e1lculo do \u00edndice de massa corporal o quilograma \u00e9 dividido pelo quadrado da altura em metros, ou seja, se voc\u00ea pesa 80kg e mede 1,70m o c\u00e1lculo ser\u00e1: 80\u00f71,7\u00d71,7.<\/span><\/p>\n<figure id=\"attachment_12965\" aria-describedby=\"caption-attachment-12965\" style=\"width: 1000px\" class=\"wp-caption aligncenter\"><img loading=\"lazy\" decoding=\"async\" class=\"size-full wp-image-12965\" src=\"https:\/\/www.cpaps.com.br\/blog\/wp-content\/uploads\/2014\/07\/sobrepeso-e-obesidade.jpg\" alt=\"sobrepeso e obesidade\" width=\"1000\" height=\"667\" srcset=\"https:\/\/www.cpaps.com.br\/mundo-do-sono\/wp-content\/uploads\/2014\/07\/sobrepeso-e-obesidade.jpg 1000w, https:\/\/www.cpaps.com.br\/mundo-do-sono\/wp-content\/uploads\/2014\/07\/sobrepeso-e-obesidade-768x512.jpg 768w\" sizes=\"auto, (max-width: 1000px) 100vw, 1000px\" \/><figcaption id=\"caption-attachment-12965\" class=\"wp-caption-text\">Perder peso pode ser uma forma de amenizar ou acabar com os sintomas da apneia do sono.<\/figcaption><\/figure>\n<h2><b>5 dicas de como perder peso ai<\/b><b>nda este ano<\/b><\/h2>\n<p><span style=\"font-weight: 400;\">Como pudemos ver neste conte\u00fado, o controle do peso pode ser um fator crucial na sua terapia respirat\u00f3ria contra a <\/span><a href=\"https:\/\/www.cpaps.com.br\/blog\/apneia-do-sono-tem-cura\/\"><b>apneia do sono<\/b><\/a><span style=\"font-weight: 400;\">. Em pacientes obesos, o excesso de gordura corporal fica acumulado nos \u00f3rg\u00e3os, como os m\u00fasculos da l\u00edngua e da parede a traqueia. Assim, o canal de passagem de ar da garganta fica menor e dificulta a respira\u00e7\u00e3o, principalmente no sono. Para ajudar nisso, perder peso pode ser uma boa medida. Para isso, temos 5 dicas cruciais:<\/span><\/p>\n<ol>\n<li style=\"font-weight: 400;\" aria-level=\"1\"><span style=\"font-weight: 400;\">Controle sua alimenta\u00e7\u00e3o, ingerindo mais frutas, legumes e verduras diariamente e evitando alimentos industrializados;<\/span><\/li>\n<li style=\"font-weight: 400;\" aria-level=\"1\"><span style=\"font-weight: 400;\">Evite adicionar muita massa \u00e0s suas refei\u00e7\u00f5es;<\/span><\/li>\n<li style=\"font-weight: 400;\" aria-level=\"1\"><span style=\"font-weight: 400;\">Pratique exerc\u00edcios f\u00edsicos regularmente, como corrida, nata\u00e7\u00e3o e muscula\u00e7\u00e3o;<\/span><\/li>\n<li style=\"font-weight: 400;\" aria-level=\"1\"><span style=\"font-weight: 400;\">Procure comer e dormir em hor\u00e1rios regulares;<\/span><\/li>\n<li style=\"font-weight: 400;\" aria-level=\"1\"><span style=\"font-weight: 400;\">Sempre busque preparar as suas refei\u00e7\u00f5es, assim fica mais f\u00e1cil saber tudo aquilo que est\u00e1 comendo.<\/span><\/li>\n<\/ol>\n<p><span style=\"font-weight: 400;\">Contudo, embora tenhamos trazido algumas dicas para voc\u00ea, vale ressaltar que \u00e9 indispens\u00e1vel que voc\u00ea busque acompanhamento profissional antes de ingressar em uma nova rotina alimentar ou de exerc\u00edcios f\u00edsicos. Al\u00e9m disso, vale se atentar \u00e0s dietas malucas na internet, nada de ficar seguindo essas tend\u00eancias &#8211; isso faz mais mal do que bem. O certo mesmo \u00e9 ouvir o seu m\u00e9dico ou nutricionista.<\/span><\/p>\n<h2><b>Conhe\u00e7a o tratamento da apneia do sono<\/b><\/h2>\n<p><span style=\"font-weight: 400;\">A apneia do sono \u00e9 um dist\u00farbio respirat\u00f3rio que se manifesta enquanto dormimos. Ela se caracteriza por interrup\u00e7\u00f5es respirat\u00f3rias noturnas ou uma respira\u00e7\u00e3o superficial. Dentre os principais sintomas do problema, o que mais tem destaque \u00e9 o ronco, afinal, tende a incomodar aqueles ao seu redor. Contudo, o problema tamb\u00e9m causa fadiga, sono durante o dia, estresse, dor de cabe\u00e7a matinal e diversos outros sintomas que impactam muito a sua vida.<\/span><\/p>\n<figure style=\"width: 1440px\" class=\"wp-caption aligncenter\"><a href=\"https:\/\/www.cpaps.com.br\/cpap-xt-i-apex-medical\" target=\"_blank\" rel=\"noopener\"><img loading=\"lazy\" decoding=\"async\" src=\"https:\/\/www.cpaps.com.br\/media\/catalog\/product\/cache\/1\/image\/0dc2d03fe217f8c83829496872af24a0\/c\/p\/cpap-apex3-min.jpg\" alt=\"Perder peso ajuda a tratar a apneia\" width=\"1440\" height=\"716\" \/><\/a><figcaption class=\"wp-caption-text\">O aparelho CPAP \u00e9 a principal ferramenta para o tratamento contra a apneia do sono.<\/figcaption><\/figure>\n<p><span style=\"font-weight: 400;\">Para o tratamento do dist\u00farbio, geralmente o mais indicado \u00e9 a terapia com um aparelho CPAP. Este equipamento atua enviando um fluxo de ar positivo para as vias a\u00e9reas, impedindo que elas sejam restringidas e, assim, evitando as paradas respirat\u00f3rias. Vale ressaltar, ainda, que o ar \u00e9 enviado pelo tubo e m\u00e1scara, e v\u00e1rios outros equipamentos s\u00e3o indispens\u00e1veis para o tratamento do problema. Confira as indica\u00e7\u00f5es de aparelhos que trouxemos para voc\u00ea, basta clicar no nome do produto para conhec\u00ea-los em nosso site:<\/span><\/p>\n<ul>\n<li aria-level=\"1\"><b>CPAPs:<\/b> <a href=\"https:\/\/www.cpaps.com.br\/cpap-xt-i-apex-medical\"><b>CPAP XT Fit &#8211; Apex Medical<\/b><\/a><span style=\"font-weight: 400;\"> e <\/span><a href=\"https:\/\/www.cpaps.com.br\/cpaps-e-bipap\/cpap-s10-airsense-resmed\"><b>CPAP AirSense 10 com Umidificador &#8211; ResMed<\/b><\/a><\/li>\n<\/ul>\n<ul>\n<li aria-level=\"1\"><b>M\u00e1scaras: <\/b><a href=\"https:\/\/www.cpaps.com.br\/mascara-nasal-pico-philips-respironics\"><b>M\u00e1scara nasal Pico &#8211; Philips Respironics<\/b><\/a><span style=\"font-weight: 400;\"> e <\/span><a href=\"https:\/\/www.cpaps.com.br\/mascara-facial-airfit-f20-resmed\"><b>M\u00e1scara Facial AirFit F20 &#8211; ResMed<\/b><\/a><\/li>\n<\/ul>\n<ul>\n<li aria-level=\"1\"><b>Umidificador: <\/b><a href=\"https:\/\/www.cpaps.com.br\/acessorios\/umidificadores\/umidificador-aquecido-dreamstation-philips-respironics\"><b>Umidificador DreamStation &#8211; Philips Respironics<\/b><\/a><span style=\"font-weight: 400;\"> e <\/span><a href=\"https:\/\/www.cpaps.com.br\/acessorios\/umidificadores\/umidificador-aquecido-ecostar-sefam\"><b>Umidificador Aquecido EcoStar &#8211; Sefam<\/b><\/a><\/li>\n<\/ul>\n<p><span style=\"font-weight: 400;\">Quer ficar por dentro de mais temas relacionados \u00e0 sa\u00fade do sono, qualidade de vida e bem-estar? Continue acompanhando o nosso <\/span><a href=\"https:\/\/www.cpaps.com.br\/blog\/\"><b>Blog<\/b><\/a><span style=\"font-weight: 400;\"> e descubra como ter boas noites de sono! Conhe\u00e7a tamb\u00e9m a nossa <\/span><a href=\"https:\/\/www.cpaps.com.br\/\"><b>loja online<\/b><\/a><span style=\"font-weight: 400;\"> e encontre as melhores op\u00e7\u00f5es para o tratamento da apneia do sono. L\u00e1 voc\u00ea encontra todos os equipamentos necess\u00e1rios para come\u00e7ar sua terapia ainda este ano.<\/span><\/p>\n\n\n<div class=\"kk-star-ratings kksr-auto kksr-align-center kksr-valign-bottom\"\n    data-payload='{&quot;align&quot;:&quot;center&quot;,&quot;id&quot;:&quot;110&quot;,&quot;slug&quot;:&quot;default&quot;,&quot;valign&quot;:&quot;bottom&quot;,&quot;ignore&quot;:&quot;&quot;,&quot;reference&quot;:&quot;auto&quot;,&quot;class&quot;:&quot;&quot;,&quot;count&quot;:&quot;0&quot;,&quot;legendonly&quot;:&quot;&quot;,&quot;readonly&quot;:&quot;&quot;,&quot;score&quot;:&quot;0&quot;,&quot;starsonly&quot;:&quot;&quot;,&quot;best&quot;:&quot;5&quot;,&quot;gap&quot;:&quot;5&quot;,&quot;greet&quot;:&quot;Avalie este post&quot;,&quot;legend&quot;:&quot;0\\\/5 - (0 voto)&quot;,&quot;size&quot;:&quot;24&quot;,&quot;title&quot;:&quot;Perder peso vai ajudar no tratamento da apneia do sono?&quot;,&quot;width&quot;:&quot;0&quot;,&quot;_legend&quot;:&quot;{score}\\\/{best} - ({count} {votes})&quot;,&quot;font_factor&quot;:&quot;1.25&quot;}'>\n            \n<div class=\"kksr-stars\">\n    \n<div class=\"kksr-stars-inactive\">\n            <div class=\"kksr-star\" data-star=\"1\" style=\"padding-right: 5px\">\n            \n\n<div class=\"kksr-icon\" style=\"width: 24px; height: 24px;\"><\/div>\n        <\/div>\n            <div class=\"kksr-star\" data-star=\"2\" style=\"padding-right: 5px\">\n            \n\n<div class=\"kksr-icon\" style=\"width: 24px; height: 24px;\"><\/div>\n        <\/div>\n            <div class=\"kksr-star\" data-star=\"3\" style=\"padding-right: 5px\">\n            \n\n<div class=\"kksr-icon\" style=\"width: 24px; height: 24px;\"><\/div>\n        <\/div>\n            <div class=\"kksr-star\" data-star=\"4\" style=\"padding-right: 5px\">\n            \n\n<div class=\"kksr-icon\" style=\"width: 24px; height: 24px;\"><\/div>\n        <\/div>\n            <div class=\"kksr-star\" data-star=\"5\" style=\"padding-right: 5px\">\n            \n\n<div class=\"kksr-icon\" style=\"width: 24px; height: 24px;\"><\/div>\n        <\/div>\n    <\/div>\n    \n<div class=\"kksr-stars-active\" style=\"width: 0px;\">\n            <div class=\"kksr-star\" style=\"padding-right: 5px\">\n            \n\n<div class=\"kksr-icon\" style=\"width: 24px; height: 24px;\"><\/div>\n        <\/div>\n            <div class=\"kksr-star\" style=\"padding-right: 5px\">\n            \n\n<div class=\"kksr-icon\" style=\"width: 24px; height: 24px;\"><\/div>\n        <\/div>\n            <div class=\"kksr-star\" style=\"padding-right: 5px\">\n            \n\n<div class=\"kksr-icon\" style=\"width: 24px; height: 24px;\"><\/div>\n        <\/div>\n            <div class=\"kksr-star\" style=\"padding-right: 5px\">\n            \n\n<div class=\"kksr-icon\" style=\"width: 24px; height: 24px;\"><\/div>\n        <\/div>\n            <div class=\"kksr-star\" style=\"padding-right: 5px\">\n            \n\n<div class=\"kksr-icon\" style=\"width: 24px; height: 24px;\"><\/div>\n        <\/div>\n    <\/div>\n<\/div>\n                \n\n<div class=\"kksr-legend\" style=\"font-size: 19.2px;\">\n            <span class=\"kksr-muted\">Avalie este post<\/span>\n    <\/div>\n    <\/div>\n","protected":false},"excerpt":{"rendered":"<p>Sabia que perder peso pode te ajudar a tratar a apneia do sono? Neste conte\u00fado, explicamos tudo sobre o assunto. Confira agora mesmo!<\/p>\n","protected":false},"author":69,"featured_media":12964,"comment_status":"open","ping_status":"open","sticky":false,"template":"","format":"standard","meta":{"_acf_changed":false,"_gspb_post_css":"","footnotes":"","rank_math_title":"Perder peso vai ajudar no tratamento da apneia do sono? - Blog CPAPS","rank_math_description":"Sabia que perder peso pode te ajudar a tratar a apneia do sono? Neste conte\u00fado, explicamos tudo sobre o assunto. Confira agora mesmo!","rank_math_focus_keyword":"perder peso","rank_math_canonical_url":"","rank_math_robots":null,"rank_math_advanced_robots":"","rank_math_facebook_title":"","rank_math_facebook_description":"","rank_math_facebook_image":"","rank_math_facebook_image_id":"","rank_math_twitter_title":"","rank_math_twitter_description":"","rank_math_twitter_image":"","rank_math_twitter_card_type":"","rank_math_schema_Article":"","rank_math_schema_FAQPage":"","rank_math_schema_HowTo":"","rank_math_rich_snippet":"","rank_math_primary_category":"","rank_math_seo_score":"79","rank_math_internal_links_processed":"1"},"categories":[1629,1631],"tags":[8],"class_list":["post-110","post","type-post","status-publish","format-standard","has-post-thumbnail","hentry","category-disturbios-do-sono","category-insonia","tag-apneia"],"blocksy_meta":{"styles_descriptor":{"styles":{"desktop":"","tablet":"","mobile":""},"google_fonts":[],"version":7}},"acf":[],"_links":{"self":[{"href":"https:\/\/www.cpaps.com.br\/mundo-do-sono\/wp-json\/wp\/v2\/posts\/110","targetHints":{"allow":["GET"]}}],"collection":[{"href":"https:\/\/www.cpaps.com.br\/mundo-do-sono\/wp-json\/wp\/v2\/posts"}],"about":[{"href":"https:\/\/www.cpaps.com.br\/mundo-do-sono\/wp-json\/wp\/v2\/types\/post"}],"author":[{"embeddable":true,"href":"https:\/\/www.cpaps.com.br\/mundo-do-sono\/wp-json\/wp\/v2\/users\/69"}],"replies":[{"embeddable":true,"href":"https:\/\/www.cpaps.com.br\/mundo-do-sono\/wp-json\/wp\/v2\/comments?post=110"}],"version-history":[{"count":1,"href":"https:\/\/www.cpaps.com.br\/mundo-do-sono\/wp-json\/wp\/v2\/posts\/110\/revisions"}],"predecessor-version":[{"id":20139,"href":"https:\/\/www.cpaps.com.br\/mundo-do-sono\/wp-json\/wp\/v2\/posts\/110\/revisions\/20139"}],"wp:featuredmedia":[{"embeddable":true,"href":"https:\/\/www.cpaps.com.br\/mundo-do-sono\/wp-json\/wp\/v2\/media\/12964"}],"wp:attachment":[{"href":"https:\/\/www.cpaps.com.br\/mundo-do-sono\/wp-json\/wp\/v2\/media?parent=110"}],"wp:term":[{"taxonomy":"category","embeddable":true,"href":"https:\/\/www.cpaps.com.br\/mundo-do-sono\/wp-json\/wp\/v2\/categories?post=110"},{"taxonomy":"post_tag","embeddable":true,"href":"https:\/\/www.cpaps.com.br\/mundo-do-sono\/wp-json\/wp\/v2\/tags?post=110"}],"curies":[{"name":"wp","href":"https:\/\/api.w.org\/{rel}","templated":true}]}}