{"id":10908,"date":"2022-04-11T10:30:16","date_gmt":"2022-04-11T13:30:16","guid":{"rendered":"https:\/\/www.cpaps.com.br\/blog\/?p=10908"},"modified":"2026-06-19T01:25:53","modified_gmt":"2026-06-19T04:25:53","slug":"eficacia-da-vacina","status":"publish","type":"post","link":"https:\/\/www.cpaps.com.br\/mundo-do-sono\/eficacia-da-vacina\/","title":{"rendered":"Efic\u00e1cia da vacina: como a qualidade do sono influencia"},"content":{"rendered":"<p><span style=\"font-weight: 400;\">Com a chegada da vacina contra a Covid-19 e contra, que aos poucos caminha para um poss\u00edvel fim da pandemia num futuro pr\u00f3ximo, um assunto veio \u00e0 tona nas redes sociais e ve\u00edculos de comunica\u00e7\u00e3o: a porcentagem de <\/span><b>efic\u00e1cia da vacina<\/b><span style=\"font-weight: 400;\">. Esse \u00e9 um tema que pode confundir algumas pessoas, uma vez que diferentes vacinas representam diferentes riscos e n\u00edveis de prote\u00e7\u00e3o. E, com isso, surge uma d\u00favida: o que determina a <\/span><b>efic\u00e1cia das vacinas<\/b><span style=\"font-weight: 400;\">? Existem formas de aumentar esse n\u00edvel? E como se preparar para tomar uma vacina?<\/span><\/p>\n<p><span style=\"font-weight: 400;\">\u00c9 importante destacar que, se existe vacina, \u00e9 essencial que voc\u00ea esteja com a sua carteira de vacina\u00e7\u00e3o em dia para evitar a propaga\u00e7\u00e3o de doen\u00e7as e garantir a prote\u00e7\u00e3o n\u00e3o somente sua, mas tamb\u00e9m de seus familiares e da sua comunidade. Entenda um pouco mais sobre a efic\u00e1cia da vacina que j\u00e1 existem no mundo, e o que os estudos dizem sobre como dormir pode aumentar a resposta imunol\u00f3gica.<\/span><\/p>\n<h2><b>O papel do sono na resposta imunol\u00f3gica<\/b><\/h2>\n<p><span style=\"font-weight: 400;\">Dormir \u00e9 uma etapa fundamental do dia para a maioria dos seres vivos. Afinal, \u00e9 no momento do descanso em que o corpo se recupera das a\u00e7\u00f5es sofridas durante o dia, al\u00e9m de se preparar para o dia seguinte. Segundo especialistas, dormir pouco (ou mal) aumenta a libera\u00e7\u00e3o de cortisol, horm\u00f4nio respons\u00e1vel pelo estresse. Com isso, a subst\u00e2ncia diminui a defesa imunol\u00f3gica do organismo, deixando a pessoa mais vulner\u00e1vel a desenvolver infec\u00e7\u00f5es, dentre outros problemas de sa\u00fade.<\/span><\/p>\n<p><span style=\"font-weight: 400;\">Em uma <\/span><a href=\"https:\/\/saude.abril.com.br\/medicina\/qual-o-papel-do-sono-na-imunidade\/\" target=\"_blank\" rel=\"noopener\"><span style=\"font-weight: 400;\">pesquisa realizada pela Universidade da Calif\u00f3rnia<\/span><\/a><span style=\"font-weight: 400;\">, nos Estados Unidos, foi constatado que pessoas que dormem menos de cinco horas por dia possuem\u00a0 risco de at\u00e9 4.5 vezes maior de contrair resfriados. Por conta disso, a recomenda\u00e7\u00e3o m\u00e9dica \u00e9 repousar entre 7 e 8 horas por noite, dada a import\u00e2ncia de uma noite de sono completa para a imunidade.<\/span><\/p><div id=\"cpaps-1290008065\" class=\"cpaps-desktop-single-post-content cpaps-entity-placement\" style=\"margin-left: auto;margin-right: auto;text-align: center;\"><a data-no-instant=\"1\" href=\"https:\/\/www.cpaps.com.br\/mascaras?utm_source=blog&#038;utm_medium=banner&#038;utm_campaign=mascaras\" rel=\"noopener\" class=\"a2t-link\" target=\"_blank\" aria-label=\"Banner_desktop___Meio_de_pagina001\"><img loading=\"lazy\" decoding=\"async\" src=\"https:\/\/www.cpaps.com.br\/mundo-do-sono\/wp-content\/uploads\/2025\/03\/Banner_desktop___Meio_de_pagina001.webp\" alt=\"\"  srcset=\"https:\/\/www.cpaps.com.br\/mundo-do-sono\/wp-content\/uploads\/2025\/03\/Banner_desktop___Meio_de_pagina001.webp 1920w, https:\/\/www.cpaps.com.br\/mundo-do-sono\/wp-content\/uploads\/2025\/03\/Banner_desktop___Meio_de_pagina001-768x111.webp 768w, https:\/\/www.cpaps.com.br\/mundo-do-sono\/wp-content\/uploads\/2025\/03\/Banner_desktop___Meio_de_pagina001-1024x148.webp 1024w, https:\/\/www.cpaps.com.br\/mundo-do-sono\/wp-content\/uploads\/2025\/03\/Banner_desktop___Meio_de_pagina001-1536x222.webp 1536w\" sizes=\"(max-width: 1920px) 100vw, 1920px\" width=\"1920\" height=\"277\"   \/><\/a><\/div>\n<h2><b>Entenda os impactos do sono na efic\u00e1cia da vacina<\/b><\/h2>\n<p><span style=\"font-weight: 400;\">Um estudo realizado pelo <\/span><a href=\"https:\/\/institutodosono.com\/\" target=\"_blank\" rel=\"noopener\"><span style=\"font-weight: 400;\">Instituto do Sono<\/span><\/a><span style=\"font-weight: 400;\"> apontou que a priva\u00e7\u00e3o do sono (ou seja, deixar de dormir) reduz pela metade a produ\u00e7\u00e3o de anticorpos em pessoas que tomaram a vacina contra a hepatite A.<\/span><\/p>\n<p><span style=\"font-weight: 400;\">A <\/span><a href=\"http:\/\/www.fiocruz.br\/biosseguranca\/Bis\/infantil\/guiadosono.htm\" target=\"_blank\" rel=\"noopener\"><span style=\"font-weight: 400;\">Funda\u00e7\u00e3o Oswaldo Cruz (Fiocruz)<\/span><\/a><span style=\"font-weight: 400;\"> explica que uma noite mal dormida causa o efeito de uma leve embriaguez. Com isso, prejudica a coordena\u00e7\u00e3o motora e a capacidade de racioc\u00ednio. No entanto, para conseguir usufruir de todos os benef\u00edcios do sono, e manter tudo em dia no organismo, \u00e9 necess\u00e1rio passar por todos os est\u00e1gios do sono:<\/span><\/p>\n<ul>\n<li style=\"font-weight: 400;\" aria-level=\"1\"><b>Est\u00e1gio 1:<\/b><span style=\"font-weight: 400;\"> A fase do adormecimento, que pode durar at\u00e9 15 minutos. O c\u00e9rebro produz ondas irregulares e r\u00e1pidas, a tens\u00e3o muscular \u00e9 diminu\u00edda e a respira\u00e7\u00e3o fica mais leve;<\/span><\/li>\n<li style=\"font-weight: 400;\" aria-level=\"1\"><b>Est\u00e1gio 2:<\/b><span style=\"font-weight: 400;\"> \u00c9 o momento do sono leve, quando a temperatura do corpo e o ritmo card\u00edaco e respirat\u00f3rio diminuem;<\/span><\/li>\n<li style=\"font-weight: 400;\" aria-level=\"1\"><b>Est\u00e1gio 3:<\/b><span style=\"font-weight: 400;\"> Quando o corpo entra em um sono mais profundo, e as ondas cerebrais diminuem o ritmo;<\/span><\/li>\n<li style=\"font-weight: 400;\" aria-level=\"1\"><b>Est\u00e1gio 4:<\/b><span style=\"font-weight: 400;\"> O sono mais profundo, quando o corpo rep\u00f5e energias do desgaste di\u00e1rio. E \u00e9 a partir desse momento que organismo libera horm\u00f4nios ligados ao crescimento e de recupera\u00e7\u00e3o de c\u00e9lulas e \u00f3rg\u00e3os;<\/span><\/li>\n<li style=\"font-weight: 400;\" aria-level=\"1\"><b>Est\u00e1gio 5:<\/b><span style=\"font-weight: 400;\"> Quando a atividade cerebral come\u00e7a a acelerar e inicia a forma\u00e7\u00e3o de sonhos, conhecido como Rapid Eye Movement (REM), movimento r\u00e1pido dos olhos).<\/span><\/li>\n<\/ul>\n<p><span style=\"font-weight: 400;\">Ainda que seja recomendada uma m\u00e9dia de 8 horas por noite de sono, esse n\u00famero pode ser diferente de acordo com a idade de cada pessoa. Por exemplo, um beb\u00ea pode dormir at\u00e9 15 horas por dia, o que \u00e9 importante para o seu crescimento e desenvolvimento. J\u00e1 idosos costumam ter um sono mais curto, podendo chegar at\u00e9 6 ou 7 horas de sono por noite.\u00a0<\/span><\/p>\n<p><span style=\"font-weight: 400;\">Entretanto, voc\u00ea deve estar sempre atento \u00e0 sa\u00fade do seu sono. Caso voc\u00ea sofra de ins\u00f4nia, acorde muitas vezes durante a noite, ou tenha dist\u00farbios do sono (como \u00e9 o caso da apneia do sono), \u00e9 necess\u00e1rio ter acompanhamento m\u00e9dico para uma poss\u00edvel solu\u00e7\u00e3o do problema.<\/span><\/p>\n<figure id=\"attachment_13188\" aria-describedby=\"caption-attachment-13188\" style=\"width: 1000px\" class=\"wp-caption aligncenter\"><img loading=\"lazy\" decoding=\"async\" class=\"size-full wp-image-13188\" src=\"https:\/\/www.cpaps.com.br\/blog\/wp-content\/uploads\/2021\/03\/sono-e-eficacia-da-vacina.jpg\" alt=\"sono e efic\u00e1cia da vacina\" width=\"1000\" height=\"667\" srcset=\"https:\/\/www.cpaps.com.br\/mundo-do-sono\/wp-content\/uploads\/2021\/03\/sono-e-eficacia-da-vacina.jpg 1000w, https:\/\/www.cpaps.com.br\/mundo-do-sono\/wp-content\/uploads\/2021\/03\/sono-e-eficacia-da-vacina-768x512.jpg 768w\" sizes=\"auto, (max-width: 1000px) 100vw, 1000px\" \/><figcaption id=\"caption-attachment-13188\" class=\"wp-caption-text\">O sono tem rela\u00e7\u00e3o com a efic\u00e1cia da vacina.<\/figcaption><\/figure>\n<p><span style=\"font-weight: 400;\">O cientista ingl\u00eas e professor de neuroci\u00eancia e psicologia da Universidade Berkeley, nos Estados Unidos, Matthew Walker, explicou recentemente, em entrevista \u00e0 CNN americana, explicou(remover) que dormir mal nas semanas anteriores ao dia de tomar a vacina pode reduzir em 50% a produ\u00e7\u00e3o de anticorpos.<\/span><\/p>\n<p><span style=\"font-weight: 400;\">Com isso, seria poss\u00edvel concluir que a vacina seria ineficaz, uma vez que a pessoa n\u00e3o teria resposta imunol\u00f3gica suficiente. Walker ressaltou que esse foi um estudo cl\u00ednico feito com a vacina da gripe (Influenza), publicado em mar\u00e7o de 2020 no <\/span><a href=\"https:\/\/link.springer.com\/article\/10.1007\/s12529-020-09879-4\" target=\"_blank\" rel=\"noopener\"><span style=\"font-weight: 400;\">International Journal of Behavioral Medicine<\/span><\/a><span style=\"font-weight: 400;\">. O cientista \u00e9 autor do best-seller internacional \u201cPor que dormimos: A nova ci\u00eancia do sono e do sonho\u201d, publicado em 2017.<\/span><\/p>\n<h2><b>5 dicas para dormir melhor e melhorar a efic\u00e1cia da vacina<\/b><\/h2>\n<p><span style=\"font-weight: 400;\">Seja para manter uma boa rotina de sono ou at\u00e9 mesmo se preparar para vacinas e outros tratamentos, voc\u00ea pode seguir algumas dicas para melhorar a qualidade do seu sono. S\u00e3o algumas delas:<\/span><\/p>\n<ul>\n<li style=\"font-weight: 400;\" aria-level=\"1\"><span style=\"font-weight: 400;\">Manter o ambiente em uma temperatura agrad\u00e1vel;<\/span><\/li>\n<li style=\"font-weight: 400;\" aria-level=\"1\"><span style=\"font-weight: 400;\">Evitar alimentos pesados pelo menos 2 horas antes de dormir;<\/span><\/li>\n<li style=\"font-weight: 400;\" aria-level=\"1\"><span style=\"font-weight: 400;\">Evitar o consumo de bebidas alc\u00f3olicas antes de dormir;<\/span><\/li>\n<li style=\"font-weight: 400;\" aria-level=\"1\"><span style=\"font-weight: 400;\">Deixar o ambiente o mais escuro poss\u00edvel, uma vez que a luz impede que o corpo entre em estado de relaxamento;<\/span><\/li>\n<li style=\"font-weight: 400;\" aria-level=\"1\"><span style=\"font-weight: 400;\">Procure desligar equipamentos eletr\u00f4nicos (TVs, celulares e computadores) ao menos 1 hora antes de dormir.<\/span><\/li>\n<\/ul>\n<p><span style=\"font-weight: 400;\">Quer saber como anda a sa\u00fade do seu sono? A CPAPS disponibiliza um teste gratuito para voc\u00ea, <\/span><a href=\"https:\/\/www.cpaps.com.br\/teste-do-sono\"><b>clique e descubra<\/b><\/a><span style=\"font-weight: 400;\">!<\/span><\/p>\n<h3><span style=\"font-weight: 400;\">LEIA TAMB\u00c9M:<\/span><\/h3>\n<p><b>+ <\/b><a href=\"https:\/\/www.cpaps.com.br\/blog\/variante-omicron-e-subvariante-ba-2\/\"><b>Variante \u00d4micron e subvariante BA.2: novidades e cuidados<\/b><\/a><\/p>\n<p><b>+ <\/b><a href=\"https:\/\/www.cpaps.com.br\/blog\/novo-virus-da-gripe\/\"><b>Novo v\u00edrus da gripe H3N2 e dicas para cuidar do seu CPAP<\/b><\/a><\/p>\n\n\n<div class=\"kk-star-ratings kksr-auto kksr-align-center kksr-valign-bottom\"\n    data-payload='{&quot;align&quot;:&quot;center&quot;,&quot;id&quot;:&quot;10908&quot;,&quot;slug&quot;:&quot;default&quot;,&quot;valign&quot;:&quot;bottom&quot;,&quot;ignore&quot;:&quot;&quot;,&quot;reference&quot;:&quot;auto&quot;,&quot;class&quot;:&quot;&quot;,&quot;count&quot;:&quot;0&quot;,&quot;legendonly&quot;:&quot;&quot;,&quot;readonly&quot;:&quot;&quot;,&quot;score&quot;:&quot;0&quot;,&quot;starsonly&quot;:&quot;&quot;,&quot;best&quot;:&quot;5&quot;,&quot;gap&quot;:&quot;5&quot;,&quot;greet&quot;:&quot;Avalie este post&quot;,&quot;legend&quot;:&quot;0\\\/5 - (0 voto)&quot;,&quot;size&quot;:&quot;24&quot;,&quot;title&quot;:&quot;Efic\u00e1cia da vacina: como a qualidade do sono influencia&quot;,&quot;width&quot;:&quot;0&quot;,&quot;_legend&quot;:&quot;{score}\\\/{best} - ({count} {votes})&quot;,&quot;font_factor&quot;:&quot;1.25&quot;}'>\n            \n<div class=\"kksr-stars\">\n    \n<div class=\"kksr-stars-inactive\">\n            <div class=\"kksr-star\" data-star=\"1\" style=\"padding-right: 5px\">\n            \n\n<div class=\"kksr-icon\" style=\"width: 24px; height: 24px;\"><\/div>\n        <\/div>\n            <div class=\"kksr-star\" data-star=\"2\" style=\"padding-right: 5px\">\n            \n\n<div class=\"kksr-icon\" style=\"width: 24px; height: 24px;\"><\/div>\n        <\/div>\n            <div class=\"kksr-star\" data-star=\"3\" style=\"padding-right: 5px\">\n            \n\n<div class=\"kksr-icon\" style=\"width: 24px; height: 24px;\"><\/div>\n        <\/div>\n            <div class=\"kksr-star\" data-star=\"4\" style=\"padding-right: 5px\">\n            \n\n<div class=\"kksr-icon\" style=\"width: 24px; height: 24px;\"><\/div>\n        <\/div>\n            <div class=\"kksr-star\" data-star=\"5\" style=\"padding-right: 5px\">\n            \n\n<div class=\"kksr-icon\" style=\"width: 24px; height: 24px;\"><\/div>\n        <\/div>\n    <\/div>\n    \n<div class=\"kksr-stars-active\" style=\"width: 0px;\">\n            <div class=\"kksr-star\" style=\"padding-right: 5px\">\n            \n\n<div class=\"kksr-icon\" style=\"width: 24px; height: 24px;\"><\/div>\n        <\/div>\n            <div class=\"kksr-star\" style=\"padding-right: 5px\">\n            \n\n<div class=\"kksr-icon\" style=\"width: 24px; height: 24px;\"><\/div>\n        <\/div>\n            <div class=\"kksr-star\" style=\"padding-right: 5px\">\n            \n\n<div class=\"kksr-icon\" style=\"width: 24px; height: 24px;\"><\/div>\n        <\/div>\n            <div class=\"kksr-star\" style=\"padding-right: 5px\">\n            \n\n<div class=\"kksr-icon\" style=\"width: 24px; height: 24px;\"><\/div>\n        <\/div>\n            <div class=\"kksr-star\" style=\"padding-right: 5px\">\n            \n\n<div class=\"kksr-icon\" style=\"width: 24px; height: 24px;\"><\/div>\n        <\/div>\n    <\/div>\n<\/div>\n                \n\n<div class=\"kksr-legend\" style=\"font-size: 19.2px;\">\n            <span class=\"kksr-muted\">Avalie este post<\/span>\n    <\/div>\n    <\/div>\n","protected":false},"excerpt":{"rendered":"<p>Estudos apontam que pessoas que dormem mal podem reduzir at\u00e9 50% da resposta imunol\u00f3gica da vacina da gripe, impedindo a efic\u00e1cia da vacina.<\/p>\n","protected":false},"author":69,"featured_media":13187,"comment_status":"open","ping_status":"closed","sticky":false,"template":"","format":"standard","meta":{"_acf_changed":false,"_gspb_post_css":"","footnotes":"","rank_math_title":"%title% %page%","rank_math_description":"Estudos apontam que pessoas que dormem mal podem reduzir at\u00e9 50% da resposta imunol\u00f3gica da vacina da gripe, impedindo a efic\u00e1cia da vacina.","rank_math_focus_keyword":"efic\u00e1cia da vacina","rank_math_canonical_url":"","rank_math_robots":null,"rank_math_advanced_robots":"","rank_math_facebook_title":"","rank_math_facebook_description":"","rank_math_facebook_image":"","rank_math_facebook_image_id":"","rank_math_twitter_title":"","rank_math_twitter_description":"","rank_math_twitter_image":"","rank_math_twitter_card_type":"","rank_math_schema_Article":"","rank_math_schema_FAQPage":"","rank_math_schema_HowTo":"","rank_math_rich_snippet":"","rank_math_primary_category":"2","rank_math_seo_score":"","rank_math_internal_links_processed":"1"},"categories":[1647,1648],"tags":[990,991,263],"class_list":["post-10908","post","type-post","status-publish","format-standard","has-post-thumbnail","hentry","category-estilo-de-vida-e-habitos","category-higiene-do-sono","tag-eficacia-vacina","tag-resposta-imunologico","tag-sistema-imunologico"],"blocksy_meta":{"styles_descriptor":{"styles":{"desktop":"","tablet":"","mobile":""},"google_fonts":[],"version":7}},"acf":[],"_links":{"self":[{"href":"https:\/\/www.cpaps.com.br\/mundo-do-sono\/wp-json\/wp\/v2\/posts\/10908","targetHints":{"allow":["GET"]}}],"collection":[{"href":"https:\/\/www.cpaps.com.br\/mundo-do-sono\/wp-json\/wp\/v2\/posts"}],"about":[{"href":"https:\/\/www.cpaps.com.br\/mundo-do-sono\/wp-json\/wp\/v2\/types\/post"}],"author":[{"embeddable":true,"href":"https:\/\/www.cpaps.com.br\/mundo-do-sono\/wp-json\/wp\/v2\/users\/69"}],"replies":[{"embeddable":true,"href":"https:\/\/www.cpaps.com.br\/mundo-do-sono\/wp-json\/wp\/v2\/comments?post=10908"}],"version-history":[{"count":1,"href":"https:\/\/www.cpaps.com.br\/mundo-do-sono\/wp-json\/wp\/v2\/posts\/10908\/revisions"}],"predecessor-version":[{"id":19983,"href":"https:\/\/www.cpaps.com.br\/mundo-do-sono\/wp-json\/wp\/v2\/posts\/10908\/revisions\/19983"}],"wp:featuredmedia":[{"embeddable":true,"href":"https:\/\/www.cpaps.com.br\/mundo-do-sono\/wp-json\/wp\/v2\/media\/13187"}],"wp:attachment":[{"href":"https:\/\/www.cpaps.com.br\/mundo-do-sono\/wp-json\/wp\/v2\/media?parent=10908"}],"wp:term":[{"taxonomy":"category","embeddable":true,"href":"https:\/\/www.cpaps.com.br\/mundo-do-sono\/wp-json\/wp\/v2\/categories?post=10908"},{"taxonomy":"post_tag","embeddable":true,"href":"https:\/\/www.cpaps.com.br\/mundo-do-sono\/wp-json\/wp\/v2\/tags?post=10908"}],"curies":[{"name":"wp","href":"https:\/\/api.w.org\/{rel}","templated":true}]}}