{"id":10817,"date":"2023-08-16T16:30:17","date_gmt":"2023-08-16T19:30:17","guid":{"rendered":"https:\/\/www.cpaps.com.br\/blog\/?p=10817"},"modified":"2026-06-19T11:41:46","modified_gmt":"2026-06-19T14:41:46","slug":"10-duvidas-sobre-apneia-do-sono","status":"publish","type":"post","link":"https:\/\/www.cpaps.com.br\/mundo-do-sono\/10-duvidas-sobre-apneia-do-sono\/","title":{"rendered":"As 10 principais d\u00favidas sobre a apneia do sono"},"content":{"rendered":"<p><span style=\"font-weight: 400;\">O tratamento para <\/span><a href=\"https:\/\/www.cpaps.com.br\/blog\/estresse\/\"><b>apneia do sono<\/b><\/a><span style=\"font-weight: 400;\"> \u00e9 uma das coisas que dura pela vida inteira e exige alguns cuidados espec\u00edficos. \u00c9 por isso que n\u00f3s, da <\/span><a href=\"https:\/\/www.cpaps.com.br\/blog\/comprar-cpaps\/\"><span style=\"font-weight: 400;\">CPAPS<\/span><\/a><span style=\"font-weight: 400;\">, acompanhamos as tend\u00eancias do mercado, sa\u00fade e <\/span><i><span style=\"font-weight: 400;\">lifestyle<\/span><\/i><span style=\"font-weight: 400;\">. Assim, voc\u00ea tem acesso a conte\u00fados exclusivos que agregam na qualidade do seu tratamento e do seu <\/span><a href=\"https:\/\/www.cpaps.com.br\/blog\/aparelho-para-ronco\/\"><b>CPAP<\/b><\/a><span style=\"font-weight: 400;\">.<\/span><\/p>\n<p><span style=\"font-weight: 400;\">E, no conte\u00fado de hoje, vamos tirar suas d\u00favidas sobre a <\/span><a href=\"https:\/\/www.cpaps.com.br\/blog\/poluicao-e-tempo-seco-podem-agravar-a-apneia-do-sono\/\"><b>apneia do sono<\/b><\/a><span style=\"font-weight: 400;\"> e quais s\u00e3o as melhores solu\u00e7\u00f5es para elas. Se voc\u00ea ainda n\u00e3o conhece muito bem o funcionamento dos equipamentos, quando trocar um acess\u00f3rio ou os termos t\u00e9cnicos, continue a leitura abaixo!<\/span><\/p>\n<h2><b>1. O que \u00e9 a apneia do sono?<\/b><\/h2>\n<p><span style=\"font-weight: 400;\">Na pr\u00e1tica, ser um paciente com <\/span><b>apneia do sono<\/b><span style=\"font-weight: 400;\"> significa acordar diversas vezes durante uma \u00fanica noite de sono. Esse dist\u00farbio do sono \u00e9 caracterizado por pequenos e repetidos intervalos na respira\u00e7\u00e3o enquanto a pessoa est\u00e1 dormindo e pode apresentar variados sintomas, sendo que o <\/span><a href=\"https:\/\/www.cpaps.com.br\/blog\/travesseiro-antironco\/\"><b>ronco<\/b><\/a><span style=\"font-weight: 400;\"> \u00e9 o principal deles.<\/span><\/p>\n<h2><b>2. Minha apneia vai se curar se eu perder peso?<\/b><\/h2>\n<p><span style=\"font-weight: 400;\">O peso \u00e9 um fator que est\u00e1 diretamente relacionado \u00e0 <\/span><b>apneia do sono<\/b><span style=\"font-weight: 400;\">. Na pr\u00e1tica, isso \u00e9 um caminho de m\u00e3o-dupla: voc\u00ea tanto pode ter <\/span><a href=\"https:\/\/www.cpaps.com.br\/blog\/apneia-sono-pode-causar-o-ganho-de-peso\/\"><b>aumento de peso devido \u00e0 apneia<\/b><\/a><span style=\"font-weight: 400;\"> como ter apneia devido ao peso elevado.<\/span><\/p><div id=\"cpaps-3893203898\" class=\"cpaps-desktop-single-post-content cpaps-entity-placement\" style=\"margin-left: auto;margin-right: auto;text-align: center;\"><a data-no-instant=\"1\" href=\"https:\/\/www.cpaps.com.br\/mascaras?utm_source=blog&#038;utm_medium=banner&#038;utm_campaign=mascaras\" rel=\"noopener\" class=\"a2t-link\" target=\"_blank\" aria-label=\"Banner_desktop___Meio_de_pagina001\"><img loading=\"lazy\" decoding=\"async\" src=\"https:\/\/www.cpaps.com.br\/mundo-do-sono\/wp-content\/uploads\/2025\/03\/Banner_desktop___Meio_de_pagina001.webp\" alt=\"\"  srcset=\"https:\/\/www.cpaps.com.br\/mundo-do-sono\/wp-content\/uploads\/2025\/03\/Banner_desktop___Meio_de_pagina001.webp 1920w, https:\/\/www.cpaps.com.br\/mundo-do-sono\/wp-content\/uploads\/2025\/03\/Banner_desktop___Meio_de_pagina001-768x111.webp 768w, https:\/\/www.cpaps.com.br\/mundo-do-sono\/wp-content\/uploads\/2025\/03\/Banner_desktop___Meio_de_pagina001-1024x148.webp 1024w, https:\/\/www.cpaps.com.br\/mundo-do-sono\/wp-content\/uploads\/2025\/03\/Banner_desktop___Meio_de_pagina001-1536x222.webp 1536w\" sizes=\"(max-width: 1920px) 100vw, 1920px\" width=\"1920\" height=\"277\"   \/><\/a><\/div>\n<p><span style=\"font-weight: 400;\">Parte dos pacientes que adotam uma dieta mais equilibrada de alimenta\u00e7\u00e3o e s\u00e3o acompanhados por m\u00e9dicos especialistas relatam que h\u00e1 uma redu\u00e7\u00e3o dos sintomas da apneia &#8211; e at\u00e9 mesmo a cura do dist\u00farbio. Por\u00e9m, a doen\u00e7a pode continuar presente por toda a vida das pessoas e pode variar de acordo com cada quadro cl\u00ednico.<\/span><\/p>\n<p><span style=\"font-weight: 400;\">Logo, <\/span><a href=\"https:\/\/www.cpaps.com.br\/blog\/se-eu-perder-peso-vou-curar-minha-apneia\/\"><b>perder peso pode contribuir para o seu tratamento para a apneia do sono<\/b><\/a><span style=\"font-weight: 400;\"> ao mesmo tempo em que <\/span><a href=\"https:\/\/www.cpaps.com.br\/blog\/5-motivos-pelos-quais-dormir-ajuda-a-emagrecer\/\"><b>melhorar a sua qualidade de sono pode ajudar a emagrecer<\/b><\/a><span style=\"font-weight: 400;\">.<\/span><\/p>\n<h2><b>3. O que devo comprar para come\u00e7ar o meu tratamento para apneia do sono?<\/b><\/h2>\n<p><span style=\"font-weight: 400;\">O <\/span><a href=\"https:\/\/www.cpaps.com.br\/blog\/maiores-riscos-nao-fazer-tratamento-apneia\/\"><span style=\"font-weight: 400;\">tratamento para apneia do sono<\/span><\/a><span style=\"font-weight: 400;\"> s\u00f3 ter\u00e1 in\u00edcio ap\u00f3s o diagn\u00f3stico do dist\u00farbio. Para ter esse diagn\u00f3stico correto, \u00e9 preciso fazer a <\/span><a href=\"https:\/\/www.cpaps.com.br\/blog\/polissonografia-com-cpap-como-e-feita\/\"><span style=\"font-weight: 400;\">polissonografia<\/span><\/a><span style=\"font-weight: 400;\">, um exame realizado por um m\u00e9dico do sono. Al\u00e9m de acompanhar o seu quadro cl\u00ednico, ele \u00e9 respons\u00e1vel por diagnosticar e indicar o melhor aparelho para o seu caso.<\/span><\/p>\n<p><span style=\"font-weight: 400;\">E, com a indica\u00e7\u00e3o do melhor equipamento para o seu tratamento, voc\u00ea pode acompanhar as tend\u00eancias e novidades sobre os <\/span><a href=\"https:\/\/www.cpaps.com.br\/blog\/acessorios-para-cpap-indispensaveis-para-terapia-respiratoria\/\"><span style=\"font-weight: 400;\">acess\u00f3rios<\/span><\/a><span style=\"font-weight: 400;\"> para o seu aparelho. Assim, voc\u00ea sabe <\/span><a href=\"https:\/\/www.cpaps.com.br\/blog\/trocar-mascara-filtro-e-acessorios-cpap\/\"><span style=\"font-weight: 400;\">como e quando \u00e9 o melhor momento para trocar<\/span><\/a><span style=\"font-weight: 400;\">, higienizar e fazer a manuten\u00e7\u00e3o de filtros, tubula\u00e7\u00f5es e m\u00e1scaras do seu equipamento.<\/span><\/p>\n<h2><b>4. Qual \u00e9 a diferen\u00e7a entre CPAP, CPAP autom\u00e1tico, BiPAP e VPAP?<\/b><\/h2>\n<p><span style=\"font-weight: 400;\">Entre os principais aparelhos recomendados para o tratamento da apneia do sono est\u00e3o o <\/span><a href=\"https:\/\/www.cpaps.com.br\/blog\/aparelho-para-ronco\/\"><b>CPAP<\/b><\/a><span style=\"font-weight: 400;\">, o <\/span><a href=\"https:\/\/www.cpaps.com.br\/blog\/por-que-escolher-cpap-automatico\/\"><b>CPAP autom\u00e1tico<\/b><\/a><span style=\"font-weight: 400;\">, o <\/span><a href=\"https:\/\/www.cpaps.com.br\/blog\/comprar-bipap\/\"><b>BiPAP<\/b><\/a><span style=\"font-weight: 400;\"> e o <\/span><a href=\"https:\/\/www.cpaps.com.br\/blog\/bipap-vpap-biniveis\/\"><b>VPAP<\/b><\/a><span style=\"font-weight: 400;\">. O <\/span><b>CPAP<\/b><span style=\"font-weight: 400;\"> b\u00e1sico \u00e9 um dispositivo que possui fun\u00e7\u00f5es mais simples e produz um fluxo de ar com press\u00e3o pr\u00e9-estabelecida, que se mant\u00e9m durante a sua utiliza\u00e7\u00e3o.<\/span><\/p>\n<p><span style=\"font-weight: 400;\">O <\/span><b>CPAP<\/b><span style=\"font-weight: 400;\"> autom\u00e1tico &#8211; tamb\u00e9m conhecido como APAP &#8211; permite o ajuste do fluxo de ar segundo a respira\u00e7\u00e3o do paciente e suas necessidades. Isso acontece a cada momento de utiliza\u00e7\u00e3o do equipamento.<\/span><\/p>\n<p><span style=\"font-weight: 400;\">J\u00e1 o BiPAP e o VPAP s\u00e3o aparelhos com configura\u00e7\u00e3o em dois n\u00edveis de press\u00e3o &#8211; uma para a inspira\u00e7\u00e3o (IPAP) e outra para a expira\u00e7\u00e3o (EPAP). Eles s\u00e3o equipamentos indicados, geralmente, para quem faz tratamento de diversas doen\u00e7as, especialmente da apneia obstrutiva do sono e precisam de fluxo de ar elevado &#8211; acima de 16cmH20).<\/span><\/p>\n<h3><b>5. Crian\u00e7as podem utilizar um CPAP para o tratamento?<\/b><\/h3>\n<p><span style=\"font-weight: 400;\">As <\/span><a href=\"https:\/\/www.cpaps.com.br\/blog\/importancia-do-sono-para-as-criancas\/\"><span style=\"font-weight: 400;\">crian\u00e7as<\/span><\/a><span style=\"font-weight: 400;\"> podem ser diagnosticadas com apneia do sono e necessitar do tratamento por meio do uso do <\/span><b>CPAP<\/b><span style=\"font-weight: 400;\"> e da <\/span><b>terapia respirat\u00f3ria<\/b><span style=\"font-weight: 400;\">. Por mais raro que esses quadros se apresentem, o dist\u00farbio pode causar danos \u00e0 sa\u00fade das crian\u00e7as. Como consequ\u00eancia, o aprendizado, o crescimento e o desenvolvimento das capacidades f\u00edsicas e mentais das crian\u00e7as s\u00e3o afetados.<\/span><\/p>\n<p><span style=\"font-weight: 400;\">Caso tenha <\/span><a href=\"https:\/\/www.cpaps.com.br\/blog\/como-a-apneia-do-sono-afeta-a-sua-familia\/\"><span style=\"font-weight: 400;\">familiares<\/span><\/a><span style=\"font-weight: 400;\"> que precisam de um <\/span><b>CPAP<\/b><span style=\"font-weight: 400;\"> para o seu tratamento, o compartilhamento entre eles e as crian\u00e7as n\u00e3o \u00e9 recomendado. Isso porque as <\/span><a href=\"https:\/\/www.cpaps.com.br\/blog\/fatores-de-risco-para-apneia-do-sono-em-criancas\/\"><span style=\"font-weight: 400;\">crian\u00e7as<\/span><\/a><span style=\"font-weight: 400;\"> apresentam necessidades espec\u00edficas em rela\u00e7\u00e3o ao equipamento, como o tamanho do aparelho e dos acess\u00f3rios.<\/span><\/p>\n<p><img loading=\"lazy\" decoding=\"async\" class=\"aligncenter wp-image-14720\" src=\"https:\/\/www.cpaps.com.br\/blog\/wp-content\/uploads\/2022\/12\/crianca-dormindo-com-cpaps.jpeg\" alt=\"Imagem apresenta uma crian\u00e7a dormindo com uma m\u00e1scara CPAP para o tratamento para apneia do sono.\" width=\"1088\" height=\"725\" srcset=\"https:\/\/www.cpaps.com.br\/mundo-do-sono\/wp-content\/uploads\/2022\/12\/crianca-dormindo-com-cpaps.jpeg 1600w, https:\/\/www.cpaps.com.br\/mundo-do-sono\/wp-content\/uploads\/2022\/12\/crianca-dormindo-com-cpaps-768x512.jpeg 768w, https:\/\/www.cpaps.com.br\/mundo-do-sono\/wp-content\/uploads\/2022\/12\/crianca-dormindo-com-cpaps-1024x682.jpeg 1024w, https:\/\/www.cpaps.com.br\/mundo-do-sono\/wp-content\/uploads\/2022\/12\/crianca-dormindo-com-cpaps-1536x1023.jpeg 1536w\" sizes=\"auto, (max-width: 1088px) 100vw, 1088px\" \/><\/p>\n<h2><b>6. Quando preciso fazer a manuten\u00e7\u00e3o das m\u00e1quinas?<\/b><\/h2>\n<p><span style=\"font-weight: 400;\">A melhor recomenda\u00e7\u00e3o para fazer a <\/span><a href=\"https:\/\/www.cpaps.com.br\/blog\/manutencao-de-cpap-como-e-quando-fazer\/\"><span style=\"font-weight: 400;\">manuten\u00e7\u00e3o das m\u00e1quinas<\/span><\/a><span style=\"font-weight: 400;\"> \u00e9 uma checagem anual. Desta maneira, voc\u00ea evita e previne qualquer mal funcionamento do equipamento, al\u00e9m de limpar, lubrificar, trocar e desodorizar todo o aparelho.<\/span><\/p>\n<p><span style=\"font-weight: 400;\">Para saber o momento ideal para fazer a manuten\u00e7\u00e3o do seu equipamento, se atente ao n\u00edvel sonoro &#8211; em casos de muito barulho -, ao odor no momento em que voc\u00ea liga o CPAP e caso voc\u00ea tenha congest\u00e3o nasal constante. Estes s\u00e3o sinais de que voc\u00ea precisa levar seu aparelho para uma manuten\u00e7\u00e3o anual.<\/span><\/p>\n<h2><b>7. O que \u00e9 al\u00edvio de press\u00e3o expirat\u00f3ria?<\/b><\/h2>\n<p><span style=\"font-weight: 400;\">O al\u00edvio de press\u00e3o expirat\u00f3ria consiste em uma tecnologia que possibilita a identifica\u00e7\u00e3o do momento em que o paciente respira. A partir dessa informa\u00e7\u00e3o, a redu\u00e7\u00e3o de ar do <\/span><a href=\"https:\/\/www.cpaps.com.br\/blog\/4-dicas-para-uma-boa-adaptacao-ao-seu-cpap\/\"><span style=\"font-weight: 400;\">CPAP<\/span><\/a><span style=\"font-weight: 400;\"> e o ciclo respirat\u00f3rio natural podem acontecer de maneira correta &#8211; e mais confort\u00e1vel.<\/span><\/p>\n<h2><b>8. \u00c9 poss\u00edvel eliminar o amarelado da minha m\u00e1scara?<\/b><\/h2>\n<p><span style=\"font-weight: 400;\">Sim! Para eliminar o amarelado da <\/span><a href=\"https:\/\/www.cpaps.com.br\/blog\/qual-e-a-mascara-mais-confortavel\/\"><span style=\"font-weight: 400;\">m\u00e1scara<\/span><\/a><span style=\"font-weight: 400;\">, n\u00f3s, da CPAPS, indicamos o uso do <\/span><a href=\"https:\/\/www.cpaps.com.br\/sabonete-antisseptico-com-prata-coloidal-250-ml-naturelle\"><b>sabonete antiss\u00e9ptico<\/b><\/a><span style=\"font-weight: 400;\"> de pH neutro e sem perfume. Outra recomenda\u00e7\u00e3o \u00e9 evitar deixar a m\u00e1scara em ambientes expostos ao sol e ao calor, pois eles alteram o composto do silicone. Essa atitude permite que a vida \u00fatil do seu produto seja prolongada cada vez mais.<\/span><\/p>\n<h2><b>9. Em caso de parada do CPAP por falta de energia, posso sufocar com a minha m\u00e1scara?<\/b><\/h2>\n<p><span style=\"font-weight: 400;\">A resposta \u00e9 bem simples: n\u00e3o. As m\u00e1scaras s\u00e3o projetadas com v\u00e1lvulas anti-asfixia e n\u00e3o apresentam risco de sufocamento para os usu\u00e1rios.<\/span><\/p>\n<h2><b>10. Preciso de uma autorizada para higienizar meu aparelho e os acess\u00f3rios?<\/b><\/h2>\n<p><span style=\"font-weight: 400;\">A <\/span><a href=\"https:\/\/www.cpaps.com.br\/blog\/manutencao-de-cpap\/\"><b>rotina de limpeza<\/b><\/a><span style=\"font-weight: 400;\"> do seu aparelho \u00e9 importante e deve seguir as recomenda\u00e7\u00f5es de acordo com a necessidade de troca ou de higieniza\u00e7\u00e3o. Normalmente, contar com a assist\u00eancia para higienizar seu <\/span><a href=\"https:\/\/www.cpaps.com.br\/blog\/manutencao-do-cpap-ja-esta-na-hora-de-fazer\/\"><b>CPAP<\/b><\/a><span style=\"font-weight: 400;\"> \u00e9 comum. J\u00e1 no caso de higieniza\u00e7\u00e3o b\u00e1sica de m\u00e1scaras e acess\u00f3rios, ela pode ser realizada por conta do pr\u00f3prio paciente e obedecer a um intervalo adequado entre as lavagens.<\/span><\/p>\n<h3><span style=\"font-weight: 400;\">A CPAPS oferece assist\u00eancia remota durante o per\u00edodo de adapta\u00e7\u00e3o?<\/span><\/h3>\n<p><span style=\"font-weight: 400;\">\u00c9 claro! Na verdade, oferecemos assist\u00eancia remota aos nossos clientes n\u00e3o apenas durante o per\u00edodo de adapta\u00e7\u00e3o, como por tempo indeterminado e 100% gratuito. Al\u00e9m disso, n\u00f3s realizamos a emiss\u00e3o do relat\u00f3rio do sono e auxiliamos na configura\u00e7\u00e3o do seu CPAP. Tudo isso para garantir a qualidade e a efic\u00e1cia do seu tratamento.<\/span><\/p>\n<h2><b>Acompanhe a CPAPS<\/b><\/h2>\n<p><span style=\"font-weight: 400;\">Agora que todas as suas d\u00favidas sobre a apneia do sono foram esclarecidas, que tal continuar acompanhando tend\u00eancias e novidades sobre o cuidado com a sua pr\u00f3pria sa\u00fade?<\/span><\/p>\n<p><span style=\"font-weight: 400;\">Conhe\u00e7a o blog da CPAPS e tenha acesso a conte\u00fados exclusivos, que trazem dicas, novidades e tend\u00eancias relevantes para melhorar a sua qualidade de vida e de sono. <\/span><a href=\"https:\/\/www.cpaps.com.br\/blog\/\"><b>Clique aqui e acesse a p\u00e1gina principal do nosso blog para se atualizar<\/b><\/a><span style=\"font-weight: 400;\">!<\/span><\/p>\n\n\n<div class=\"kk-star-ratings kksr-auto kksr-align-center kksr-valign-bottom\"\n    data-payload='{&quot;align&quot;:&quot;center&quot;,&quot;id&quot;:&quot;10817&quot;,&quot;slug&quot;:&quot;default&quot;,&quot;valign&quot;:&quot;bottom&quot;,&quot;ignore&quot;:&quot;&quot;,&quot;reference&quot;:&quot;auto&quot;,&quot;class&quot;:&quot;&quot;,&quot;count&quot;:&quot;0&quot;,&quot;legendonly&quot;:&quot;&quot;,&quot;readonly&quot;:&quot;&quot;,&quot;score&quot;:&quot;0&quot;,&quot;starsonly&quot;:&quot;&quot;,&quot;best&quot;:&quot;5&quot;,&quot;gap&quot;:&quot;5&quot;,&quot;greet&quot;:&quot;Avalie este post&quot;,&quot;legend&quot;:&quot;0\\\/5 - (0 voto)&quot;,&quot;size&quot;:&quot;24&quot;,&quot;title&quot;:&quot;As 10 principais d\u00favidas sobre a apneia do sono&quot;,&quot;width&quot;:&quot;0&quot;,&quot;_legend&quot;:&quot;{score}\\\/{best} - ({count} {votes})&quot;,&quot;font_factor&quot;:&quot;1.25&quot;}'>\n            \n<div class=\"kksr-stars\">\n    \n<div class=\"kksr-stars-inactive\">\n            <div class=\"kksr-star\" data-star=\"1\" style=\"padding-right: 5px\">\n            \n\n<div class=\"kksr-icon\" style=\"width: 24px; height: 24px;\"><\/div>\n        <\/div>\n            <div class=\"kksr-star\" data-star=\"2\" style=\"padding-right: 5px\">\n            \n\n<div class=\"kksr-icon\" style=\"width: 24px; height: 24px;\"><\/div>\n        <\/div>\n            <div class=\"kksr-star\" data-star=\"3\" style=\"padding-right: 5px\">\n            \n\n<div class=\"kksr-icon\" style=\"width: 24px; height: 24px;\"><\/div>\n        <\/div>\n            <div class=\"kksr-star\" data-star=\"4\" style=\"padding-right: 5px\">\n            \n\n<div class=\"kksr-icon\" style=\"width: 24px; height: 24px;\"><\/div>\n        <\/div>\n            <div class=\"kksr-star\" data-star=\"5\" style=\"padding-right: 5px\">\n            \n\n<div class=\"kksr-icon\" style=\"width: 24px; height: 24px;\"><\/div>\n        <\/div>\n    <\/div>\n    \n<div class=\"kksr-stars-active\" style=\"width: 0px;\">\n            <div class=\"kksr-star\" style=\"padding-right: 5px\">\n            \n\n<div class=\"kksr-icon\" style=\"width: 24px; height: 24px;\"><\/div>\n        <\/div>\n            <div class=\"kksr-star\" style=\"padding-right: 5px\">\n            \n\n<div class=\"kksr-icon\" style=\"width: 24px; height: 24px;\"><\/div>\n        <\/div>\n            <div class=\"kksr-star\" style=\"padding-right: 5px\">\n            \n\n<div class=\"kksr-icon\" style=\"width: 24px; height: 24px;\"><\/div>\n        <\/div>\n            <div class=\"kksr-star\" style=\"padding-right: 5px\">\n            \n\n<div class=\"kksr-icon\" style=\"width: 24px; height: 24px;\"><\/div>\n        <\/div>\n            <div class=\"kksr-star\" style=\"padding-right: 5px\">\n            \n\n<div class=\"kksr-icon\" style=\"width: 24px; height: 24px;\"><\/div>\n        <\/div>\n    <\/div>\n<\/div>\n                \n\n<div class=\"kksr-legend\" style=\"font-size: 19.2px;\">\n            <span class=\"kksr-muted\">Avalie este post<\/span>\n    <\/div>\n    <\/div>\n","protected":false},"excerpt":{"rendered":"<p>Voc\u00ea tem d\u00favidas sobre a apneia do sono e sobre o funcionamento de um CPAP no tratamento do dist\u00farbio? Leia nosso artigo e sane todas elas!<\/p>\n","protected":false},"author":69,"featured_media":14042,"comment_status":"open","ping_status":"closed","sticky":false,"template":"","format":"standard","meta":{"_acf_changed":false,"_gspb_post_css":"","footnotes":"","rank_math_title":"Apneia do sono: as 10 principais d\u00favidas | CPAPS","rank_math_description":"Voc\u00ea tem d\u00favidas sobre a apneia do sono e sobre o funcionamento de um CPAP no tratamento do dist\u00farbio? Leia nosso artigo e sane todas elas!","rank_math_focus_keyword":"apneia do sono","rank_math_canonical_url":"","rank_math_robots":null,"rank_math_advanced_robots":"","rank_math_facebook_title":"","rank_math_facebook_description":"","rank_math_facebook_image":"","rank_math_facebook_image_id":"","rank_math_twitter_title":"","rank_math_twitter_description":"","rank_math_twitter_image":"","rank_math_twitter_card_type":"","rank_math_schema_Article":"","rank_math_schema_FAQPage":"","rank_math_schema_HowTo":"","rank_math_rich_snippet":"","rank_math_primary_category":"2","rank_math_seo_score":"","rank_math_internal_links_processed":"1"},"categories":[1629,1631],"tags":[8,30,964],"class_list":["post-10817","post","type-post","status-publish","format-standard","has-post-thumbnail","hentry","category-disturbios-do-sono","category-insonia","tag-apneia","tag-cpap","tag-duvidas-cpap"],"blocksy_meta":{"styles_descriptor":{"styles":{"desktop":"","tablet":"","mobile":""},"google_fonts":[],"version":7}},"acf":[],"_links":{"self":[{"href":"https:\/\/www.cpaps.com.br\/mundo-do-sono\/wp-json\/wp\/v2\/posts\/10817","targetHints":{"allow":["GET"]}}],"collection":[{"href":"https:\/\/www.cpaps.com.br\/mundo-do-sono\/wp-json\/wp\/v2\/posts"}],"about":[{"href":"https:\/\/www.cpaps.com.br\/mundo-do-sono\/wp-json\/wp\/v2\/types\/post"}],"author":[{"embeddable":true,"href":"https:\/\/www.cpaps.com.br\/mundo-do-sono\/wp-json\/wp\/v2\/users\/69"}],"replies":[{"embeddable":true,"href":"https:\/\/www.cpaps.com.br\/mundo-do-sono\/wp-json\/wp\/v2\/comments?post=10817"}],"version-history":[{"count":1,"href":"https:\/\/www.cpaps.com.br\/mundo-do-sono\/wp-json\/wp\/v2\/posts\/10817\/revisions"}],"predecessor-version":[{"id":20108,"href":"https:\/\/www.cpaps.com.br\/mundo-do-sono\/wp-json\/wp\/v2\/posts\/10817\/revisions\/20108"}],"wp:featuredmedia":[{"embeddable":true,"href":"https:\/\/www.cpaps.com.br\/mundo-do-sono\/wp-json\/wp\/v2\/media\/14042"}],"wp:attachment":[{"href":"https:\/\/www.cpaps.com.br\/mundo-do-sono\/wp-json\/wp\/v2\/media?parent=10817"}],"wp:term":[{"taxonomy":"category","embeddable":true,"href":"https:\/\/www.cpaps.com.br\/mundo-do-sono\/wp-json\/wp\/v2\/categories?post=10817"},{"taxonomy":"post_tag","embeddable":true,"href":"https:\/\/www.cpaps.com.br\/mundo-do-sono\/wp-json\/wp\/v2\/tags?post=10817"}],"curies":[{"name":"wp","href":"https:\/\/api.w.org\/{rel}","templated":true}]}}