{"id":10217,"date":"2020-12-25T09:00:56","date_gmt":"2020-12-25T12:00:56","guid":{"rendered":"https:\/\/www.cpaps.com.br\/blog\/?p=10217"},"modified":"2026-06-19T11:42:25","modified_gmt":"2026-06-19T14:42:25","slug":"fatores-de-risco-para-apneia-do-sono-em-criancas","status":"publish","type":"post","link":"https:\/\/www.cpaps.com.br\/mundo-do-sono\/fatores-de-risco-para-apneia-do-sono-em-criancas\/","title":{"rendered":"Fatores de risco para apneia do sono em crian\u00e7as"},"content":{"rendered":"<p><span style=\"font-weight: 400;\">Crian\u00e7as, assim como adultos, tamb\u00e9m podem sofrer de dist\u00farbios do sono. Especificamente, a <\/span><b>apneia obstrutiva<\/b><span style=\"font-weight: 400;\"> \u00e9 um problema frequentemente n\u00e3o reconhecido durante a inf\u00e2ncia. No entanto, \u00e9 fundamental reconhec\u00ea-la para que o desenvolvimento da crian\u00e7a n\u00e3o seja prejudicado.\u00a0<\/span><\/p>\n<h2><b>O que \u00e9 a apneia e como ela atinge crian\u00e7as?<\/b><\/h2>\n<p><span style=\"font-weight: 400;\">A apneia obstrutiva caracteriza-se pela para parada respirat\u00f3ria de pelo menos 10 segundos. Assim como ocorre em adultos, uma crian\u00e7a com apneia obstrutiva tem momentos durante o sono quando o ar n\u00e3o consegue passar normalmente para dentro dos pulm\u00f5es. Segundo a <\/span><a href=\"https:\/\/sbpt.org.br\/portal\/publico-geral\/doencas\/apneia-obstrutiva-do-sono-em-criancas\/\" target=\"_blank\" rel=\"noopener\"><b>Sociedade Brasileira de Pneumologia e Tisiologia (SBPT)<\/b><\/a><span style=\"font-weight: 400;\">, cerca de 10% das crian\u00e7as roncam, mas somente cerca 1 a 3% delas t\u00eam apneia do sono.<\/span><\/p>\n<p><span style=\"font-weight: 400;\">A apneia pode afetar a qualidade de vida da crian\u00e7a. Por exemplo, pode elevar a press\u00e3o arterial (hipertens\u00e3o) e aumentar o risco de doen\u00e7a card\u00edaca e de morte. Al\u00e9m disso, por prejudicar o sono, a crian\u00e7a pode acabar indo mal na escola, perder o interesse em atividades que gosta, sofrer altera\u00e7\u00f5es de humor, etc.<\/span><\/p>\n<h2><b>Quais s\u00e3o os fatores de risco?<\/b><\/h2>\n<p><span style=\"font-weight: 400;\">Alguns aspectos tornam a apneia obstrutiva mais propensa em surgir nas crian\u00e7as. S\u00e3o eles:<\/span><\/p><div id=\"cpaps-3539645530\" class=\"cpaps-desktop-single-post-content cpaps-entity-placement\" style=\"margin-left: auto;margin-right: auto;text-align: center;\"><a data-no-instant=\"1\" href=\"https:\/\/www.cpaps.com.br\/mascaras?utm_source=blog&#038;utm_medium=banner&#038;utm_campaign=mascaras\" rel=\"noopener\" class=\"a2t-link\" target=\"_blank\" aria-label=\"Banner_desktop___Meio_de_pagina001\"><img loading=\"lazy\" decoding=\"async\" src=\"https:\/\/www.cpaps.com.br\/mundo-do-sono\/wp-content\/uploads\/2025\/03\/Banner_desktop___Meio_de_pagina001.webp\" alt=\"\"  srcset=\"https:\/\/www.cpaps.com.br\/mundo-do-sono\/wp-content\/uploads\/2025\/03\/Banner_desktop___Meio_de_pagina001.webp 1920w, https:\/\/www.cpaps.com.br\/mundo-do-sono\/wp-content\/uploads\/2025\/03\/Banner_desktop___Meio_de_pagina001-768x111.webp 768w, https:\/\/www.cpaps.com.br\/mundo-do-sono\/wp-content\/uploads\/2025\/03\/Banner_desktop___Meio_de_pagina001-1024x148.webp 1024w, https:\/\/www.cpaps.com.br\/mundo-do-sono\/wp-content\/uploads\/2025\/03\/Banner_desktop___Meio_de_pagina001-1536x222.webp 1536w\" sizes=\"(max-width: 1920px) 100vw, 1920px\" width=\"1920\" height=\"277\"   \/><\/a><\/div>\n<p><b>Am\u00edgdalas e\/ou adenoides grandes.<\/b><span style=\"font-weight: 400;\"> O fator de risco mais comum, am\u00edgdalas e\/ou adenoides grandes podem bloquear a via a\u00e9rea. Elas podem crescer e causar bloqueio na parte de tr\u00e1s da garganta, prejudicando a respira\u00e7\u00e3o.<\/span><\/p>\n<p><b>Obesidade<\/b><span style=\"font-weight: 400;\">. Assim como adultos, crian\u00e7as sobrepeso tamb\u00e9m s\u00e3o mais propensas a desenvolverem apneia obstrutiva.<\/span><\/p>\n<p><b>Problemas de t\u00f4nus muscular.<\/b><span style=\"font-weight: 400;\"> Os m\u00fasculos da garganta podem relaxar e bloquear a passagem de ar. Geralmente, pessoas (tanto adultos quanto crian\u00e7as) com condi\u00e7\u00f5es de distrofia muscular ou paralisia cerebral podem ser prejudicadas por este fator.<\/span><\/p>\n<p><b>S\u00edndromes gen\u00e9ticas.<\/b><span style=\"font-weight: 400;\"> Crian\u00e7as com s\u00edndrome de Down e Prader-Willi tamb\u00e9m s\u00e3o mais propensas a desenvolver apneia obstrutiva. Uma das poss\u00edveis causas para isso \u00e9 o fato de que crian\u00e7as que apresentam a trissomia passam per\u00edodos diferentes em cada <\/span><a href=\"https:\/\/www.cpaps.com.br\/blog\/apneia-e-os-estagios-sono\/\"><b>est\u00e1gio do sono<\/b><\/a><span style=\"font-weight: 400;\">.<\/span><\/p>\n<p><a href=\"https:\/\/www.cpaps.com.br\/blog\/cpap-tambem-pode-ajudar-criancas-com-sindrome-de-down-entenda\/\"><b>+ Entenda como a m\u00e1scara CPAP pode ajudar crian\u00e7as com S\u00edndrome de Down<\/b><\/a><\/p>\n<p><b>Anormalidades da face ou garganta.<\/b><span style=\"font-weight: 400;\"> O formato da face ou da garganta influenciam na respira\u00e7\u00e3o. Por exemplo, queixou ou garganta pequenos, l\u00edngua grande ou uma fenda no c\u00e9u da boca podem provocar a apneia obstrutiva.<\/span><\/p>\n<p><b>Problemas no controle da respira\u00e7\u00e3o e hist\u00f3rico familiar.<\/b><span style=\"font-weight: 400;\"> Problemas neurol\u00f3gicos podem afetar a respira\u00e7\u00e3o durante o sono, assim como o hist\u00f3rico familiar tamb\u00e9m pode dizer se a crian\u00e7a tem a tend\u00eancia de desenvolver a apneia obstrutiva.<\/span><\/p>\n<h2><b>Qual a m\u00e1scara CPAP ideal para crian\u00e7as?<\/b><\/h2>\n<p><span style=\"font-weight: 400;\">A <\/span><a href=\"https:\/\/www.cpaps.com.br\/mascara-nasal-wisp-pediatrica-philips-respironics\"><b>m\u00e1scara nasal Wisp Pedi\u00e1trica<\/b><\/a><span style=\"font-weight: 400;\"> \u00e9 uma vers\u00e3o pedi\u00e1trica da popular m\u00e1scara Wisp da Philips Respironics, com design de girafa para ajudar as crian\u00e7as a se acostumarem melhor \u00e0 terapia CPAP. Esta m\u00e1scara \u00e9 projetada para atender crian\u00e7as a partir de 10kg. Tr\u00eas tamanhos de almofadas est\u00e3o inclu\u00eddas: pequeno, m\u00e9dio e grande.<\/span><\/p>\n<h3><b>LEIA TAMB\u00c9M<\/b><\/h3>\n<p><a href=\"https:\/\/www.cpaps.com.br\/blog\/5-dicas-para-parar-de-roncar\/\"><b>+ 5 dicas para parar de roncar<\/b><\/a><\/p>\n<p><a href=\"https:\/\/www.cpaps.com.br\/blog\/quem-ronca-tem-apneia-do-sono\/\"><b>+ Quem ronca tem apneia do sono?<\/b><\/a><\/p>\n\n\n<div class=\"kk-star-ratings kksr-auto kksr-align-center kksr-valign-bottom\"\n    data-payload='{&quot;align&quot;:&quot;center&quot;,&quot;id&quot;:&quot;10217&quot;,&quot;slug&quot;:&quot;default&quot;,&quot;valign&quot;:&quot;bottom&quot;,&quot;ignore&quot;:&quot;&quot;,&quot;reference&quot;:&quot;auto&quot;,&quot;class&quot;:&quot;&quot;,&quot;count&quot;:&quot;0&quot;,&quot;legendonly&quot;:&quot;&quot;,&quot;readonly&quot;:&quot;&quot;,&quot;score&quot;:&quot;0&quot;,&quot;starsonly&quot;:&quot;&quot;,&quot;best&quot;:&quot;5&quot;,&quot;gap&quot;:&quot;5&quot;,&quot;greet&quot;:&quot;Avalie este post&quot;,&quot;legend&quot;:&quot;0\\\/5 - (0 voto)&quot;,&quot;size&quot;:&quot;24&quot;,&quot;title&quot;:&quot;Fatores de risco para apneia do sono em crian\u00e7as&quot;,&quot;width&quot;:&quot;0&quot;,&quot;_legend&quot;:&quot;{score}\\\/{best} - ({count} {votes})&quot;,&quot;font_factor&quot;:&quot;1.25&quot;}'>\n            \n<div class=\"kksr-stars\">\n    \n<div class=\"kksr-stars-inactive\">\n            <div class=\"kksr-star\" data-star=\"1\" style=\"padding-right: 5px\">\n            \n\n<div class=\"kksr-icon\" style=\"width: 24px; height: 24px;\"><\/div>\n        <\/div>\n            <div class=\"kksr-star\" data-star=\"2\" style=\"padding-right: 5px\">\n            \n\n<div class=\"kksr-icon\" style=\"width: 24px; height: 24px;\"><\/div>\n        <\/div>\n            <div class=\"kksr-star\" data-star=\"3\" style=\"padding-right: 5px\">\n            \n\n<div class=\"kksr-icon\" style=\"width: 24px; height: 24px;\"><\/div>\n        <\/div>\n            <div class=\"kksr-star\" data-star=\"4\" style=\"padding-right: 5px\">\n            \n\n<div class=\"kksr-icon\" style=\"width: 24px; height: 24px;\"><\/div>\n        <\/div>\n            <div class=\"kksr-star\" data-star=\"5\" style=\"padding-right: 5px\">\n            \n\n<div class=\"kksr-icon\" style=\"width: 24px; height: 24px;\"><\/div>\n        <\/div>\n    <\/div>\n    \n<div class=\"kksr-stars-active\" style=\"width: 0px;\">\n            <div class=\"kksr-star\" style=\"padding-right: 5px\">\n            \n\n<div class=\"kksr-icon\" style=\"width: 24px; height: 24px;\"><\/div>\n        <\/div>\n            <div class=\"kksr-star\" style=\"padding-right: 5px\">\n            \n\n<div class=\"kksr-icon\" style=\"width: 24px; height: 24px;\"><\/div>\n        <\/div>\n            <div class=\"kksr-star\" style=\"padding-right: 5px\">\n            \n\n<div class=\"kksr-icon\" style=\"width: 24px; height: 24px;\"><\/div>\n        <\/div>\n            <div class=\"kksr-star\" style=\"padding-right: 5px\">\n            \n\n<div class=\"kksr-icon\" style=\"width: 24px; height: 24px;\"><\/div>\n        <\/div>\n            <div class=\"kksr-star\" style=\"padding-right: 5px\">\n            \n\n<div class=\"kksr-icon\" style=\"width: 24px; height: 24px;\"><\/div>\n        <\/div>\n    <\/div>\n<\/div>\n                \n\n<div class=\"kksr-legend\" style=\"font-size: 19.2px;\">\n            <span class=\"kksr-muted\">Avalie este post<\/span>\n    <\/div>\n    <\/div>\n","protected":false},"excerpt":{"rendered":"<p>Crian\u00e7as, assim como adultos, tamb\u00e9m podem sofrer de dist\u00farbios do sono. Especificamente, a apneia obstrutiva \u00e9 um problema frequentemente n\u00e3o reconhecido durante a inf\u00e2ncia. No entanto, \u00e9 fundamental reconhec\u00ea-la para que o desenvolvimento da crian\u00e7a n\u00e3o seja prejudicado.\u00a0 O que \u00e9 a apneia e como ela atinge crian\u00e7as? A apneia obstrutiva caracteriza-se pela para parada [&hellip;]<\/p>\n","protected":false},"author":69,"featured_media":10222,"comment_status":"open","ping_status":"closed","sticky":false,"template":"","format":"standard","meta":{"_acf_changed":false,"_gspb_post_css":"","footnotes":"","rank_math_title":"","rank_math_description":"","rank_math_focus_keyword":"apneia em crian\u00e7as","rank_math_canonical_url":"","rank_math_robots":null,"rank_math_advanced_robots":"","rank_math_facebook_title":"","rank_math_facebook_description":"","rank_math_facebook_image":"","rank_math_facebook_image_id":"","rank_math_twitter_title":"","rank_math_twitter_description":"","rank_math_twitter_image":"","rank_math_twitter_card_type":"","rank_math_schema_Article":"","rank_math_schema_FAQPage":"","rank_math_schema_HowTo":"","rank_math_rich_snippet":"","rank_math_primary_category":"","rank_math_seo_score":"","rank_math_internal_links_processed":"1"},"categories":[1629,1631],"tags":[8,422],"class_list":["post-10217","post","type-post","status-publish","format-standard","has-post-thumbnail","hentry","category-disturbios-do-sono","category-insonia","tag-apneia","tag-crianca"],"blocksy_meta":{"styles_descriptor":{"styles":{"desktop":"","tablet":"","mobile":""},"google_fonts":[],"version":7}},"acf":[],"_links":{"self":[{"href":"https:\/\/www.cpaps.com.br\/mundo-do-sono\/wp-json\/wp\/v2\/posts\/10217","targetHints":{"allow":["GET"]}}],"collection":[{"href":"https:\/\/www.cpaps.com.br\/mundo-do-sono\/wp-json\/wp\/v2\/posts"}],"about":[{"href":"https:\/\/www.cpaps.com.br\/mundo-do-sono\/wp-json\/wp\/v2\/types\/post"}],"author":[{"embeddable":true,"href":"https:\/\/www.cpaps.com.br\/mundo-do-sono\/wp-json\/wp\/v2\/users\/69"}],"replies":[{"embeddable":true,"href":"https:\/\/www.cpaps.com.br\/mundo-do-sono\/wp-json\/wp\/v2\/comments?post=10217"}],"version-history":[{"count":1,"href":"https:\/\/www.cpaps.com.br\/mundo-do-sono\/wp-json\/wp\/v2\/posts\/10217\/revisions"}],"predecessor-version":[{"id":20156,"href":"https:\/\/www.cpaps.com.br\/mundo-do-sono\/wp-json\/wp\/v2\/posts\/10217\/revisions\/20156"}],"wp:featuredmedia":[{"embeddable":true,"href":"https:\/\/www.cpaps.com.br\/mundo-do-sono\/wp-json\/wp\/v2\/media\/10222"}],"wp:attachment":[{"href":"https:\/\/www.cpaps.com.br\/mundo-do-sono\/wp-json\/wp\/v2\/media?parent=10217"}],"wp:term":[{"taxonomy":"category","embeddable":true,"href":"https:\/\/www.cpaps.com.br\/mundo-do-sono\/wp-json\/wp\/v2\/categories?post=10217"},{"taxonomy":"post_tag","embeddable":true,"href":"https:\/\/www.cpaps.com.br\/mundo-do-sono\/wp-json\/wp\/v2\/tags?post=10217"}],"curies":[{"name":"wp","href":"https:\/\/api.w.org\/{rel}","templated":true}]}}